{"id":143727,"date":"2019-07-10T17:54:25","date_gmt":"2019-07-10T15:54:25","guid":{"rendered":"https:\/\/www.iphone-ticker.de\/?p=143727"},"modified":"2019-07-11T14:57:19","modified_gmt":"2019-07-11T12:57:19","slug":"airpods-die-3-generation-soll-wasserdicht-werden","status":"publish","type":"post","link":"https:\/\/www.iphone-ticker.de\/airpods-die-3-generation-soll-wasserdicht-werden-143727\/","title":{"rendered":"AirPods: Die 3. Generation soll wasserdicht werden"},"content":{"rendered":"<p>Apples soll noch in diesem Jahr eine wasserdichte, dritte Generation der <a href=\"https:\/\/apple.sjv.io\/qBXdg\">AirPods<\/a> auf den Markt bringen. Mit Daniel Ives schie\u00dft sich ein weiterer Branchenbeobachter auf diesen bereits von mehreren seiner Analystenkollegen ausgerufenen Zeitplan ein.<\/p>\n<p><a href=\"https:\/\/images.iphone-ticker.de\/wp-content\/uploads\/2019\/02\/airpods.jpg\"><img loading=\"lazy\" decoding=\"async\" class=\"alignnone size-full wp-image-137272\" src=\"https:\/\/images.iphone-ticker.de\/wp-content\/uploads\/2019\/02\/airpods.jpg\" alt=\"Airpods\" width=\"500\" height=\"417\" \/><\/a><\/p>\n<blockquote><p>Wir erwarten, dass die neue Version 3 der AirPods gegen Ende des Jahres vor der Weihnachtszeit eingef\u00fchrt wird. Diese AirPods werden voraussichtlich einige Designverbesserungen aufweisen und wasserdicht, aber auch mit h\u00f6heren Preisen versehen sein.<br \/>\n-Via <a href=\"https:\/\/www.ped30.com\/2019\/07\/08\/wedbush-incrementally-positive-apple\/\">Philip Elmer-DeWitt<\/a><\/p><\/blockquote>\n<p>Die erste Generation der AirPods wurde im September 2016 vorgestellt und kam drei Monate sp\u00e4ter in den Handel. Die technisch verbesserte und auch mit kabellosem Ladecase erh\u00e4ltliche zweite Generation gibt es seit diesem Fr\u00fchjahr. Sollten sich die Voraussagen bewahrheiten, so k\u00e4me der Sprung von Generation 2 auf 3 beinahe \u00fcberraschend fr\u00fch. Allerdings scheint eine Ank\u00fcndigung gemeinsam mit den diesj\u00e4hrigen iPhone-Modellen und eine Markteinf\u00fchrung rechtzeitig zur umsatztr\u00e4chtigen Weihnachtssaison durchaus denkbar.<\/p>\n<p>Der mit seinen Prognosen derzeit ausgesprochen treffsichere Analyst Ming-Chi Kuo hat bereits vor zwei Monaten zum Besten gegeben, dass Apple gegen Jahresende zwei neue AirPods-Varianten in den Handel bringt, eine davon zu h\u00f6heren Preisen und in diesem Zusammenhang auch ein neues Verpackungsdesign prognostiziert. Der mittlerweile Massenartikel soll k\u00fcnftig weniger aufw\u00e4ndig und stattdessen kosteng\u00fcnstiger und platzsparender verpackt sein.<\/p>\n<p><h8>via <a href=\"https:\/\/www.macrumors.com\/2019\/07\/09\/airpods-3-water-resistance-release-date-rumor\/\">MacRumors<\/a><\/h8><\/p>\n","protected":false},"excerpt":{"rendered":"<a href=\"https:\/\/www.iphone-ticker.de\/airpods-die-3-generation-soll-wasserdicht-werden-143727\/\"><img width=\"150\" height=\"150\" src=\"https:\/\/images.iphone-ticker.de\/wp-content\/uploads\/2019\/07\/airpods-packung-150x150.jpg\" class=\"alignright tfe wp-post-image\" alt=\"Airpods Packung\" decoding=\"async\" loading=\"lazy\" \/><\/a><p>Apples soll noch in diesem Jahr eine wasserdichte, dritte Generation der AirPods auf den Markt bringen. Mit Daniel Ives schie\u00dft sich ein weiterer Branchenbeobachter auf diesen bereits von mehreren seiner Analystenkollegen ausgerufenen Zeitplan ein. Wir erwarten, dass die neue Version 3 der AirPods gegen Ende des Jahres vor der Weihnachtszeit eingef\u00fchrt wird. Diese AirPods werden [&hellip;]<\/p>\n","protected":false},"author":2,"featured_media":143729,"comment_status":"open","ping_status":"closed","sticky":false,"template":"","format":"standard","meta":{"footnotes":""},"categories":[1,1975],"tags":[3567,2064,3910],"class_list":["post-143727","post","type-post","status-publish","format-standard","has-post-thumbnail","hentry","category-news","category-feature","tag-airpods","tag-geruechte","tag-rumors"],"aioseo_notices":[],"subheadline":["\"Noch in diesem Jahr\""],"featured_image":["https:\/\/images.iphone-ticker.de\/wp-content\/uploads\/2019\/07\/airpods-packung.jpg"],"rest_api_enabler":{"subheadline":"\"Noch in diesem Jahr\"","featured_image":"https:\/\/images.iphone-ticker.de\/wp-content\/uploads\/2019\/07\/airpods-packung.jpg"},"_links":{"self":[{"href":"https:\/\/www.iphone-ticker.de\/apiv2\/wp\/v2\/posts\/143727","targetHints":{"allow":["GET"]}}],"collection":[{"href":"https:\/\/www.iphone-ticker.de\/apiv2\/wp\/v2\/posts"}],"about":[{"href":"https:\/\/www.iphone-ticker.de\/apiv2\/wp\/v2\/types\/post"}],"author":[{"embeddable":true,"href":"https:\/\/www.iphone-ticker.de\/apiv2\/wp\/v2\/users\/2"}],"replies":[{"embeddable":true,"href":"https:\/\/www.iphone-ticker.de\/apiv2\/wp\/v2\/comments?post=143727"}],"version-history":[{"count":3,"href":"https:\/\/www.iphone-ticker.de\/apiv2\/wp\/v2\/posts\/143727\/revisions"}],"predecessor-version":[{"id":143781,"href":"https:\/\/www.iphone-ticker.de\/apiv2\/wp\/v2\/posts\/143727\/revisions\/143781"}],"wp:featuredmedia":[{"embeddable":true,"href":"https:\/\/www.iphone-ticker.de\/apiv2\/wp\/v2\/media\/143729"}],"wp:attachment":[{"href":"https:\/\/www.iphone-ticker.de\/apiv2\/wp\/v2\/media?parent=143727"}],"wp:term":[{"taxonomy":"category","embeddable":true,"href":"https:\/\/www.iphone-ticker.de\/apiv2\/wp\/v2\/categories?post=143727"},{"taxonomy":"post_tag","embeddable":true,"href":"https:\/\/www.iphone-ticker.de\/apiv2\/wp\/v2\/tags?post=143727"}],"curies":[{"name":"wp","href":"https:\/\/api.w.org\/{rel}","templated":true}]}}