{"id":143529,"date":"2019-07-05T15:41:51","date_gmt":"2019-07-05T13:41:51","guid":{"rendered":"https:\/\/www.iphone-ticker.de\/?p=143529"},"modified":"2019-07-05T15:48:29","modified_gmt":"2019-07-05T13:48:29","slug":"sony-wf-1000xm3-komplett-kabellose-in-ears-mit-geraeuschminimierung","status":"publish","type":"post","link":"https:\/\/www.iphone-ticker.de\/sony-wf-1000xm3-komplett-kabellose-in-ears-mit-geraeuschminimierung-143529\/","title":{"rendered":"Sony WF-1000XM3: Komplett kabellose In-Ears mit Ger\u00e4uschminimierung"},"content":{"rendered":"<p>Sony bietet mit den neuen Ohrh\u00f6rern <a href=\"https:\/\/www.sony.de\/electronics\/truly-wireless\/wf-1000xm3\">WF-1000XM3<\/a> eine ebenfalls komplett kabellose, aber zudem mit aktiver Ger\u00e4uschminimierung ausgestattete Alternative zu den AirPods.<\/p>\n<p>Die aktive Ger\u00e4uschunterdr\u00fcckung bewerkstelligt Sony unter Einsatz des hauseigenen HD-Ger\u00e4uschminimierungsprozessors QN1e. Jeweils ein nach vorne und nach hinten ausgerichtetes Mikrofon erfasst die Umgebungsger\u00e4usche, die dann durch den Sony-Chip minimiert werden, wie das technisch vonstatten geht, erkl\u00e4rt <a href=\"https:\/\/de.wikipedia.org\/wiki\/Ger%C3%A4uschreduzierender_Kopfh%C3%B6rer\">Wikipedia<\/a>.<\/p>\n<p><a href=\"https:\/\/images.iphone-ticker.de\/wp-content\/uploads\/2019\/07\/Sony-WF-1000XM3-schwarz-1.jpg\"><img loading=\"lazy\" decoding=\"async\" src=\"https:\/\/images.iphone-ticker.de\/wp-content\/uploads\/2019\/07\/Sony-WF-1000XM3-schwarz-1-500x368.jpg\" alt=\"Sony WF 1000XM3 Schwarz\" width=\"500\" height=\"368\" class=\"alignnone size-medium wp-image-143544\" srcset=\"https:\/\/images.iphone-ticker.de\/wp-content\/uploads\/2019\/07\/Sony-WF-1000XM3-schwarz-1-500x368.jpg 500w, https:\/\/images.iphone-ticker.de\/wp-content\/uploads\/2019\/07\/Sony-WF-1000XM3-schwarz-1-700x515.jpg 700w, https:\/\/images.iphone-ticker.de\/wp-content\/uploads\/2019\/07\/Sony-WF-1000XM3-schwarz-1.jpg 827w\" sizes=\"auto, (max-width: 500px) 100vw, 500px\" \/><\/a><\/p>\n<p>Eine 6-mm-Treibereinheit soll in Kombination mit einem in den QN1e-Chip integrierten D\/A-Wandler f\u00fcr perfekten Klang der In-Ears sorgen. Dabei arbeiten beide H\u00f6rer jeweils unabh\u00e4ngig von einander und empfangen auch das Audiosignal jeder f\u00fcr sich.<\/p>\n<p>Sony nennt eine eindrucksvolle Akkulaufzeit von bis zu sechs Stunden f\u00fcr die H\u00f6rer, in Kombination mit dem mitgelieferten Ladeetui bis zu 24 Stunden. Dies sei aufgrund der extrem stromsparenden Eigenschaften des verbauten Prozessors m\u00f6glich. Bei ausgeschalteter Ger\u00e4uschminimierung verl\u00e4ngert sich die Akkulaufzeit sogar auf bis zu acht Stunden. Zudem lassen sich die H\u00f6rer in nur zehn Minuten f\u00fcr weitere anderthalb Stunden betanken.<\/p>\n<p><a href=\"https:\/\/images.iphone-ticker.de\/wp-content\/uploads\/2019\/07\/Sony-WF-1000XM3-silber-im-Etui.jpg\"><img loading=\"lazy\" decoding=\"async\" src=\"https:\/\/images.iphone-ticker.de\/wp-content\/uploads\/2019\/07\/Sony-WF-1000XM3-silber-im-Etui-700x418.jpg\" alt=\"Sony WF 1000XM3 Silber Im Etui\" width=\"700\" height=\"418\" class=\"alignnone size-large wp-image-143541\" srcset=\"https:\/\/images.iphone-ticker.de\/wp-content\/uploads\/2019\/07\/Sony-WF-1000XM3-silber-im-Etui-700x418.jpg 700w, https:\/\/images.iphone-ticker.de\/wp-content\/uploads\/2019\/07\/Sony-WF-1000XM3-silber-im-Etui-500x298.jpg 500w, https:\/\/images.iphone-ticker.de\/wp-content\/uploads\/2019\/07\/Sony-WF-1000XM3-silber-im-Etui.jpg 893w\" sizes=\"auto, (max-width: 700px) 100vw, 700px\" \/><\/a><\/p>\n<p>Die neuen Sony-H\u00f6rer haben wie Apples AirPods auch einen N\u00e4herungssensor integriert. Auf diese Weise wird nicht nur erkannt, ob gerade einer oder zwei der H\u00f6rer getragen werden, sondern kann auch die Wiedergabe beim Entfernen eines H\u00f6rers automatisch pausiert und umgekehrt wieder aktiviert werden.<\/p>\n<p><a href=\"https:\/\/images.iphone-ticker.de\/wp-content\/uploads\/2019\/07\/Sony-WF-1000XM3-silber-im-Ohr-1.jpg\"><img loading=\"lazy\" decoding=\"async\" src=\"https:\/\/images.iphone-ticker.de\/wp-content\/uploads\/2019\/07\/Sony-WF-1000XM3-silber-im-Ohr-1-700x435.jpg\" alt=\"Sony WF 1000XM3 Silber Im Ohr\" width=\"700\" height=\"435\" class=\"alignnone size-large wp-image-143540\" srcset=\"https:\/\/images.iphone-ticker.de\/wp-content\/uploads\/2019\/07\/Sony-WF-1000XM3-silber-im-Ohr-1-700x435.jpg 700w, https:\/\/images.iphone-ticker.de\/wp-content\/uploads\/2019\/07\/Sony-WF-1000XM3-silber-im-Ohr-1-500x310.jpg 500w, https:\/\/images.iphone-ticker.de\/wp-content\/uploads\/2019\/07\/Sony-WF-1000XM3-silber-im-Ohr-1.jpg 1200w\" sizes=\"auto, (max-width: 700px) 100vw, 700px\" \/><\/a><\/p>\n<p>Die Sony WF-1000XM3 k\u00f6nnen \u00fcber ein Touchfeld bedient werden. F\u00fcr erweiterte Einstellungen wie die Anpassung der Ber\u00fchrungssteuerung oder einen Equalizer bietet Sony eine begleitende Smartphone-App an. Dar\u00fcber hinaus l\u00e4sst sich auch der Google Assistant f\u00fcr die Ohrh\u00f6rer aktivieren und nutzen.<\/p>\n<p>Die neuen Ohrh\u00f6rer lassen sich ab sofort in den Farben Schwarz und Silber <a rel=\"noindex, nofollow\" href=\"http:\/\/www.ifun.de\/amzn\/B07T2FGG2Z\">zum Preis von 249 Euro<\/a> vorbestellen und sollen vom 9. August an erh\u00e4ltlich sein.<img loading=\"lazy\" decoding=\"async\" src=\"https:\/\/vg01.met.vgwort.de\/na\/0960e8cccf7f4741a5ac1b18d1d61ab2\" width=\"1\" height=\"1\" class=\"tracking\"><\/p>\n<p><div class=\"responsive-video\"><iframe loading=\"lazy\" width=\"700\" height=\"315\" src=\"https:\/\/www.youtube-nocookie.com\/embed\/Vu36eoC50i0\" frameborder=\"0\" allow=\"accelerometer; autoplay; encrypted-media; gyroscope; picture-in-picture\" allowfullscreen><\/iframe><\/div><\/p>\n<script>\r\n  function open_amazon(link) {\r\n    if (navigator.userAgent.indexOf(\"Firefox\") != -1) {\r\n      window.open(link, '_blank');\r\n    } else {\r\n      var tag = document.createElement('a');\r\n      tag.setAttribute('href', link);\r\n      tag.innerHTML = \"amzn\";\r\n      tag.click();\r\n    }\r\n  }\r\n<\/script>\r\n    <div id=\"article-single-amazon-preview\" onclick=\"return open_amazon('https:\/\/www.amazon.de\/dp\/B07T2FGG2Z?tag=musicweb02&linkCode=ogi&th=1&psc=1');\">\n  <div id=\"article-single-amazon-preview-header\">\n    <span class=\"title\">Produkthinweis<\/span>\n      <\/div>\n  <div id=\"article-single-amazon-preview-content\">\n    <div id=\"article-single-amazon-preview-img\" style=\"background: url('https:\/\/m.media-amazon.com\/images\/I\/31GXSy1N4ZL.jpg') center center no-repeat; background-size: cover;\"><\/div>\n    <div id=\"article-single-amazon-preview-desc\">\n      <span class=\"bezeichnung\"><a href=\"https:\/\/www.amazon.de\/dp\/B07T2FGG2Z?tag=musicweb02&linkCode=ogi&th=1&psc=1\" style=\"text-decoration: none; border-bottom: 0px; box-shadow: none;\">Sony WF-1000XM3 vollkommen kabellose Bluetooth Kopfh\u00f6rer \/ Earbuds mit aktiver Ger\u00e4uschunterdr\u00fcckung zum Telefonieren...<\/a><\/span>\n      <span class=\"preis--aktuell\"><\/span>\n      <span class=\"preis--alt\"><\/span>\n    <\/div>\n  <\/div>\n<\/div>\n","protected":false},"excerpt":{"rendered":"<a href=\"https:\/\/www.iphone-ticker.de\/sony-wf-1000xm3-komplett-kabellose-in-ears-mit-geraeuschminimierung-143529\/\"><img width=\"150\" height=\"150\" src=\"https:\/\/images.iphone-ticker.de\/wp-content\/uploads\/2019\/07\/Sony-WF-1000XM3-schwarz-lifestyle-150x150.jpg\" class=\"alignright tfe wp-post-image\" alt=\"Sony WF 1000XM3 Schwarz Lifestyle\" decoding=\"async\" loading=\"lazy\" \/><\/a><p>Sony bietet mit den neuen Ohrh\u00f6rern WF-1000XM3 eine ebenfalls komplett kabellose, aber zudem mit aktiver Ger\u00e4uschminimierung ausgestattete Alternative zu den AirPods. Die aktive Ger\u00e4uschunterdr\u00fcckung bewerkstelligt Sony unter Einsatz des hauseigenen HD-Ger\u00e4uschminimierungsprozessors QN1e. Jeweils ein nach vorne und nach hinten ausgerichtetes Mikrofon erfasst die Umgebungsger\u00e4usche, die dann durch den Sony-Chip minimiert werden, wie das technisch vonstatten [&hellip;]<\/p>\n","protected":false},"author":2,"featured_media":143534,"comment_status":"open","ping_status":"closed","sticky":false,"template":"","format":"standard","meta":{"footnotes":""},"categories":[1],"tags":[208,593],"class_list":["post-143529","post","type-post","status-publish","format-standard","has-post-thumbnail","hentry","category-news","tag-ohrhorer","tag-sony"],"aioseo_notices":[],"subheadline":["Alternative zu den AirPods"],"featured_image":["https:\/\/images.iphone-ticker.de\/wp-content\/uploads\/2019\/07\/Sony-WF-1000XM3-schwarz-lifestyle.jpg"],"rest_api_enabler":{"subheadline":"Alternative zu den AirPods","featured_image":"https:\/\/images.iphone-ticker.de\/wp-content\/uploads\/2019\/07\/Sony-WF-1000XM3-schwarz-lifestyle.jpg"},"_links":{"self":[{"href":"https:\/\/www.iphone-ticker.de\/apiv2\/wp\/v2\/posts\/143529","targetHints":{"allow":["GET"]}}],"collection":[{"href":"https:\/\/www.iphone-ticker.de\/apiv2\/wp\/v2\/posts"}],"about":[{"href":"https:\/\/www.iphone-ticker.de\/apiv2\/wp\/v2\/types\/post"}],"author":[{"embeddable":true,"href":"https:\/\/www.iphone-ticker.de\/apiv2\/wp\/v2\/users\/2"}],"replies":[{"embeddable":true,"href":"https:\/\/www.iphone-ticker.de\/apiv2\/wp\/v2\/comments?post=143529"}],"version-history":[{"count":10,"href":"https:\/\/www.iphone-ticker.de\/apiv2\/wp\/v2\/posts\/143529\/revisions"}],"predecessor-version":[{"id":143545,"href":"https:\/\/www.iphone-ticker.de\/apiv2\/wp\/v2\/posts\/143529\/revisions\/143545"}],"wp:featuredmedia":[{"embeddable":true,"href":"https:\/\/www.iphone-ticker.de\/apiv2\/wp\/v2\/media\/143534"}],"wp:attachment":[{"href":"https:\/\/www.iphone-ticker.de\/apiv2\/wp\/v2\/media?parent=143529"}],"wp:term":[{"taxonomy":"category","embeddable":true,"href":"https:\/\/www.iphone-ticker.de\/apiv2\/wp\/v2\/categories?post=143529"},{"taxonomy":"post_tag","embeddable":true,"href":"https:\/\/www.iphone-ticker.de\/apiv2\/wp\/v2\/tags?post=143529"}],"curies":[{"name":"wp","href":"https:\/\/api.w.org\/{rel}","templated":true}]}}