{"id":143427,"date":"2019-07-04T13:24:35","date_gmt":"2019-07-04T11:24:35","guid":{"rendered":"https:\/\/www.iphone-ticker.de\/?p=143427"},"modified":"2019-07-04T14:27:20","modified_gmt":"2019-07-04T12:27:20","slug":"ikea-symfonisk-die-infos-zur-ikea-sonos-kooperation-im-ueberblick","status":"publish","type":"post","link":"https:\/\/www.iphone-ticker.de\/ikea-symfonisk-die-infos-zur-ikea-sonos-kooperation-im-ueberblick-143427\/","title":{"rendered":"IKEA SYMFONISK: Die Infos zur IKEA-Sonos-Kooperation im \u00dcberblick"},"content":{"rendered":"<p><a href=\"https:\/\/www.ikea.com\/de\/\">IKEA<\/a> k\u00fcndigt den Verkaufsstart der in Kooperation mit Sonos entwickelten Lautsprecherreihe <a href=\"https:\/\/www.ikea.com\/de\/de\/news\/symfonisk-regal-wifi-speaker-und-tischleuchte-mit-wifi-speaker-pub0f4bd579\">SYMFONISK<\/a> noch einmal offiziell f\u00fcr August an. Wenngleich die umfangreiche Pressemitteilung zum Thema keine grunds\u00e4tzlich neuen Erkenntnisse bietet &#8211; wir haben die wesentlichen Infos im Laufe der vergangenen Monate schon h\u00e4ppchenweise eingesammelt &#8211; jetzt gibt\u2019s noch einmal alle wesentlichen Fakten im \u00dcberblick.<\/p>\n<p><a href=\"https:\/\/images.iphone-ticker.de\/wp-content\/uploads\/2019\/07\/ikea-SYMFONISK-tischleuchte.jpg\"><img loading=\"lazy\" decoding=\"async\" src=\"https:\/\/images.iphone-ticker.de\/wp-content\/uploads\/2019\/07\/ikea-SYMFONISK-tischleuchte.jpg\" alt=\"Ikea SYMFONISK Tischleuchte\" width=\"500\" height=\"607\" class=\"alignnone size-full wp-image-143431\" srcset=\"https:\/\/images.iphone-ticker.de\/wp-content\/uploads\/2019\/07\/ikea-SYMFONISK-tischleuchte.jpg 1000w, https:\/\/images.iphone-ticker.de\/wp-content\/uploads\/2019\/07\/ikea-SYMFONISK-tischleuchte-412x500.jpg 412w, https:\/\/images.iphone-ticker.de\/wp-content\/uploads\/2019\/07\/ikea-SYMFONISK-tischleuchte-577x700.jpg 577w\" sizes=\"auto, (max-width: 500px) 100vw, 500px\" \/><\/a><\/p>\n<p>Zum Start wird IKEA von August an einen Regal-Lautsprecher und eine Tischleuchte aus der SYMFONISK-Kollektion anbieten &#8211; und zwar sowohl online, als auch in den Filialen. Bei den Farben der Ger\u00e4te kann man zwischen Schwarz und Wei\u00df w\u00e4hlen, der Regal-Lautsprecher wird 99 Euro und die Tischleuchte 179 Euro kosten.<\/p>\n<p><h5>Kompatibel mit Sonos und AirPlay 2<\/h5>\n<p>Die Lautsprecher kommunizieren \u00fcber WLAN und lassen sich als vollwertige Komponente in Sonos-Systeme einbinden. Die Bedienung erfolgt zun\u00e4chst ausschlie\u00dflich \u00fcber die Sonos-App, alternativ k\u00f6nnen die SYMFONISK-Lautsprecher auch \u00fcber AirPlay 2 angesprochen und in Multiroom-Systeme eingebunden werden. <\/p>\n<p>Laut IKEA lassen sich die Tischleuchte und der Regal-Speaker auch als Stereo- oder hintere Lautsprecher in einem Heimkino-Setup einsetzen.<\/p>\n<p><a href=\"https:\/\/images.iphone-ticker.de\/wp-content\/uploads\/2019\/07\/ikea-SYMFONISK-tischleuchte-weiss.jpg\"><img loading=\"lazy\" decoding=\"async\" src=\"https:\/\/images.iphone-ticker.de\/wp-content\/uploads\/2019\/07\/ikea-SYMFONISK-tischleuchte-weiss-700x467.jpg\" alt=\"Ikea SYMFONISK Tischleuchte Weiss\" width=\"700\" height=\"467\" class=\"alignnone size-large wp-image-143433\" srcset=\"https:\/\/images.iphone-ticker.de\/wp-content\/uploads\/2019\/07\/ikea-SYMFONISK-tischleuchte-weiss-700x467.jpg 700w, https:\/\/images.iphone-ticker.de\/wp-content\/uploads\/2019\/07\/ikea-SYMFONISK-tischleuchte-weiss-500x334.jpg 500w, https:\/\/images.iphone-ticker.de\/wp-content\/uploads\/2019\/07\/ikea-SYMFONISK-tischleuchte-weiss.jpg 1000w\" sizes=\"auto, (max-width: 700px) 100vw, 700px\" \/><\/a><\/p>\n<p>IKEA will im Herbst dann weitere Steuerungsm\u00f6glichkeiten anbieten. So sollen die Lautsprecher nicht nur voll in die <a href=\"https:\/\/www.iphone-ticker.de\/ikea-trdfri-heisst-jetzt-ikea-home-smart-143278\/\" title=\"IKEA TR\u00c5DFRI hei\u00dft jetzt IKEA Home smart\">neue Smarthome-App<\/a> des Unternehmens integriert werden, sondern wird k\u00fcnftig zum Preis von 14,99 Euro auch eine eigene Fernbedienung angeboten.<\/p>\n<p>Die Tischleuchte verf\u00fcgt \u00fcber eine Standardfassung f\u00fcr E12- bzw. E14-Lampen und l\u00e4sst sich dementsprechend wahlweise mit gew\u00f6hnlichen Leuchtmitteln oder \u201esmarten\u201c Lampen von IKEA oder anderen Systemen wie Philips Hue best\u00fccken.<\/p>\n","protected":false},"excerpt":{"rendered":"<a href=\"https:\/\/www.iphone-ticker.de\/ikea-symfonisk-die-infos-zur-ikea-sonos-kooperation-im-ueberblick-143427\/\"><img width=\"150\" height=\"150\" src=\"https:\/\/images.iphone-ticker.de\/wp-content\/uploads\/2019\/07\/ikea-SYMFONISK-tischleuchte-weiss-150x150.jpg\" class=\"alignright tfe wp-post-image\" alt=\"Ikea SYMFONISK Tischleuchte Weiss\" decoding=\"async\" loading=\"lazy\" \/><\/a><p>IKEA k\u00fcndigt den Verkaufsstart der in Kooperation mit Sonos entwickelten Lautsprecherreihe SYMFONISK noch einmal offiziell f\u00fcr August an. Wenngleich die umfangreiche Pressemitteilung zum Thema keine grunds\u00e4tzlich neuen Erkenntnisse bietet &#8211; wir haben die wesentlichen Infos im Laufe der vergangenen Monate schon h\u00e4ppchenweise eingesammelt &#8211; jetzt gibt\u2019s noch einmal alle wesentlichen Fakten im \u00dcberblick. Zum Start [&hellip;]<\/p>\n","protected":false},"author":2,"featured_media":143433,"comment_status":"open","ping_status":"closed","sticky":false,"template":"","format":"standard","meta":{"footnotes":""},"categories":[1],"tags":[341,713,4770],"class_list":["post-143427","post","type-post","status-publish","format-standard","has-post-thumbnail","hentry","category-news","tag-ikea","tag-sonos","tag-symfonisk"],"aioseo_notices":[],"featured_image":["https:\/\/images.iphone-ticker.de\/wp-content\/uploads\/2019\/07\/ikea-SYMFONISK-regallautsprecher-weiss.jpg"],"subheadline":["Kommt im August ab 99 Euro"],"rest_api_enabler":{"featured_image":"https:\/\/images.iphone-ticker.de\/wp-content\/uploads\/2019\/07\/ikea-SYMFONISK-regallautsprecher-weiss.jpg","subheadline":"Kommt im August ab 99 Euro"},"_links":{"self":[{"href":"https:\/\/www.iphone-ticker.de\/apiv2\/wp\/v2\/posts\/143427","targetHints":{"allow":["GET"]}}],"collection":[{"href":"https:\/\/www.iphone-ticker.de\/apiv2\/wp\/v2\/posts"}],"about":[{"href":"https:\/\/www.iphone-ticker.de\/apiv2\/wp\/v2\/types\/post"}],"author":[{"embeddable":true,"href":"https:\/\/www.iphone-ticker.de\/apiv2\/wp\/v2\/users\/2"}],"replies":[{"embeddable":true,"href":"https:\/\/www.iphone-ticker.de\/apiv2\/wp\/v2\/comments?post=143427"}],"version-history":[{"count":7,"href":"https:\/\/www.iphone-ticker.de\/apiv2\/wp\/v2\/posts\/143427\/revisions"}],"predecessor-version":[{"id":143437,"href":"https:\/\/www.iphone-ticker.de\/apiv2\/wp\/v2\/posts\/143427\/revisions\/143437"}],"wp:featuredmedia":[{"embeddable":true,"href":"https:\/\/www.iphone-ticker.de\/apiv2\/wp\/v2\/media\/143433"}],"wp:attachment":[{"href":"https:\/\/www.iphone-ticker.de\/apiv2\/wp\/v2\/media?parent=143427"}],"wp:term":[{"taxonomy":"category","embeddable":true,"href":"https:\/\/www.iphone-ticker.de\/apiv2\/wp\/v2\/categories?post=143427"},{"taxonomy":"post_tag","embeddable":true,"href":"https:\/\/www.iphone-ticker.de\/apiv2\/wp\/v2\/tags?post=143427"}],"curies":[{"name":"wp","href":"https:\/\/api.w.org\/{rel}","templated":true}]}}