{"id":142284,"date":"2019-06-06T20:35:50","date_gmt":"2019-06-06T18:35:50","guid":{"rendered":"https:\/\/www.iphone-ticker.de\/?p=142284"},"modified":"2019-06-06T20:35:50","modified_gmt":"2019-06-06T18:35:50","slug":"brennender-iphone-akku-sorgt-fuer-schmerzensgeld-streit","status":"publish","type":"post","link":"https:\/\/www.iphone-ticker.de\/brennender-iphone-akku-sorgt-fuer-schmerzensgeld-streit-142284\/","title":{"rendered":"Brennender iPhone-Akku sorgt f\u00fcr Schmerzensgeld-Streit"},"content":{"rendered":"<p>In Bonn endet der Streit um einen \u00fcberhitzten iPhone-Akku wohl vor Gericht. Eine Familie fordert von Apple Schadenersatz, weil ein iPhone 6 offenbar in Folge eines Akku-Defekts Feuer gefangen hat. Apple verweigert die Zahlung und unterstellt, dass das Ger\u00e4t unsachgem\u00e4\u00df repariert wurde.<\/p>\n<p>Einem Bericht des <a href=\"http:\/\/www.general-anzeiger-bonn.de\/bonn\/stadt-bonn\/iPhone-6-entz%C3%BCndet-sich-in-Hosentasche-von-Sch%C3%BCler-article4120639.html\">Bonner General-Anzeiger<\/a> zufolge ist es bereits mehrere Monate her, dass das iPhone 6 eines Sch\u00fclers Feuer gefangen und sich dieser infolgedessen schwere Brandverletzungen zugezogen hat. Ursache war vermutlich ein Akku-Defekt und Apple hatte das defekte Ger\u00e4t im Anschluss auch anstandslos gegen ein neueres iPhone-Modell ausgetauscht. Auf eine Schmerzensgeldforderung in H\u00f6he von 500 Euro reagierte das Unternehmen allerdings ablehnend und wollte die Betroffenen dem Bericht zufolge sogar eine Verschwiegenheitsklausel unterschreiben lassen.<\/p>\n<p><a href=\"https:\/\/images.iphone-ticker.de\/wp-content\/uploads\/2019\/06\/iphone-6.jpg\"><img loading=\"lazy\" decoding=\"async\" src=\"https:\/\/images.iphone-ticker.de\/wp-content\/uploads\/2019\/06\/iphone-6-700x467.jpg\" alt=\"Iphone 6\" width=\"700\" height=\"467\" class=\"alignnone size-large wp-image-142288\" srcset=\"https:\/\/images.iphone-ticker.de\/wp-content\/uploads\/2019\/06\/iphone-6.jpg 700w, https:\/\/images.iphone-ticker.de\/wp-content\/uploads\/2019\/06\/iphone-6-500x334.jpg 500w\" sizes=\"auto, (max-width: 700px) 100vw, 700px\" \/><\/a><\/p>\n<p>Apple forderte das defekte iPhone zur Untersuchung ein und lie\u00df in der Folge anwaltlich mitteilen, dass im Inneren des Ger\u00e4ts eine Schraube fehle und daraus zu folgern sei, dass das Telefon einer nicht autorisierten Reparatur unterzogen wurde. Die Besitzer streiten dies vehement ab, man habe das Ger\u00e4t im Einzelhandel erworben und seither nicht reparieren lassen. Apple ist sich dagegen sicher, dass unsachgem\u00e4\u00dfe Handhabung f\u00fcr den Feuerschaden verantwortlich ist. Ein solches Problem k\u00f6nne im Zusammenhang mit Lithium-Ionen-Akkus selten auftreten, meist sei dies allerdings auf nicht autorisierte Kabel von Drittanbietern, unbefugte Reparaturen oder \u00e4u\u00dfere Sch\u00e4den zur\u00fcckzuf\u00fchren, teilt das Unternehmen mit.<\/p>\n<p>Unterm Strich l\u00e4sst sich festhalten, dass sich wohl kein Hersteller von akkubetriebenen Ger\u00e4ten vor derartigen Problemen sch\u00fctzen kann. Es spricht f\u00fcr Apple, dass wir trotz der immensen Menge an verkauften iPhones nur \u00e4u\u00dferst selten von solchen Vorf\u00e4llen h\u00f6ren. Die Forderungen des Gesch\u00e4digten sind dennoch nachvollziehbar, zumindest kann man ja bislang offenbar nicht ausschlie\u00dfen, dass der von Apple festgestellte Fehler schon bei Auslieferung des Ger\u00e4ts bestand.<\/p>\n<p>Ein vergleichbarer Vorfall wurde Ende vergangenen Jahres <a href=\"https:\/\/www.iphone-ticker.de\/iphone-xs-max-ueberhitzter-akku-sorgt-fuer-feuerloeschereinsatz-135655\/\">aus den USA gemeldet<\/a>. Letzte Woche erst machte das <a href=\"https:\/\/www.ifun.de\/anwenderbericht-und-video-macbook-pro-in-flammen-138383\/\">Video eines rauchenden MacBook Pro<\/a> die Runde. Dies alles ist allerdings nicht ansatzweise mit den <a href=\"https:\/\/www.iphone-ticker.de\/samsung-galaxy-note-7-akku-fuer-brandschaeden-verantwortlich-106911\/\" title=\"Drama um das Galaxy Note 7\">Schlagzeilen<\/a> vergleichbar, die Samsung vergangenes Jahr in Verbindung mit dem Galaxy note 7 geschrieben hat.<img loading=\"lazy\" decoding=\"async\" src=\"https:\/\/vg08.met.vgwort.de\/na\/b1eaa357a3cf45d9a9e9aad34a0bbe18\" width=\"1\" height=\"1\" class=\"tracking\"><\/p>\n<p><h8>Danke Christian<\/h8><\/p>\n","protected":false},"excerpt":{"rendered":"<a href=\"https:\/\/www.iphone-ticker.de\/brennender-iphone-akku-sorgt-fuer-schmerzensgeld-streit-142284\/\"><img width=\"150\" height=\"150\" src=\"https:\/\/images.iphone-ticker.de\/wp-content\/uploads\/2019\/06\/feuerloescher-150x150.jpg\" class=\"alignright tfe wp-post-image\" alt=\"Feuerloescher\" decoding=\"async\" loading=\"lazy\" \/><\/a><p>In Bonn endet der Streit um einen \u00fcberhitzten iPhone-Akku wohl vor Gericht. Eine Familie fordert von Apple Schadenersatz, weil ein iPhone 6 offenbar in Folge eines Akku-Defekts Feuer gefangen hat. Apple verweigert die Zahlung und unterstellt, dass das Ger\u00e4t unsachgem\u00e4\u00df repariert wurde. Einem Bericht des Bonner General-Anzeiger zufolge ist es bereits mehrere Monate her, dass [&hellip;]<\/p>\n","protected":false},"author":2,"featured_media":142289,"comment_status":"open","ping_status":"closed","sticky":false,"template":"","format":"standard","meta":{"footnotes":""},"categories":[1],"tags":[27,442,344],"class_list":["post-142284","post","type-post","status-publish","format-standard","has-post-thumbnail","hentry","category-news","tag-akku","tag-feuer","tag-iphone"],"aioseo_notices":[],"subheadline":["Apple unterstellt Manipulation"],"featured_image":["https:\/\/images.iphone-ticker.de\/wp-content\/uploads\/2019\/06\/feuerloescher.jpg"],"rest_api_enabler":{"subheadline":"Apple unterstellt Manipulation","featured_image":"https:\/\/images.iphone-ticker.de\/wp-content\/uploads\/2019\/06\/feuerloescher.jpg"},"_links":{"self":[{"href":"https:\/\/www.iphone-ticker.de\/apiv2\/wp\/v2\/posts\/142284","targetHints":{"allow":["GET"]}}],"collection":[{"href":"https:\/\/www.iphone-ticker.de\/apiv2\/wp\/v2\/posts"}],"about":[{"href":"https:\/\/www.iphone-ticker.de\/apiv2\/wp\/v2\/types\/post"}],"author":[{"embeddable":true,"href":"https:\/\/www.iphone-ticker.de\/apiv2\/wp\/v2\/users\/2"}],"replies":[{"embeddable":true,"href":"https:\/\/www.iphone-ticker.de\/apiv2\/wp\/v2\/comments?post=142284"}],"version-history":[{"count":5,"href":"https:\/\/www.iphone-ticker.de\/apiv2\/wp\/v2\/posts\/142284\/revisions"}],"predecessor-version":[{"id":142291,"href":"https:\/\/www.iphone-ticker.de\/apiv2\/wp\/v2\/posts\/142284\/revisions\/142291"}],"wp:featuredmedia":[{"embeddable":true,"href":"https:\/\/www.iphone-ticker.de\/apiv2\/wp\/v2\/media\/142289"}],"wp:attachment":[{"href":"https:\/\/www.iphone-ticker.de\/apiv2\/wp\/v2\/media?parent=142284"}],"wp:term":[{"taxonomy":"category","embeddable":true,"href":"https:\/\/www.iphone-ticker.de\/apiv2\/wp\/v2\/categories?post=142284"},{"taxonomy":"post_tag","embeddable":true,"href":"https:\/\/www.iphone-ticker.de\/apiv2\/wp\/v2\/tags?post=142284"}],"curies":[{"name":"wp","href":"https:\/\/api.w.org\/{rel}","templated":true}]}}