{"id":141923,"date":"2019-05-31T08:24:59","date_gmt":"2019-05-31T06:24:59","guid":{"rendered":"https:\/\/www.iphone-ticker.de\/?p=141923"},"modified":"2019-05-31T12:02:50","modified_gmt":"2019-05-31T10:02:50","slug":"komplett-drahtlos-powerbeats-pro-gehen-in-den-verkauf","status":"publish","type":"post","link":"https:\/\/www.iphone-ticker.de\/komplett-drahtlos-powerbeats-pro-gehen-in-den-verkauf-141923\/","title":{"rendered":"Komplett drahtlos: Powerbeats Pro gehen in den Verkauf"},"content":{"rendered":"<p>Der Verkaufsstart der <a title=\"Powerbeats Pro\" href=\"https:\/\/apple.sjv.io\/qobBq\">Powerbeats Pro<\/a> in Deutschland ist angelaufen. Sowohl auf der <a rel=\"noindex, nofollow\" href=\"http:\/\/www.ifun.de\/amzn\/B07RB7YHWH\">Amazon-Produktseite<\/a> als auch im Apple Store bieten sich die drahtlosen Kopfh\u00f6rer nun zur <a href=\"https:\/\/apple.sjv.io\/qobBq\">sofortigen Bestellung<\/a> an. Als Liefertermin wird der 6. bis 11. Juni angegeben.<\/p>\n<p><a href=\"https:\/\/images.iphone-ticker.de\/wp-content\/uploads\/2019\/05\/powerbeats-black.jpg\"><img loading=\"lazy\" decoding=\"async\" class=\"aligncenter size-medium wp-image-141931\" src=\"https:\/\/images.iphone-ticker.de\/wp-content\/uploads\/2019\/05\/powerbeats-black-500x379.jpg\" alt=\"Powerbeats Black\" width=\"500\" height=\"379\" srcset=\"https:\/\/images.iphone-ticker.de\/wp-content\/uploads\/2019\/05\/powerbeats-black-500x379.jpg 500w, https:\/\/images.iphone-ticker.de\/wp-content\/uploads\/2019\/05\/powerbeats-black-700x530.jpg 700w, https:\/\/images.iphone-ticker.de\/wp-content\/uploads\/2019\/05\/powerbeats-black.jpg 1071w\" sizes=\"auto, (max-width: 500px) 100vw, 500px\" \/><\/a><\/p>\n<h2>Vorerst nur in Schwarz<\/h2>\n<p>Deutschland ist diesmal unter den Nachr\u00fcckern. In den USA ist die erste Charge der H\u00f6rer bereits vergriffen, fr\u00fche K\u00e4ufer freuen sich unter anderem \u00fcber eine <a href=\"https:\/\/www.iphone-ticker.de\/powerbeats-pro-akkulaufzeit-beeindruckt-isolation-mittelpraechtig-141166\/\">hervorragende Akkulaufzeit<\/a>. Momentan lassen sich die Powerbeats zudem nur in schwarzer Ausf\u00fchrung bestellen. Die Farbvarianten Marineblau, Moosgr\u00fcn und Elfenbeinwei\u00df sind nach wie vor mit &#8222;Kommt im Sommer&#8220; gekennzeichnet.<\/p>\n<p>Die vollst\u00e4ndig drahtlosen Ohrh\u00f6rer sind wie die AirPods mit Apples H1-Prozessor ausgestattet und erlauben das Aktivieren von Siri per Sprachbefehl. <\/p>\n<p><a href=\"https:\/\/images.iphone-ticker.de\/wp-content\/uploads\/2019\/05\/Powerbeats-schwarze-farbe.jpg\"><img loading=\"lazy\" decoding=\"async\" src=\"https:\/\/images.iphone-ticker.de\/wp-content\/uploads\/2019\/05\/Powerbeats-schwarze-farbe-700x238.jpg\" alt=\"Powerbeats Schwarze Farbe\" width=\"700\" height=\"238\" class=\"aligncenter size-large wp-image-141933\" srcset=\"https:\/\/images.iphone-ticker.de\/wp-content\/uploads\/2019\/05\/Powerbeats-schwarze-farbe-700x238.jpg 700w, https:\/\/images.iphone-ticker.de\/wp-content\/uploads\/2019\/05\/Powerbeats-schwarze-farbe-500x170.jpg 500w, https:\/\/images.iphone-ticker.de\/wp-content\/uploads\/2019\/05\/Powerbeats-schwarze-farbe.jpg 1589w\" sizes=\"auto, (max-width: 700px) 100vw, 700px\" \/><\/a><\/p>\n<p>Zudem wirbt Apple damit, dass die Powerbeats Pro trotz akustischer Verbesserungen 23 Prozent kleiner und 17 Prozent leichter sind als ihr Vorg\u00e4nger. Die Akkulaufzeit wird mit bis zu 9 Stunden pro Ohrh\u00f6rer angegeben, in Kombination mit dem Ladecase seien bis zu 24 Stunden Musikgenuss m\u00f6glich.<\/p>\n<p>Ganz g\u00fcnstig ist der Spa\u00df allerdings nicht. Sowohl Apple als auch Amazon r\u00fccken bislang nicht vom offiziellen Preispunkt <a href=\"https:\/\/apple.sjv.io\/qobBq\">in H\u00f6he von 249,95 Euro<\/a> ab.<\/p>\n<p><div class=\"responsive-video\"><iframe loading=\"lazy\" width=\"700\" height=\"371\" src=\"https:\/\/www.youtube-nocookie.com\/embed\/Dd1VIeTMGQs\" frameborder=\"0\" allowfullscreen><\/iframe><\/div><\/p>\n<p><h8>Mit Dank an Lars!<\/h8><\/p>\n","protected":false},"excerpt":{"rendered":"<a href=\"https:\/\/www.iphone-ticker.de\/komplett-drahtlos-powerbeats-pro-gehen-in-den-verkauf-141923\/\"><img width=\"150\" height=\"150\" src=\"https:\/\/images.iphone-ticker.de\/wp-content\/uploads\/2019\/05\/powerbeats-black-150x150.jpg\" class=\"alignright tfe wp-post-image\" alt=\"Powerbeats Black\" decoding=\"async\" loading=\"lazy\" \/><\/a><p>Der Verkaufsstart der Powerbeats Pro in Deutschland ist angelaufen. Sowohl auf der Amazon-Produktseite als auch im Apple Store bieten sich die drahtlosen Kopfh\u00f6rer nun zur sofortigen Bestellung an. Als Liefertermin wird der 6. bis 11. Juni angegeben. Vorerst nur in Schwarz Deutschland ist diesmal unter den Nachr\u00fcckern. In den USA ist die erste Charge der [&hellip;]<\/p>\n","protected":false},"author":1,"featured_media":141931,"comment_status":"open","ping_status":"closed","sticky":false,"template":"","format":"standard","meta":{"footnotes":""},"categories":[14,1975],"tags":[2316,54,4682],"class_list":["post-141923","post","type-post","status-publish","format-standard","has-post-thumbnail","hentry","category-apple","category-feature","tag-beats","tag-kopfhorer","tag-powerbeats-pro"],"aioseo_notices":[],"featured_image":["https:\/\/images.iphone-ticker.de\/wp-content\/uploads\/2019\/04\/powerbeats-pro-schwarz.jpg"],"subheadline":["Geliefert bis 11. Juni"],"rest_api_enabler":{"featured_image":"https:\/\/images.iphone-ticker.de\/wp-content\/uploads\/2019\/04\/powerbeats-pro-schwarz.jpg","subheadline":"Geliefert bis 11. Juni"},"_links":{"self":[{"href":"https:\/\/www.iphone-ticker.de\/apiv2\/wp\/v2\/posts\/141923","targetHints":{"allow":["GET"]}}],"collection":[{"href":"https:\/\/www.iphone-ticker.de\/apiv2\/wp\/v2\/posts"}],"about":[{"href":"https:\/\/www.iphone-ticker.de\/apiv2\/wp\/v2\/types\/post"}],"author":[{"embeddable":true,"href":"https:\/\/www.iphone-ticker.de\/apiv2\/wp\/v2\/users\/1"}],"replies":[{"embeddable":true,"href":"https:\/\/www.iphone-ticker.de\/apiv2\/wp\/v2\/comments?post=141923"}],"version-history":[{"count":11,"href":"https:\/\/www.iphone-ticker.de\/apiv2\/wp\/v2\/posts\/141923\/revisions"}],"predecessor-version":[{"id":141952,"href":"https:\/\/www.iphone-ticker.de\/apiv2\/wp\/v2\/posts\/141923\/revisions\/141952"}],"wp:featuredmedia":[{"embeddable":true,"href":"https:\/\/www.iphone-ticker.de\/apiv2\/wp\/v2\/media\/141931"}],"wp:attachment":[{"href":"https:\/\/www.iphone-ticker.de\/apiv2\/wp\/v2\/media?parent=141923"}],"wp:term":[{"taxonomy":"category","embeddable":true,"href":"https:\/\/www.iphone-ticker.de\/apiv2\/wp\/v2\/categories?post=141923"},{"taxonomy":"post_tag","embeddable":true,"href":"https:\/\/www.iphone-ticker.de\/apiv2\/wp\/v2\/tags?post=141923"}],"curies":[{"name":"wp","href":"https:\/\/api.w.org\/{rel}","templated":true}]}}