{"id":141645,"date":"2019-05-23T14:51:50","date_gmt":"2019-05-23T12:51:50","guid":{"rendered":"https:\/\/www.iphone-ticker.de\/?p=141645"},"modified":"2019-05-23T14:51:50","modified_gmt":"2019-05-23T12:51:50","slug":"powerbeats-pro-verkaufsstart-in-deutschland-rueckt-naeher","status":"publish","type":"post","link":"https:\/\/www.iphone-ticker.de\/powerbeats-pro-verkaufsstart-in-deutschland-rueckt-naeher-141645\/","title":{"rendered":"Powerbeats Pro: Verkaufsstart in Deutschland r\u00fcckt n\u00e4her"},"content":{"rendered":"<p>Der Verkaufsstart der <a href=\"https:\/\/apple.sjv.io\/qobBq\" title=\"Powerbeats Pro\">Powerbeats Pro<\/a> in Deutschland r\u00fcckt n\u00e4her. Als Belegt daf\u00fcr darf man die Tatsache deuten, dass nun auch auf Amazon eine entsprechende <a rel=\"noindex, nofollow\" href=\"http:\/\/www.ifun.de\/amzn\/B07RB7YHWH\">Produktseite freigeschaltet<\/a> wurde. <\/p>\n<p>Zumindest die Vorbestellung der schwarzen Version H\u00f6rer sollte in den n\u00e4chsten Tagen m\u00f6glich sein. Apple hat dies auch so angek\u00fcndigt: <em>\u201ePowerbeats Pro in Schwarz k\u00f6nnen ab Mai vorbestellt werden. Elfenbein, Moos und Navy sind ab Sommer erh\u00e4ltlich\u201c<\/em>. In den USA ist die erste Charge der H\u00f6rer bereits vergriffen, fr\u00fche K\u00e4ufer freuen sich unter anderem \u00fcber eine <a href=\"https:\/\/www.iphone-ticker.de\/powerbeats-pro-akkulaufzeit-beeindruckt-isolation-mittelpraechtig-141166\/\">hervorragende Akkulaufzeit<\/a>.<\/p>\n<p><a href=\"https:\/\/images.iphone-ticker.de\/wp-content\/uploads\/2019\/04\/powerbeats-pro-elfenbein-im-ladecase.jpg\"><img loading=\"lazy\" decoding=\"async\" src=\"https:\/\/images.iphone-ticker.de\/wp-content\/uploads\/2019\/04\/powerbeats-pro-elfenbein-im-ladecase-700x662.jpg\" alt=\"Powerbeats Pro Elfenbein Im Ladecase\" width=\"700\" height=\"662\" class=\"alignnone size-large wp-image-139726\" srcset=\"https:\/\/images.iphone-ticker.de\/wp-content\/uploads\/2019\/04\/powerbeats-pro-elfenbein-im-ladecase-700x662.jpg 700w, https:\/\/images.iphone-ticker.de\/wp-content\/uploads\/2019\/04\/powerbeats-pro-elfenbein-im-ladecase-500x473.jpg 500w, https:\/\/images.iphone-ticker.de\/wp-content\/uploads\/2019\/04\/powerbeats-pro-elfenbein-im-ladecase.jpg 1000w\" sizes=\"auto, (max-width: 700px) 100vw, 700px\" \/><\/a><\/p>\n<p>Die vollst\u00e4ndig drahtlosen Ohrh\u00f6rer sind wie die AirPods mit Apples H1-Prozessor ausgestattet und erlauben das Aktivieren von Siri per Sprachbefehl. Zudem wirbt Apple damit, dass die Powerbeats Pro trotz akustischer Verbesserungen 23 Prozent kleiner und 17 Prozent leichter sind als ihr Vorg\u00e4nger. Die Akkulaufzeit wird mit bis zu 9 Stunden pro Ohrh\u00f6rer angegeben, in Kombination mit dem Ladecase seien bis zu 24 Stunden Musikgenuss m\u00f6glich.<\/p>\n<p>Ganz g\u00fcnstig ist der Spa\u00df allerdings nicht. Sowohl Apple als auch Amazon r\u00fccken bislang nicht vom offiziellen Preispunkt in H\u00f6he von 249,95 Euro ab.<\/p>\n","protected":false},"excerpt":{"rendered":"<a href=\"https:\/\/www.iphone-ticker.de\/powerbeats-pro-verkaufsstart-in-deutschland-rueckt-naeher-141645\/\"><img decoding=\"async\" width=\"150\" src=\"https:\/\/images.iphone-ticker.de\/wp-content\/uploads\/2019\/04\/powerbeats-pro-elfenbein-im-ladecase-700x662.jpg\" class=\"alignright wp-post-image tfe\" alt=\"Powerbeats Pro Elfenbein Im Ladecase\" title=\"\" \/><\/a><p>Der Verkaufsstart der Powerbeats Pro in Deutschland r\u00fcckt n\u00e4her. Als Belegt daf\u00fcr darf man die Tatsache deuten, dass nun auch auf Amazon eine entsprechende Produktseite freigeschaltet wurde. Zumindest die Vorbestellung der schwarzen Version H\u00f6rer sollte in den n\u00e4chsten Tagen m\u00f6glich sein. Apple hat dies auch so angek\u00fcndigt: \u201ePowerbeats Pro in Schwarz k\u00f6nnen ab Mai vorbestellt [&hellip;]<\/p>\n","protected":false},"author":2,"featured_media":0,"comment_status":"open","ping_status":"closed","sticky":false,"template":"","format":"standard","meta":{"footnotes":""},"categories":[1],"tags":[4682],"class_list":["post-141645","post","type-post","status-publish","format-standard","hentry","category-news","tag-powerbeats-pro"],"aioseo_notices":[],"subheadline":["Vorbestellung sollte in K\u00fcrze m\u00f6glich sein"],"featured_image":["https:\/\/images.iphone-ticker.de\/wp-content\/uploads\/2019\/04\/powerbeats-pro-schwarz.jpg"],"rest_api_enabler":{"subheadline":"Vorbestellung sollte in K\u00fcrze m\u00f6glich sein","featured_image":"https:\/\/images.iphone-ticker.de\/wp-content\/uploads\/2019\/04\/powerbeats-pro-schwarz.jpg"},"_links":{"self":[{"href":"https:\/\/www.iphone-ticker.de\/apiv2\/wp\/v2\/posts\/141645","targetHints":{"allow":["GET"]}}],"collection":[{"href":"https:\/\/www.iphone-ticker.de\/apiv2\/wp\/v2\/posts"}],"about":[{"href":"https:\/\/www.iphone-ticker.de\/apiv2\/wp\/v2\/types\/post"}],"author":[{"embeddable":true,"href":"https:\/\/www.iphone-ticker.de\/apiv2\/wp\/v2\/users\/2"}],"replies":[{"embeddable":true,"href":"https:\/\/www.iphone-ticker.de\/apiv2\/wp\/v2\/comments?post=141645"}],"version-history":[{"count":6,"href":"https:\/\/www.iphone-ticker.de\/apiv2\/wp\/v2\/posts\/141645\/revisions"}],"predecessor-version":[{"id":141651,"href":"https:\/\/www.iphone-ticker.de\/apiv2\/wp\/v2\/posts\/141645\/revisions\/141651"}],"wp:attachment":[{"href":"https:\/\/www.iphone-ticker.de\/apiv2\/wp\/v2\/media?parent=141645"}],"wp:term":[{"taxonomy":"category","embeddable":true,"href":"https:\/\/www.iphone-ticker.de\/apiv2\/wp\/v2\/categories?post=141645"},{"taxonomy":"post_tag","embeddable":true,"href":"https:\/\/www.iphone-ticker.de\/apiv2\/wp\/v2\/tags?post=141645"}],"curies":[{"name":"wp","href":"https:\/\/api.w.org\/{rel}","templated":true}]}}