{"id":141620,"date":"2019-05-22T19:00:17","date_gmt":"2019-05-22T17:00:17","guid":{"rendered":"https:\/\/www.iphone-ticker.de\/?p=141620"},"modified":"2019-05-23T21:52:04","modified_gmt":"2019-05-23T19:52:04","slug":"wwdc-2019-ein-neon-einhorn-fuer-ios-13","status":"publish","type":"post","link":"https:\/\/www.iphone-ticker.de\/wwdc-2019-ein-neon-einhorn-fuer-ios-13-141620\/","title":{"rendered":"WWDC 2019: Ein Neon-Einhorn f\u00fcr iOS 13"},"content":{"rendered":"<p>Obgleich der Termin der diesj\u00e4hrigen Worldwide Developers Conference (WWDC) bereits seit dem 14. M\u00e4rz <a href=\"https:\/\/www.iphone-ticker.de\/wwdc-2019-apple-stellt-ios-13-am-3-juni-vor-138713\/\">feststeht<\/a> &#8211; Apples Entwicklerkonferenz findet in diesem Jahr vom 3. bis 7. Juni im kalifornischen San Jose statt &#8211; stand die Ank\u00fcndigung der Er\u00f6ffnungsveranstaltung bislang noch aus. <\/p>\n<blockquote class=\"twitter-tweet\" data-lang=\"en\">\n<p lang=\"en\" dir=\"ltr\">Apple&#39;s WWDC keynote invites are out, featuring code unicorn. <a href=\"https:\/\/t.co\/35I0dARz88\">pic.twitter.com\/35I0dARz88<\/a><\/p>\n<p>&mdash; Matthew Panzarino (@panzer) <a href=\"https:\/\/twitter.com\/panzer\/status\/1131229974856232960?ref_src=twsrc%5Etfw\">May 22, 2019<\/a><\/p><\/blockquote>\n<p><script async src=\"https:\/\/platform.twitter.com\/widgets.js\" charset=\"utf-8\"><\/script><\/p>\n<p>Zwar hatte niemand damit gerechnet, dass Apple das Entwickler-Treffen anders als mit der auf Verbrauchen abzielenden Live-Keynote er\u00f6ffnen w\u00fcrde, dennoch beruhigen die jetzt unter US-Medienvertretern verteilten Einladungen. Auch im Jubil\u00e4umsjahr 2019 scheint alles seinen gewohnten Lauf zu nehmen. Auf <a href=\"https:\/\/www.apple.com\/apple-events\/\">die Keynote<\/a> um 19:00 Uhr deutscher Zeit wird die in diesem Jahr mit besonderer Spannung erwartete &#8222;Platforms State of the Union&#8220; (<a href=\"https:\/\/developer.apple.com\/videos\/play\/wwdc2018\/102\/\">hier die Ausgabe 2018<\/a>) folgen. <\/p>\n<p>Mit der diesj\u00e4hrigen WWDC 2019 findet die Konferenz zum 30. Mal statt. Wie gewohnt wird Apple in diesem Rahmen die neusten Betriebssysteme, iOS 13, macOS 10.15, watchOS 6 und tvOS 13, pr\u00e4sentieren und ein umfassendes Fortbildungsprogramm f\u00fcr Entwickler anbieten. Mehr als 350 Sessions sind geplant &#8211; ein Gro\u00dfteil davon wird sich im Anschluss in <a href=\"https:\/\/developer.apple.com\/videos\/\">Apples Video-Archiv<\/a> begutachten lassen.<\/p>\n<h2>2018: Die  &#8222;Platforms State of the Union&#8220; <\/h2>\n<p><video poster=\"https:\/\/devimages-cdn.apple.com\/wwdc-services\/images\/42\/2199\/2199_wide_250x141_2x.jpg\" preload=\"auto\" controls=\"controls\" width=\"700\" height=\"390\"><source src=\"https:\/\/devstreaming-cdn.apple.com\/videos\/wwdc\/2018\/102ly3xmvz1ssb1ill\/102\/102_sd_platforms_state_of_the_union.mp4?dl=1\" \/><\/video><\/p>\n","protected":false},"excerpt":{"rendered":"<p>Obgleich der Termin der diesj\u00e4hrigen Worldwide Developers Conference (WWDC) bereits seit dem 14. M\u00e4rz feststeht &#8211; Apples Entwicklerkonferenz findet in diesem Jahr vom 3. bis 7. Juni im kalifornischen San Jose statt &#8211; stand die Ank\u00fcndigung der Er\u00f6ffnungsveranstaltung bislang noch aus. Apple&#39;s WWDC keynote invites are out, featuring code unicorn. pic.twitter.com\/35I0dARz88 &mdash; Matthew Panzarino (@panzer) [&hellip;]<\/p>\n","protected":false},"author":1,"featured_media":0,"comment_status":"open","ping_status":"closed","sticky":false,"template":"","format":"standard","meta":{"footnotes":""},"categories":[14,1975],"tags":[3912,4596,105],"class_list":["post-141620","post","type-post","status-publish","format-standard","hentry","category-apple","category-feature","tag-apple","tag-ios-13","tag-wwdc"],"aioseo_notices":[],"featured_image":["https:\/\/images.iphone-ticker.de\/wp-content\/uploads\/2019\/03\/wwdc-2019.jpg"],"subheadline":["Am 3. Juni geht es los"],"rest_api_enabler":{"featured_image":"https:\/\/images.iphone-ticker.de\/wp-content\/uploads\/2019\/03\/wwdc-2019.jpg","subheadline":"Am 3. Juni geht es los"},"_links":{"self":[{"href":"https:\/\/www.iphone-ticker.de\/apiv2\/wp\/v2\/posts\/141620","targetHints":{"allow":["GET"]}}],"collection":[{"href":"https:\/\/www.iphone-ticker.de\/apiv2\/wp\/v2\/posts"}],"about":[{"href":"https:\/\/www.iphone-ticker.de\/apiv2\/wp\/v2\/types\/post"}],"author":[{"embeddable":true,"href":"https:\/\/www.iphone-ticker.de\/apiv2\/wp\/v2\/users\/1"}],"replies":[{"embeddable":true,"href":"https:\/\/www.iphone-ticker.de\/apiv2\/wp\/v2\/comments?post=141620"}],"version-history":[{"count":2,"href":"https:\/\/www.iphone-ticker.de\/apiv2\/wp\/v2\/posts\/141620\/revisions"}],"predecessor-version":[{"id":141623,"href":"https:\/\/www.iphone-ticker.de\/apiv2\/wp\/v2\/posts\/141620\/revisions\/141623"}],"wp:attachment":[{"href":"https:\/\/www.iphone-ticker.de\/apiv2\/wp\/v2\/media?parent=141620"}],"wp:term":[{"taxonomy":"category","embeddable":true,"href":"https:\/\/www.iphone-ticker.de\/apiv2\/wp\/v2\/categories?post=141620"},{"taxonomy":"post_tag","embeddable":true,"href":"https:\/\/www.iphone-ticker.de\/apiv2\/wp\/v2\/tags?post=141620"}],"curies":[{"name":"wp","href":"https:\/\/api.w.org\/{rel}","templated":true}]}}