{"id":141070,"date":"2019-05-09T15:28:10","date_gmt":"2019-05-09T13:28:10","guid":{"rendered":"https:\/\/www.iphone-ticker.de\/?p=141070"},"modified":"2019-05-09T15:28:10","modified_gmt":"2019-05-09T13:28:10","slug":"airpods-mit-neuem-ladecase-gerade-ueber-nacht-verfuegbar","status":"publish","type":"post","link":"https:\/\/www.iphone-ticker.de\/airpods-mit-neuem-ladecase-gerade-ueber-nacht-verfuegbar-141070\/","title":{"rendered":"AirPods mit neuem Ladecase gerade &#8222;\u00fcber Nacht&#8220; verf\u00fcgbar"},"content":{"rendered":"<p>Wer kein Apple-Ladengesch\u00e4ft in seiner N\u00e4he hat, muss sich immer noch \u00fcber die vergleichsweise langen Lieferzeiten der aktuellen Generation von Apples <a href=\"https:\/\/apple.sjv.io\/qBXdg\">AirPods<\/a> \u00e4rgern. Insbesondere auf die Variante mit kabellosem Ladecase muss man bei Bestellung mehrere Wochen warten. In (vermutlich) geringer St\u00fcckzahl sind die Ohrh\u00f6rer <a rel=\"noindex, nofollow\" href=\"http:\/\/www.ifun.de\/amzn\/B07PYM8FB8\">\u00fcber Amazon<\/a> jedoch gerade ab Lager verf\u00fcgbar. <\/p>\n<p>Auch die <a rel=\"noindex, nofollow\" href=\"http:\/\/www.ifun.de\/amzn\/B07PZR3PVB\">Version mit Standard-Ladecase<\/a> ist bei Amazon momentan vorr\u00e4tig. Achtet unabh\u00e4ngig davon, welche Variante ihr w\u00e4hlt, aber unbedingt auf den Zusatz \u201eVerkauf und Versand durch Amazon\u201c. Amazon tritt hier als offizieller Apple-Vertriebspartner auf und h\u00e4lt seine Lieferversprechen gew\u00f6hnlich, leider tummeln sich auf der Verkaufsplattform auch etliche Anbieter, die es damit nicht so genau nehmen. Mittlerweile finden sich auf neue Apple-Produkte bezogen regelm\u00e4\u00dfig Lockangebote, die eine Lieferung ab Lager versprechen und die so gewonnenen Kunden dann \u00fcber Tage und oft auch Wochen vertr\u00f6sten.<\/p>\n<p><a href=\"https:\/\/images.iphone-ticker.de\/wp-content\/uploads\/2019\/03\/airpods-generation-2-akkuleistung.jpg\"><img loading=\"lazy\" decoding=\"async\" src=\"https:\/\/images.iphone-ticker.de\/wp-content\/uploads\/2019\/03\/airpods-generation-2-akkuleistung-700x438.jpg\" alt=\"Airpods Generation 2 Akkuleistung\" width=\"700\" height=\"438\" class=\"alignnone size-large wp-image-138989\" srcset=\"https:\/\/images.iphone-ticker.de\/wp-content\/uploads\/2019\/03\/airpods-generation-2-akkuleistung-700x438.jpg 700w, https:\/\/images.iphone-ticker.de\/wp-content\/uploads\/2019\/03\/airpods-generation-2-akkuleistung-500x313.jpg 500w, https:\/\/images.iphone-ticker.de\/wp-content\/uploads\/2019\/03\/airpods-generation-2-akkuleistung.jpg 1400w\" sizes=\"auto, (max-width: 700px) 100vw, 700px\" \/><\/a><\/p>\n<p>Apple hat dem Vernehmen nach derweil die Produktionskapazit\u00e4ten f\u00fcr die Ohrh\u00f6rer erh\u00f6ht. Es w\u00e4re zu w\u00fcnschen, dass diese Meldung aus Asien den Tatsachen entspricht. Wie bereits im Zusammenhang mit der ersten Generation der Ohrh\u00f6rer zu vernehmen war, liegen die Lieferr\u00fcckst\u00e4nde weniger an einer Fehlplanung des Unternehmens, der Lieferfluss wird vielmehr durch die aufw\u00e4ndige Fertigung und strenge Qualit\u00e4tskontrolle ausgebremst.<\/p>\n<p>Wenn einer der 15 deutschen Apple Stores einfach f\u00fcr euch erreichbar ist, solltet ihr die neuen H\u00f6rer auch kurzfristig direkt bei Apple ordern k\u00f6nnen. F\u00fcr Bestellungen zur Abholung werden die Lager der Apple Stores regelm\u00e4\u00dfig aufgef\u00fcllt. Pr\u00fcft hier einfach die Verf\u00fcgbarkeitsanzeige auf der <a href=\"https:\/\/www.apple.com\/de\/shop\/select-airpods?afid=p239%7C1268988&#038;cid=aos-de-aff-ir\">AirPods-Webseite<\/a>.<\/p>\n","protected":false},"excerpt":{"rendered":"<a href=\"https:\/\/www.iphone-ticker.de\/airpods-mit-neuem-ladecase-gerade-ueber-nacht-verfuegbar-141070\/\"><img decoding=\"async\" width=\"150\" src=\"https:\/\/images.iphone-ticker.de\/wp-content\/uploads\/2019\/03\/airpods-generation-2-akkuleistung-700x438.jpg\" class=\"alignright wp-post-image tfe\" alt=\"Airpods Generation 2 Akkuleistung\" title=\"\" \/><\/a><p>Wer kein Apple-Ladengesch\u00e4ft in seiner N\u00e4he hat, muss sich immer noch \u00fcber die vergleichsweise langen Lieferzeiten der aktuellen Generation von Apples AirPods \u00e4rgern. Insbesondere auf die Variante mit kabellosem Ladecase muss man bei Bestellung mehrere Wochen warten. In (vermutlich) geringer St\u00fcckzahl sind die Ohrh\u00f6rer \u00fcber Amazon jedoch gerade ab Lager verf\u00fcgbar. Auch die Version mit [&hellip;]<\/p>\n","protected":false},"author":2,"featured_media":0,"comment_status":"open","ping_status":"closed","sticky":false,"template":"","format":"standard","meta":{"footnotes":""},"categories":[1],"tags":[],"class_list":["post-141070","post","type-post","status-publish","format-standard","hentry","category-news"],"aioseo_notices":[],"subheadline":["Amazon-Lager aufgef\u00fcllt"],"featured_image":["https:\/\/images.iphone-ticker.de\/wp-content\/uploads\/2019\/03\/airpods-generation-2-1.jpg"],"rest_api_enabler":{"subheadline":"Amazon-Lager aufgef\u00fcllt","featured_image":"https:\/\/images.iphone-ticker.de\/wp-content\/uploads\/2019\/03\/airpods-generation-2-1.jpg"},"_links":{"self":[{"href":"https:\/\/www.iphone-ticker.de\/apiv2\/wp\/v2\/posts\/141070","targetHints":{"allow":["GET"]}}],"collection":[{"href":"https:\/\/www.iphone-ticker.de\/apiv2\/wp\/v2\/posts"}],"about":[{"href":"https:\/\/www.iphone-ticker.de\/apiv2\/wp\/v2\/types\/post"}],"author":[{"embeddable":true,"href":"https:\/\/www.iphone-ticker.de\/apiv2\/wp\/v2\/users\/2"}],"replies":[{"embeddable":true,"href":"https:\/\/www.iphone-ticker.de\/apiv2\/wp\/v2\/comments?post=141070"}],"version-history":[{"count":5,"href":"https:\/\/www.iphone-ticker.de\/apiv2\/wp\/v2\/posts\/141070\/revisions"}],"predecessor-version":[{"id":141075,"href":"https:\/\/www.iphone-ticker.de\/apiv2\/wp\/v2\/posts\/141070\/revisions\/141075"}],"wp:attachment":[{"href":"https:\/\/www.iphone-ticker.de\/apiv2\/wp\/v2\/media?parent=141070"}],"wp:term":[{"taxonomy":"category","embeddable":true,"href":"https:\/\/www.iphone-ticker.de\/apiv2\/wp\/v2\/categories?post=141070"},{"taxonomy":"post_tag","embeddable":true,"href":"https:\/\/www.iphone-ticker.de\/apiv2\/wp\/v2\/tags?post=141070"}],"curies":[{"name":"wp","href":"https:\/\/api.w.org\/{rel}","templated":true}]}}