{"id":141047,"date":"2019-05-09T07:27:04","date_gmt":"2019-05-09T05:27:04","guid":{"rendered":"https:\/\/www.iphone-ticker.de\/?p=141047"},"modified":"2019-05-09T07:27:52","modified_gmt":"2019-05-09T05:27:52","slug":"telekom-q1-etwas-mehr-datenverbrauch-deutlich-mehr-streamon","status":"publish","type":"post","link":"https:\/\/www.iphone-ticker.de\/telekom-q1-etwas-mehr-datenverbrauch-deutlich-mehr-streamon-141047\/","title":{"rendered":"Telekom Q1: Etwas mehr Datenverbrauch, deutlich mehr StreamOn"},"content":{"rendered":"<p>Die Deutsche Telekom hat heute ihre Zahlen f\u00fcr das Quartal 2019 <a href=\"https:\/\/www.telekom.com\/de\/medien\/medieninformationen\/detail\/bericht-zum-ersten-quartal-2019-571488\">kommuniziert<\/a> und freut sich erneut \u00fcber ein Ergebniswachstum in allen Bereichen. Nach eigenen Angaben setzen die Bonner damit den Erfolgskurs des Rekordjahres 2018 fort: Der Konzernumsatz stieg um 3,5 Prozent auf 19,5 Milliarden Euro.<\/p>\n<p><a href=\"https:\/\/images.iphone-ticker.de\/wp-content\/uploads\/2019\/05\/streamon-nutzer.jpg\"><img loading=\"lazy\" decoding=\"async\" src=\"https:\/\/images.iphone-ticker.de\/wp-content\/uploads\/2019\/05\/streamon-nutzer-500x359.jpg\" alt=\"Streamon Nutzer\" width=\"500\" height=\"359\" class=\"aligncenter size-medium wp-image-141049\" srcset=\"https:\/\/images.iphone-ticker.de\/wp-content\/uploads\/2019\/05\/streamon-nutzer-500x359.jpg 500w, https:\/\/images.iphone-ticker.de\/wp-content\/uploads\/2019\/05\/streamon-nutzer-700x503.jpg 700w, https:\/\/images.iphone-ticker.de\/wp-content\/uploads\/2019\/05\/streamon-nutzer.jpg 891w\" sizes=\"auto, (max-width: 500px) 100vw, 500px\" \/><\/a><\/p>\n<p>Im Mobilfunk-Bereich gewannen die Telekom im ersten Quartal 2019 455.000 Kunden gegenu\u0308ber dem Jahresende 2018 hinzu &#8211; davon entfielen insgesamt 132.000 Kunden auf das Vertragskundengescha\u0308ft unter den Marken \u201eTelekom\u201c und \u201econgstar\u201c. Die Zahl der Prepaid-Kunden stieg um 695.000. Die Telekom erkl\u00e4rt: <\/p>\n<blockquote><p>Im Mobilfunk-Bereich konnte die Anzahl der eigenen Vertragskunden unter den Marken Telekom und Congstar aufgrund der hohen Nachfrage nach Mobilfunk-Tarifen mit integriertem Datenvolumen gesteigert werden. Im Bereich der Prepaid-Kunden konnten wir im Wesentlichen durch unsere Automotive-Initiativen einen Zuwachs verzeichnen.<\/p><\/blockquote>\n<p>Der durchschnittliche Datenverbrauch der Telekom-Kunden hat im Vergleich zum Vorjahresquartal um 48% zugenommen und liegt bei 2,8GB pro Monat. Fast verdoppelt hat sich zudem die Anzahl der StreamOn-Nutzer. W\u00e4hrend die umstrittene Zubuch-Option im ersten Quartal 2018 etwa eine Million Nutzer z\u00e4hlte, haben sich inzwischen \u00fcber zwei Millionen Telekom-Kunden f\u00fcr die optionale Sonderbehandlung ausgesuchter Online-Dienste entschieden. <\/p>\n<p><a href=\"https:\/\/images.iphone-ticker.de\/wp-content\/uploads\/2019\/05\/datenverbrauch-telekom.jpg\"><img loading=\"lazy\" decoding=\"async\" src=\"https:\/\/images.iphone-ticker.de\/wp-content\/uploads\/2019\/05\/datenverbrauch-telekom-700x311.jpg\" alt=\"Datenverbrauch Telekom\" width=\"700\" height=\"311\" class=\"aligncenter size-large wp-image-141050\" srcset=\"https:\/\/images.iphone-ticker.de\/wp-content\/uploads\/2019\/05\/datenverbrauch-telekom-700x311.jpg 700w, https:\/\/images.iphone-ticker.de\/wp-content\/uploads\/2019\/05\/datenverbrauch-telekom-500x222.jpg 500w, https:\/\/images.iphone-ticker.de\/wp-content\/uploads\/2019\/05\/datenverbrauch-telekom.jpg 1148w\" sizes=\"auto, (max-width: 700px) 100vw, 700px\" \/><\/a><\/p>\n","protected":false},"excerpt":{"rendered":"<a href=\"https:\/\/www.iphone-ticker.de\/telekom-q1-etwas-mehr-datenverbrauch-deutlich-mehr-streamon-141047\/\"><img width=\"150\" height=\"150\" src=\"https:\/\/images.iphone-ticker.de\/wp-content\/uploads\/2019\/05\/telekom-zentrale-nacht-150x150.jpg\" class=\"alignright tfe wp-post-image\" alt=\"Telekom Zentrale Nacht\" decoding=\"async\" loading=\"lazy\" \/><\/a><p>Die Deutsche Telekom hat heute ihre Zahlen f\u00fcr das Quartal 2019 kommuniziert und freut sich erneut \u00fcber ein Ergebniswachstum in allen Bereichen. Nach eigenen Angaben setzen die Bonner damit den Erfolgskurs des Rekordjahres 2018 fort: Der Konzernumsatz stieg um 3,5 Prozent auf 19,5 Milliarden Euro. Im Mobilfunk-Bereich gewannen die Telekom im ersten Quartal 2019 455.000 [&hellip;]<\/p>\n","protected":false},"author":1,"featured_media":141051,"comment_status":"open","ping_status":"closed","sticky":false,"template":"","format":"standard","meta":{"footnotes":""},"categories":[1],"tags":[64,124,363,12,49],"class_list":["post-141047","post","type-post","status-publish","format-standard","has-post-thumbnail","hentry","category-news","tag-deutschland","tag-tarif","tag-telekom","tag-vertrag","tag-zahlen"],"aioseo_notices":[],"subheadline":["2,8GB pro Monat"],"featured_image":["https:\/\/images.iphone-ticker.de\/wp-content\/uploads\/2019\/05\/telekom-zentrale-nacht.jpg"],"rest_api_enabler":{"subheadline":"2,8GB pro Monat","featured_image":"https:\/\/images.iphone-ticker.de\/wp-content\/uploads\/2019\/05\/telekom-zentrale-nacht.jpg"},"_links":{"self":[{"href":"https:\/\/www.iphone-ticker.de\/apiv2\/wp\/v2\/posts\/141047","targetHints":{"allow":["GET"]}}],"collection":[{"href":"https:\/\/www.iphone-ticker.de\/apiv2\/wp\/v2\/posts"}],"about":[{"href":"https:\/\/www.iphone-ticker.de\/apiv2\/wp\/v2\/types\/post"}],"author":[{"embeddable":true,"href":"https:\/\/www.iphone-ticker.de\/apiv2\/wp\/v2\/users\/1"}],"replies":[{"embeddable":true,"href":"https:\/\/www.iphone-ticker.de\/apiv2\/wp\/v2\/comments?post=141047"}],"version-history":[{"count":3,"href":"https:\/\/www.iphone-ticker.de\/apiv2\/wp\/v2\/posts\/141047\/revisions"}],"predecessor-version":[{"id":141053,"href":"https:\/\/www.iphone-ticker.de\/apiv2\/wp\/v2\/posts\/141047\/revisions\/141053"}],"wp:featuredmedia":[{"embeddable":true,"href":"https:\/\/www.iphone-ticker.de\/apiv2\/wp\/v2\/media\/141051"}],"wp:attachment":[{"href":"https:\/\/www.iphone-ticker.de\/apiv2\/wp\/v2\/media?parent=141047"}],"wp:term":[{"taxonomy":"category","embeddable":true,"href":"https:\/\/www.iphone-ticker.de\/apiv2\/wp\/v2\/categories?post=141047"},{"taxonomy":"post_tag","embeddable":true,"href":"https:\/\/www.iphone-ticker.de\/apiv2\/wp\/v2\/tags?post=141047"}],"curies":[{"name":"wp","href":"https:\/\/api.w.org\/{rel}","templated":true}]}}