{"id":140784,"date":"2019-05-02T13:05:56","date_gmt":"2019-05-02T11:05:56","guid":{"rendered":"https:\/\/www.iphone-ticker.de\/?p=140784"},"modified":"2019-05-02T13:05:56","modified_gmt":"2019-05-02T11:05:56","slug":"ing-mit-apple-pay-in-den-niederlanden-zeitgleicher-start-auch-in-deutschland","status":"publish","type":"post","link":"https:\/\/www.iphone-ticker.de\/ing-mit-apple-pay-in-den-niederlanden-zeitgleicher-start-auch-in-deutschland-140784\/","title":{"rendered":"ING mit Apple Pay in den Niederlanden: Zeitgleicher Start auch in Deutschland?"},"content":{"rendered":"<p>Auch unsere niederl\u00e4ndischen Nachbarn werden in K\u00fcrze mit Apple Pay bezahlen k\u00f6nnen. Die <a href=\"https:\/\/www.ing.nl\/particulier\/betalen\/betalingen-doen\/apple-pay\/index.html\">\u201eComing soon\u201c-Ank\u00fcndigung der ING<\/a> stellt zudem einen baldigen Apple-Pay-Start der Bank auch in Deutschland in Aussicht.<\/p>\n<p><a href=\"https:\/\/images.iphone-ticker.de\/wp-content\/uploads\/2019\/05\/ing-apple-pay.jpg\"><img loading=\"lazy\" decoding=\"async\" src=\"https:\/\/images.iphone-ticker.de\/wp-content\/uploads\/2019\/05\/ing-apple-pay-500x295.jpg\" alt=\"Ing Apple Pay\" width=\"500\" height=\"295\" class=\"alignnone size-medium wp-image-140787\" \/><\/a><\/p>\n<p>Die ING Groep hat als f\u00fcr das Finanzangebot der ING zust\u00e4ndiger Dienstleister seinen Firmensitz in den Niederlanden. Der Vernehmen nach teilt sich die deutsche ING eine einheitliche IT-Basis mit der niederl\u00e4ndischen Zentrale und man darf die nun vorliegende Ank\u00fcndigung, dass die ING beim Start von Apple Pay in den Niederlanden dabei sein wird auch als Best\u00e4tigung daf\u00fcr werten, dass auf Seiten der Technik alle Vorbereitungen getroffen wurden.<\/p>\n<p>Apple hat bereits Ende letzten Jahres <a href=\"https:\/\/www.iphone-ticker.de\/dkb-ing-und-mehr-diese-apple-pay-partner-kommen-2019-134934\/\">best\u00e4tigt<\/a>, dass Kunden der ING im Laufe des Jahres 2019 in den Genuss von Apple Pay kommen. Ebenfalls ganz oben auf der Warteliste der interessierten ifun-Leser steht die DKB. Hier ist weiterhin der \u201eFr\u00fchsommer\u201c als Startermin im Gespr\u00e4ch.<\/p>\n<p><h8>Via <a href=\"https:\/\/www.iculture.nl\/nieuws\/apple-pay-nederland-aankondiging\/\">iCulture.nl<\/a><\/h8><\/p>\n","protected":false},"excerpt":{"rendered":"<a href=\"https:\/\/www.iphone-ticker.de\/ing-mit-apple-pay-in-den-niederlanden-zeitgleicher-start-auch-in-deutschland-140784\/\"><img width=\"150\" height=\"150\" src=\"https:\/\/images.iphone-ticker.de\/wp-content\/uploads\/2019\/05\/ing-appel-pay-150x150.jpg\" class=\"alignright tfe wp-post-image\" alt=\"Ing Appel Pay\" decoding=\"async\" loading=\"lazy\" \/><\/a><p>Auch unsere niederl\u00e4ndischen Nachbarn werden in K\u00fcrze mit Apple Pay bezahlen k\u00f6nnen. Die \u201eComing soon\u201c-Ank\u00fcndigung der ING stellt zudem einen baldigen Apple-Pay-Start der Bank auch in Deutschland in Aussicht. Die ING Groep hat als f\u00fcr das Finanzangebot der ING zust\u00e4ndiger Dienstleister seinen Firmensitz in den Niederlanden. Der Vernehmen nach teilt sich die deutsche ING eine [&hellip;]<\/p>\n","protected":false},"author":2,"featured_media":140786,"comment_status":"open","ping_status":"closed","sticky":false,"template":"","format":"standard","meta":{"footnotes":""},"categories":[1],"tags":[2758,4696],"class_list":["post-140784","post","type-post","status-publish","format-standard","has-post-thumbnail","hentry","category-news","tag-apple-pay","tag-ing"],"aioseo_notices":[],"subheadline":["\"Coming soon\"-Ank\u00fcndigung"],"featured_image":["https:\/\/images.iphone-ticker.de\/wp-content\/uploads\/2019\/05\/ing-appel-pay.jpg"],"rest_api_enabler":{"subheadline":"\"Coming soon\"-Ank\u00fcndigung","featured_image":"https:\/\/images.iphone-ticker.de\/wp-content\/uploads\/2019\/05\/ing-appel-pay.jpg"},"_links":{"self":[{"href":"https:\/\/www.iphone-ticker.de\/apiv2\/wp\/v2\/posts\/140784","targetHints":{"allow":["GET"]}}],"collection":[{"href":"https:\/\/www.iphone-ticker.de\/apiv2\/wp\/v2\/posts"}],"about":[{"href":"https:\/\/www.iphone-ticker.de\/apiv2\/wp\/v2\/types\/post"}],"author":[{"embeddable":true,"href":"https:\/\/www.iphone-ticker.de\/apiv2\/wp\/v2\/users\/2"}],"replies":[{"embeddable":true,"href":"https:\/\/www.iphone-ticker.de\/apiv2\/wp\/v2\/comments?post=140784"}],"version-history":[{"count":2,"href":"https:\/\/www.iphone-ticker.de\/apiv2\/wp\/v2\/posts\/140784\/revisions"}],"predecessor-version":[{"id":140788,"href":"https:\/\/www.iphone-ticker.de\/apiv2\/wp\/v2\/posts\/140784\/revisions\/140788"}],"wp:featuredmedia":[{"embeddable":true,"href":"https:\/\/www.iphone-ticker.de\/apiv2\/wp\/v2\/media\/140786"}],"wp:attachment":[{"href":"https:\/\/www.iphone-ticker.de\/apiv2\/wp\/v2\/media?parent=140784"}],"wp:term":[{"taxonomy":"category","embeddable":true,"href":"https:\/\/www.iphone-ticker.de\/apiv2\/wp\/v2\/categories?post=140784"},{"taxonomy":"post_tag","embeddable":true,"href":"https:\/\/www.iphone-ticker.de\/apiv2\/wp\/v2\/tags?post=140784"}],"curies":[{"name":"wp","href":"https:\/\/api.w.org\/{rel}","templated":true}]}}