{"id":140716,"date":"2019-04-30T15:31:35","date_gmt":"2019-04-30T13:31:35","guid":{"rendered":"https:\/\/www.iphone-ticker.de\/?p=140716"},"modified":"2019-04-30T15:44:55","modified_gmt":"2019-04-30T13:44:55","slug":"mtv-top-100-erste-tv-show-im-hochkant-format","status":"publish","type":"post","link":"https:\/\/www.iphone-ticker.de\/mtv-top-100-erste-tv-show-im-hochkant-format-140716\/","title":{"rendered":"MTV Top-100: Erste TV-Show im Hochkant-Format"},"content":{"rendered":"<p>Mit Smartphone-Formaten im Fernsehen zur\u00fcck zur alten Gr\u00f6\u00dfe? Der Musik-Sender MTV steht vor dem Neustart der offiziellen deutschen Charts und hat angek\u00fcndigt, die &#8222;Generation Smartphone&#8220; mit einem f\u00fcr TV-Macher ungew\u00f6hnlichen  Zugest\u00e4ndnis abholen zu wollen.<\/p>\n<p><a href=\"https:\/\/images.iphone-ticker.de\/wp-content\/uploads\/2019\/04\/hochformat.jpg\"><img loading=\"lazy\" decoding=\"async\" class=\"aligncenter size-medium wp-image-140720\" src=\"https:\/\/images.iphone-ticker.de\/wp-content\/uploads\/2019\/04\/hochformat-500x282.jpg\" alt=\"Hochformat\" width=\"500\" height=\"282\" srcset=\"https:\/\/images.iphone-ticker.de\/wp-content\/uploads\/2019\/04\/hochformat-500x282.jpg 500w, https:\/\/images.iphone-ticker.de\/wp-content\/uploads\/2019\/04\/hochformat-700x394.jpg 700w, https:\/\/images.iphone-ticker.de\/wp-content\/uploads\/2019\/04\/hochformat.jpg 1000w\" sizes=\"auto, (max-width: 500px) 100vw, 500px\" \/><\/a><\/p>\n<p>So soll es die MTV Top-100 ab dem 4. Mai nich nur im neuen Gewand geben, die Sendung soll zudem komplett im Look &amp; Feel der Instagram Stories ausgestrahlt werden. Abgesehen von den Musikvideos werden alle Show-Bausteine im Instagram Story-Format gedreht.<\/p>\n<p>Die Pressemitteilung liefert die Rechtfertigung gleich mit: &#8222;Besonders f\u00fcr lineares Fernsehen ist es eine wachsende Herausforderung, mit der Aktualit\u00e4t von sozialen Medien Schritt zu halten.&#8220;<\/p>\n<blockquote><p>Gehostet wird die Show im Wechsel von den bekannten Gesichtern <a href=\"https:\/\/www.instagram.com\/ulibrase\/\" target=\"_blank\" rel=\"noopener noreferrer\">Uli Brase<\/a> und <a href=\"https:\/\/www.instagram.com\/jankoeppen\/\" target=\"_blank\" rel=\"noopener noreferrer\">Jan K\u00f6ppen<\/a> sowie <a href=\"https:\/\/www.instagram.com\/aminatabelli\/\" target=\"_blank\" rel=\"noopener noreferrer\">Aminata Belli<\/a>. Sie steht nicht nur regelm\u00e4\u00dfig f\u00fcr Yo! MTV Weekly Vibes vor der Kamera, sondern erg\u00e4nzt ab sofort  auch das MTV Top 100 Moderatoren-Team. W\u00f6chentlich f\u00fchren sie durch die Show und zeigen die 25 besten Clips aus den offiziellen deutschen Charts sowie Neuvorstellungen der Lieblingsk\u00fcnstler.<\/p><\/blockquote>\n<p>Ab dem 4. Mai l\u00e4uft die MTV Top-100 immer samstags von 16-18 Uhr &#8211; die Wiederholung gibt es am Sonntag von 17:15-19:15 Uhr. Zu sehen gibt es die Show zudem in den <a href=\"https:\/\/www.instagram.com\/mtvgermany\/\">@MTVGermany<\/a> Insta-stories. Dar\u00fcber hinaus wird ein sogenannter &#8222;Catch Up&#8220; in der Folgewoche auf mtv.de ver\u00f6ffentlicht.<\/p>\n<p><div class=\"responsive-video\"><iframe loading=\"lazy\" src=\"https:\/\/player.vimeo.com\/video\/333132252?title=0&#038;byline=0&#038;portrait=0\" width=\"700\" height=\"394\" frameborder=\"0\" allow=\"autoplay; fullscreen\" allowfullscreen><\/iframe><\/div><\/p>\n","protected":false},"excerpt":{"rendered":"<a href=\"https:\/\/www.iphone-ticker.de\/mtv-top-100-erste-tv-show-im-hochkant-format-140716\/\"><img width=\"150\" height=\"150\" src=\"https:\/\/images.iphone-ticker.de\/wp-content\/uploads\/2019\/04\/mtv-top-100-150x150.jpg\" class=\"alignright tfe wp-post-image\" alt=\"Mtv Top 100\" decoding=\"async\" loading=\"lazy\" \/><\/a><p>Mit Smartphone-Formaten im Fernsehen zur\u00fcck zur alten Gr\u00f6\u00dfe? Der Musik-Sender MTV steht vor dem Neustart der offiziellen deutschen Charts und hat angek\u00fcndigt, die &#8222;Generation Smartphone&#8220; mit einem f\u00fcr TV-Macher ungew\u00f6hnlichen Zugest\u00e4ndnis abholen zu wollen. So soll es die MTV Top-100 ab dem 4. Mai nich nur im neuen Gewand geben, die Sendung soll zudem komplett [&hellip;]<\/p>\n","protected":false},"author":1,"featured_media":140718,"comment_status":"open","ping_status":"closed","sticky":false,"template":"","format":"standard","meta":{"footnotes":""},"categories":[489],"tags":[413,4693,1291,171],"class_list":["post-140716","post","type-post","status-publish","format-standard","has-post-thumbnail","hentry","category-videos","tag-fernsehen","tag-mtv","tag-trailer","tag-tv"],"aioseo_notices":[],"featured_image":["https:\/\/images.iphone-ticker.de\/wp-content\/uploads\/2019\/04\/mtv-top-100.jpg"],"subheadline":["Die verlorene Zielgruppe einsammeln"],"rest_api_enabler":{"featured_image":"https:\/\/images.iphone-ticker.de\/wp-content\/uploads\/2019\/04\/mtv-top-100.jpg","subheadline":"Die verlorene Zielgruppe einsammeln"},"_links":{"self":[{"href":"https:\/\/www.iphone-ticker.de\/apiv2\/wp\/v2\/posts\/140716","targetHints":{"allow":["GET"]}}],"collection":[{"href":"https:\/\/www.iphone-ticker.de\/apiv2\/wp\/v2\/posts"}],"about":[{"href":"https:\/\/www.iphone-ticker.de\/apiv2\/wp\/v2\/types\/post"}],"author":[{"embeddable":true,"href":"https:\/\/www.iphone-ticker.de\/apiv2\/wp\/v2\/users\/1"}],"replies":[{"embeddable":true,"href":"https:\/\/www.iphone-ticker.de\/apiv2\/wp\/v2\/comments?post=140716"}],"version-history":[{"count":7,"href":"https:\/\/www.iphone-ticker.de\/apiv2\/wp\/v2\/posts\/140716\/revisions"}],"predecessor-version":[{"id":140725,"href":"https:\/\/www.iphone-ticker.de\/apiv2\/wp\/v2\/posts\/140716\/revisions\/140725"}],"wp:featuredmedia":[{"embeddable":true,"href":"https:\/\/www.iphone-ticker.de\/apiv2\/wp\/v2\/media\/140718"}],"wp:attachment":[{"href":"https:\/\/www.iphone-ticker.de\/apiv2\/wp\/v2\/media?parent=140716"}],"wp:term":[{"taxonomy":"category","embeddable":true,"href":"https:\/\/www.iphone-ticker.de\/apiv2\/wp\/v2\/categories?post=140716"},{"taxonomy":"post_tag","embeddable":true,"href":"https:\/\/www.iphone-ticker.de\/apiv2\/wp\/v2\/tags?post=140716"}],"curies":[{"name":"wp","href":"https:\/\/api.w.org\/{rel}","templated":true}]}}