{"id":140571,"date":"2019-04-26T07:27:19","date_gmt":"2019-04-26T05:27:19","guid":{"rendered":"https:\/\/www.iphone-ticker.de\/?p=140571"},"modified":"2019-04-26T07:40:27","modified_gmt":"2019-04-26T05:40:27","slug":"samsung-laesst-ifixit-bericht-zum-galaxy-note-entfernen","status":"publish","type":"post","link":"https:\/\/www.iphone-ticker.de\/samsung-laesst-ifixit-bericht-zum-galaxy-note-entfernen-140571\/","title":{"rendered":"Samsung l\u00e4sst kritischen Bericht zum Galaxy Fold entfernen"},"content":{"rendered":"<p>Als sei der Wirbel um den <a href=\"https:\/\/www.iphone-ticker.de\/samsung-galaxy-fold-neue-geraete-fallen-reihenweise-aus-140297\/\" title=\"Galaxy Fold Verkaufsstart verschoben\">verschobenen Verkaufsstart<\/a> und der anschlie\u00dfende <a href=\"https:\/\/www.iphone-ticker.de\/7mm-zu-viel-im-inneren-des-samsung-galaxy-fold-140488\/\">Bericht des Reparaturportals ifixit<\/a> \u00fcber Verarbeitungsm\u00e4ngel des Klapp-Handys Galaxy Fold nicht genug. Samsung bettelt erneut um negative Schlagzeilen und hat daf\u00fcr gesorgt, dass der <a href=\"https:\/\/ifixit.org\/blog\/16189\/about-our-galaxy-fold-teardown\/\">ifixit-Bericht zum Galaxy Fold entfernt<\/a> wird.<\/p>\n<p>ifixit ist f\u00fcr seine Detailanalysen von neuen Ger\u00e4ten bekannt. So hat das Unternehmen zu Beginn der Woche auch das Galaxy Fold unter die Lupe genommen und kam zu dem Ergebnis, dass das Klapphandy konstruktionsbedingte Schwachstellen enth\u00e4lt. Beispielsweise k\u00f6nnten sich in einer \u00d6ffnung im Falz des Bildschirms Staub und Verunreinigungen ansammeln, auch sei der Klappmechanismus eher nicht f\u00fcr die dauerhafte Belastung bei Benutzung ausgelegt.<\/p>\n<p><a href=\"https:\/\/images.iphone-ticker.de\/wp-content\/uploads\/2019\/04\/Galaxy-Fold-ifixit-klapphandy.jpg\"><img loading=\"lazy\" decoding=\"async\" src=\"https:\/\/images.iphone-ticker.de\/wp-content\/uploads\/2019\/04\/Galaxy-Fold-ifixit-klapphandy-700x449.jpg\" alt=\"Galaxy Fold Ifixit Klapphandy\" width=\"700\" height=\"449\" class=\"alignnone size-large wp-image-140573\" srcset=\"https:\/\/images.iphone-ticker.de\/wp-content\/uploads\/2019\/04\/Galaxy-Fold-ifixit-klapphandy-700x449.jpg 700w, https:\/\/images.iphone-ticker.de\/wp-content\/uploads\/2019\/04\/Galaxy-Fold-ifixit-klapphandy-500x321.jpg 500w, https:\/\/images.iphone-ticker.de\/wp-content\/uploads\/2019\/04\/Galaxy-Fold-ifixit-klapphandy.jpg 1000w\" sizes=\"auto, (max-width: 700px) 100vw, 700px\" \/><\/a><\/p>\n<h6>Bild: ifixit.com<\/h6>\n<p>Die ifixit-Analyse kommt nicht von ungef\u00e4hr, Samsung hat den Verkaufsstart der Ger\u00e4te auf unbestimmte Zeit verschoben, weil vorab ausgegebene Testger\u00e4te <a href=\"https:\/\/www.iphone-ticker.de\/samsung-galaxy-fold-neue-geraete-fallen-reihenweise-aus-140297\/\">massiv fehleranf\u00e4llig<\/a> waren.<\/p>\n<p>ifixit hatte das Ger\u00e4t vorab \u00fcber einen Vertriebspartner erhalten und eben dort hat Samsung auch den Hebel angesetzt. Es g\u00e4be zwar keine Verpflichtung, den Bericht vom Netz zu nehmen, jedoch sei dies mit R\u00fccksicht auf den Partner erfolgt.<\/p>\n<p>Warum sich Samsung durch diese Aktion erneut in die Schlagzeilen bringt, ist fraglich. Die ifixit-Story war mehr oder weniger schon vom Tisch und wird sich auch <a href=\"https:\/\/web.archive.org\/web\/20190425075411\/https:\/\/www.ifixit.com\/Teardown\/Samsung+Galaxy+Fold+Teardown\/122600\">nie vollst\u00e4ndig aus dem Netz verbannen lassen<\/a>. Eine m\u00f6gliche Erkl\u00e4rung w\u00e4re, dass Samsung auf die ersten Testberichte hin eine umfangreiche \u00dcberarbeitung vornimmt, in deren Rahmen auch die von ifixit angekreideten Punkte mit behoben werden. Dennoch l\u00e4sst sich nicht abstreiten, dass die Ger\u00e4te zun\u00e4chst in dieser mangelhaften Verfassung ausgegeben wurden und wohl auch so verkauft h\u00e4tten werden sollen.<\/p>\n","protected":false},"excerpt":{"rendered":"<a href=\"https:\/\/www.iphone-ticker.de\/samsung-laesst-ifixit-bericht-zum-galaxy-note-entfernen-140571\/\"><img width=\"150\" height=\"150\" src=\"https:\/\/images.iphone-ticker.de\/wp-content\/uploads\/2019\/04\/Galaxy-Fold-ifixit-klapphandy-150x150.jpg\" class=\"alignright tfe wp-post-image\" alt=\"Galaxy Fold Ifixit Klapphandy\" decoding=\"async\" loading=\"lazy\" \/><\/a><p>Als sei der Wirbel um den verschobenen Verkaufsstart und der anschlie\u00dfende Bericht des Reparaturportals ifixit \u00fcber Verarbeitungsm\u00e4ngel des Klapp-Handys Galaxy Fold nicht genug. Samsung bettelt erneut um negative Schlagzeilen und hat daf\u00fcr gesorgt, dass der ifixit-Bericht zum Galaxy Fold entfernt wird. ifixit ist f\u00fcr seine Detailanalysen von neuen Ger\u00e4ten bekannt. So hat das Unternehmen zu [&hellip;]<\/p>\n","protected":false},"author":2,"featured_media":140573,"comment_status":"open","ping_status":"closed","sticky":false,"template":"","format":"standard","meta":{"footnotes":""},"categories":[1],"tags":[4614,125],"class_list":["post-140571","post","type-post","status-publish","format-standard","has-post-thumbnail","hentry","category-news","tag-galaxy-fold","tag-samsung"],"aioseo_notices":[],"subheadline":["Auf der Suche nach schlechter Presse"],"featured_image":["https:\/\/images.iphone-ticker.de\/wp-content\/uploads\/2019\/02\/samsung-galaxy-fold.jpg"],"rest_api_enabler":{"subheadline":"Auf der Suche nach schlechter Presse","featured_image":"https:\/\/images.iphone-ticker.de\/wp-content\/uploads\/2019\/02\/samsung-galaxy-fold.jpg"},"_links":{"self":[{"href":"https:\/\/www.iphone-ticker.de\/apiv2\/wp\/v2\/posts\/140571","targetHints":{"allow":["GET"]}}],"collection":[{"href":"https:\/\/www.iphone-ticker.de\/apiv2\/wp\/v2\/posts"}],"about":[{"href":"https:\/\/www.iphone-ticker.de\/apiv2\/wp\/v2\/types\/post"}],"author":[{"embeddable":true,"href":"https:\/\/www.iphone-ticker.de\/apiv2\/wp\/v2\/users\/2"}],"replies":[{"embeddable":true,"href":"https:\/\/www.iphone-ticker.de\/apiv2\/wp\/v2\/comments?post=140571"}],"version-history":[{"count":5,"href":"https:\/\/www.iphone-ticker.de\/apiv2\/wp\/v2\/posts\/140571\/revisions"}],"predecessor-version":[{"id":140577,"href":"https:\/\/www.iphone-ticker.de\/apiv2\/wp\/v2\/posts\/140571\/revisions\/140577"}],"wp:featuredmedia":[{"embeddable":true,"href":"https:\/\/www.iphone-ticker.de\/apiv2\/wp\/v2\/media\/140573"}],"wp:attachment":[{"href":"https:\/\/www.iphone-ticker.de\/apiv2\/wp\/v2\/media?parent=140571"}],"wp:term":[{"taxonomy":"category","embeddable":true,"href":"https:\/\/www.iphone-ticker.de\/apiv2\/wp\/v2\/categories?post=140571"},{"taxonomy":"post_tag","embeddable":true,"href":"https:\/\/www.iphone-ticker.de\/apiv2\/wp\/v2\/tags?post=140571"}],"curies":[{"name":"wp","href":"https:\/\/api.w.org\/{rel}","templated":true}]}}