{"id":140488,"date":"2019-04-24T17:17:52","date_gmt":"2019-04-24T15:17:52","guid":{"rendered":"https:\/\/www.iphone-ticker.de\/?p=140488"},"modified":"2019-04-24T17:18:52","modified_gmt":"2019-04-24T15:18:52","slug":"7mm-zu-viel-im-inneren-des-samsung-galaxy-fold","status":"publish","type":"post","link":"https:\/\/www.iphone-ticker.de\/7mm-zu-viel-im-inneren-des-samsung-galaxy-fold-140488\/","title":{"rendered":"7mm zu viel: Im Inneren des Samsung Galaxy Fold"},"content":{"rendered":"<p>Dass ausgerechnet die Reparaturservice-Spezialisten von iFixit eines der vorab ausgegebenen Testger\u00e4te des neuen Galaxy Fold in ihren Besitz bringen konnten, wird Samsungs Marketing-Abteilung nicht gefallen &#8211; andererseits werden die Koreaner nach dem <a href=\"https:\/\/www.iphone-ticker.de\/samsung-galaxy-fold-neue-geraete-fallen-reihenweise-aus-140297\/\">vergeigten Start<\/a> des faltbaren Smartphones ohnehin genug um die Ohren haben. <\/p>\n<p><a href=\"https:\/\/images.iphone-ticker.de\/wp-content\/uploads\/2019\/04\/Galaxy-Fold-ifixit-folie.jpg\"><img loading=\"lazy\" decoding=\"async\" src=\"https:\/\/images.iphone-ticker.de\/wp-content\/uploads\/2019\/04\/Galaxy-Fold-ifixit-folie-500x376.jpg\" alt=\"Galaxy Fold Ifixit Folie\" width=\"500\" height=\"376\" class=\"aligncenter size-medium wp-image-140495\" srcset=\"https:\/\/images.iphone-ticker.de\/wp-content\/uploads\/2019\/04\/Galaxy-Fold-ifixit-folie-500x376.jpg 500w, https:\/\/images.iphone-ticker.de\/wp-content\/uploads\/2019\/04\/Galaxy-Fold-ifixit-folie.jpg 562w\" sizes=\"auto, (max-width: 500px) 100vw, 500px\" \/><\/a><\/p>\n<h6>Keine Schutzfolie sondern wichtiger Teil des Displays<\/h6>\n<p><a href=\"https:\/\/www.iphone-ticker.de\/samsung-galaxy-fold-verkauf-bis-auf-weiteres-verschoben-140352\/\">Wie berichtet<\/a> hat Samsung den Verkaufsstart bis auf Weiteres verschoben &#8211; nun soll der neue Launch-Termin des $2000 teuren, faltbaren Smartphones, das von vielen fr\u00fchen Testern eher als Prototyp denn als serienreifer iPhone-Konkurrent beschrieben wurde, in den kommenden Wochen bekanntgegeben werden.<\/p>\n<p>Eine ungewisse Wartezeit, die man bei iFixit genutzt hat, um einen <a href=\"https:\/\/www.ifixit.com\/Teardown\/Samsung+Galaxy+Fold+Teardown\/122600\">Blick in das Ger\u00e4te-Innere<\/a> zu werfen. <\/p>\n<p><a href=\"https:\/\/images.iphone-ticker.de\/wp-content\/uploads\/2019\/04\/display-platz.jpg\"><img loading=\"lazy\" decoding=\"async\" src=\"https:\/\/images.iphone-ticker.de\/wp-content\/uploads\/2019\/04\/display-platz-700x525.jpg\" alt=\"Display Platz\" width=\"700\" height=\"525\" class=\"aligncenter size-large wp-image-140492\" srcset=\"https:\/\/images.iphone-ticker.de\/wp-content\/uploads\/2019\/04\/display-platz-700x525.jpg 700w, https:\/\/images.iphone-ticker.de\/wp-content\/uploads\/2019\/04\/display-platz-500x375.jpg 500w, https:\/\/images.iphone-ticker.de\/wp-content\/uploads\/2019\/04\/display-platz.jpg 1600w\" sizes=\"auto, (max-width: 700px) 100vw, 700px\" \/><\/a><\/p>\n<h2>Die relevanten Erkenntnisse<\/h2>\n<p>Die Display-Komponente, die von vielen Testern f\u00e4lschlicherweise als Schutzfolie identifiziert und daraufhin entfernt wurde (ein Eingriff der die Ger\u00e4te reihenweise au\u00dfer Gefecht setzte) sieht der ab Werk applizierten Display-Schutzfolie des Galaxy S10 erstaunlich \u00e4hnlich. <\/p>\n<p>Aufgeklappt wartet eine 7mm gro\u00dfe \u00d6ffnung direkt unter dem R\u00fcckgrat des Galaxy Fold auf Schmutz und Kr\u00fcmel, die sich so unter dem Display sammeln und dieses von Innen funktionslos machen k\u00f6nnen.<\/p>\n<p>Zudem sieht iFixit eine langfristige Schwachstelle in den beweglichen Komponenten des Galaxy Fold:<\/p>\n<p>Die Mechanik, die das Falten erm\u00f6glicht, wird sich im Laufe der Zeit wahrscheinlich abnutzen. Die dauernde Belastung der Scharniere und des Displays wird langfristig einen Austausch erforderlich machen.<\/p>\n<p><a href=\"https:\/\/images.iphone-ticker.de\/wp-content\/uploads\/2019\/04\/Galaxy-Fold-ifixit-falthandy.jpg\"><img loading=\"lazy\" decoding=\"async\" src=\"https:\/\/images.iphone-ticker.de\/wp-content\/uploads\/2019\/04\/Galaxy-Fold-ifixit-falthandy-700x525.jpg\" alt=\"Galaxy Fold Ifixit Falthandy\" width=\"700\" height=\"525\" class=\"aligncenter size-large wp-image-140493\" srcset=\"https:\/\/images.iphone-ticker.de\/wp-content\/uploads\/2019\/04\/Galaxy-Fold-ifixit-falthandy-700x525.jpg 700w, https:\/\/images.iphone-ticker.de\/wp-content\/uploads\/2019\/04\/Galaxy-Fold-ifixit-falthandy-500x375.jpg 500w, https:\/\/images.iphone-ticker.de\/wp-content\/uploads\/2019\/04\/Galaxy-Fold-ifixit-falthandy.jpg 1600w\" sizes=\"auto, (max-width: 700px) 100vw, 700px\" \/><\/a><\/p>\n","protected":false},"excerpt":{"rendered":"<a href=\"https:\/\/www.iphone-ticker.de\/7mm-zu-viel-im-inneren-des-samsung-galaxy-fold-140488\/\"><img width=\"150\" height=\"150\" src=\"https:\/\/images.iphone-ticker.de\/wp-content\/uploads\/2019\/04\/Galaxy-Fold-ifixit-falthandy-150x150.jpg\" class=\"alignright tfe wp-post-image\" alt=\"Galaxy Fold Ifixit Falthandy\" decoding=\"async\" loading=\"lazy\" \/><\/a><p>Dass ausgerechnet die Reparaturservice-Spezialisten von iFixit eines der vorab ausgegebenen Testger\u00e4te des neuen Galaxy Fold in ihren Besitz bringen konnten, wird Samsungs Marketing-Abteilung nicht gefallen &#8211; andererseits werden die Koreaner nach dem vergeigten Start des faltbaren Smartphones ohnehin genug um die Ohren haben. Keine Schutzfolie sondern wichtiger Teil des Displays Wie berichtet hat Samsung den [&hellip;]<\/p>\n","protected":false},"author":1,"featured_media":140493,"comment_status":"open","ping_status":"closed","sticky":false,"template":"","format":"standard","meta":{"footnotes":""},"categories":[1],"tags":[4614,3161,32,125],"class_list":["post-140488","post","type-post","status-publish","format-standard","has-post-thumbnail","hentry","category-news","tag-galaxy-fold","tag-ifixit","tag-kritik","tag-samsung"],"aioseo_notices":[],"aioseo_head":"\n\t\t<!-- All in One SEO Pro 5.0.1 - aioseo.com -->\n\t<meta name=\"description\" content=\"Dass ausgerechnet die Reparaturservice-Spezialisten von iFixit eines der vorab ausgegebenen Testger\u00e4te des neuen Galaxy Fold in ihren Besitz bringen konnten, wird Samsungs Marketing-Abteilung nicht gefallen - andererseits werden die Koreaner nach dem vergeigten Start des faltbaren Smartphones ohnehin genug um die Ohren haben. Keine Schutzfolie sondern wichtiger Teil des Displays Wie berichtet hat Samsung den\" \/>\n\t<meta name=\"robots\" content=\"max-image-preview:large\" \/>\n\t<meta name=\"author\" content=\"Nicolas\"\/>\n\t<meta name=\"google-site-verification\" content=\"bRuV4_wqNuoQLypC9HVKibZ0X7EtNyELtju97qgyflM\" \/>\n\t<link rel=\"canonical\" href=\"https:\/\/www.iphone-ticker.de\/7mm-zu-viel-im-inneren-des-samsung-galaxy-fold-140488\/\" \/>\n\t<meta name=\"generator\" content=\"All in One SEO Pro (AIOSEO) 5.0.1\" \/>\n\t\t<meta property=\"og:locale\" content=\"de_DE\" \/>\n\t\t<meta property=\"og:site_name\" content=\"iphone-ticker.de | Alles zum iPhone. Seit 2007.\" \/>\n\t\t<meta property=\"og:type\" content=\"article\" \/>\n\t\t<meta property=\"og:title\" content=\"7mm zu viel: Im Inneren des Samsung Galaxy Fold | iphone-ticker.de\" \/>\n\t\t<meta property=\"og:description\" content=\"Dass ausgerechnet die Reparaturservice-Spezialisten von iFixit eines der vorab ausgegebenen Testger\u00e4te des neuen Galaxy Fold in ihren Besitz bringen konnten, wird Samsungs Marketing-Abteilung nicht gefallen - andererseits werden die Koreaner nach dem vergeigten Start des faltbaren Smartphones ohnehin genug um die Ohren haben. Keine Schutzfolie sondern wichtiger Teil des Displays Wie berichtet hat Samsung den\" \/>\n\t\t<meta property=\"og:url\" content=\"https:\/\/www.iphone-ticker.de\/7mm-zu-viel-im-inneren-des-samsung-galaxy-fold-140488\/\" \/>\n\t\t<meta property=\"article:published_time\" content=\"2019-04-24T15:17:52+00:00\" \/>\n\t\t<meta property=\"article:modified_time\" content=\"2019-04-24T15:18:52+00:00\" \/>\n\t\t<meta property=\"article:publisher\" content=\"https:\/\/facebook.com\/ifun.de\" \/>\n\t\t<meta name=\"twitter:card\" content=\"summary_large_image\" \/>\n\t\t<meta name=\"twitter:site\" content=\"@iphoneticker\" \/>\n\t\t<meta name=\"twitter:title\" content=\"7mm zu viel: Im Inneren des Samsung Galaxy Fold | iphone-ticker.de\" \/>\n\t\t<meta name=\"twitter:description\" content=\"Dass ausgerechnet die Reparaturservice-Spezialisten von iFixit eines der vorab ausgegebenen Testger\u00e4te des neuen Galaxy Fold in ihren Besitz bringen konnten, wird Samsungs Marketing-Abteilung nicht gefallen - andererseits werden die Koreaner nach dem vergeigten Start des faltbaren Smartphones ohnehin genug um die Ohren haben. Keine Schutzfolie sondern wichtiger Teil des Displays Wie berichtet hat Samsung den\" \/>\n\t\t<meta name=\"twitter:creator\" content=\"@iphoneticker\" \/>\n\t\t<script type=\"application\/ld+json\" class=\"aioseo-schema\">\n\t\t\t{\"@context\":\"https:\\\/\\\/schema.org\",\"@graph\":[{\"@type\":\"BreadcrumbList\",\"@id\":\"https:\\\/\\\/www.iphone-ticker.de\\\/7mm-zu-viel-im-inneren-des-samsung-galaxy-fold-140488\\\/#breadcrumblist\",\"itemListElement\":[{\"@type\":\"ListItem\",\"@id\":\"https:\\\/\\\/www.iphone-ticker.de#listItem\",\"position\":1,\"name\":\"Home\",\"item\":\"https:\\\/\\\/www.iphone-ticker.de\",\"nextItem\":{\"@type\":\"ListItem\",\"@id\":\"https:\\\/\\\/www.iphone-ticker.de\\\/category\\\/news\\\/#listItem\",\"name\":\"News\"}},{\"@type\":\"ListItem\",\"@id\":\"https:\\\/\\\/www.iphone-ticker.de\\\/category\\\/news\\\/#listItem\",\"position\":2,\"name\":\"News\",\"item\":\"https:\\\/\\\/www.iphone-ticker.de\\\/category\\\/news\\\/\",\"nextItem\":{\"@type\":\"ListItem\",\"@id\":\"https:\\\/\\\/www.iphone-ticker.de\\\/7mm-zu-viel-im-inneren-des-samsung-galaxy-fold-140488\\\/#listItem\",\"name\":\"7mm zu viel: Im Inneren des Samsung Galaxy Fold\"},\"previousItem\":{\"@type\":\"ListItem\",\"@id\":\"https:\\\/\\\/www.iphone-ticker.de#listItem\",\"name\":\"Home\"}},{\"@type\":\"ListItem\",\"@id\":\"https:\\\/\\\/www.iphone-ticker.de\\\/7mm-zu-viel-im-inneren-des-samsung-galaxy-fold-140488\\\/#listItem\",\"position\":3,\"name\":\"7mm zu viel: Im Inneren des Samsung Galaxy Fold\",\"previousItem\":{\"@type\":\"ListItem\",\"@id\":\"https:\\\/\\\/www.iphone-ticker.de\\\/category\\\/news\\\/#listItem\",\"name\":\"News\"}}]},{\"@type\":\"NewsArticle\",\"@id\":\"https:\\\/\\\/www.iphone-ticker.de\\\/7mm-zu-viel-im-inneren-des-samsung-galaxy-fold-140488\\\/#newsarticle\",\"name\":\"7mm zu viel: Im Inneren des Samsung Galaxy Fold | iphone-ticker.de\",\"headline\":\"7mm zu viel: Im Inneren des Samsung Galaxy Fold\",\"author\":{\"@id\":\"https:\\\/\\\/www.iphone-ticker.de\\\/author\\\/admin\\\/#author\"},\"publisher\":{\"@id\":\"https:\\\/\\\/www.iphone-ticker.de\\\/#organization\"},\"image\":{\"@type\":\"ImageObject\",\"url\":\"https:\\\/\\\/images.iphone-ticker.de\\\/wp-content\\\/uploads\\\/2019\\\/04\\\/Galaxy-Fold-ifixit-falthandy.jpg\",\"width\":1600,\"height\":1200,\"caption\":\"Galaxy Fold Ifixit Falthandy\"},\"datePublished\":\"2019-04-24T17:17:52+02:00\",\"dateModified\":\"2019-04-24T17:18:52+02:00\",\"inLanguage\":\"de-DE\",\"commentCount\":72,\"mainEntityOfPage\":{\"@id\":\"https:\\\/\\\/www.iphone-ticker.de\\\/7mm-zu-viel-im-inneren-des-samsung-galaxy-fold-140488\\\/#webpage\"},\"isPartOf\":{\"@id\":\"https:\\\/\\\/www.iphone-ticker.de\\\/7mm-zu-viel-im-inneren-des-samsung-galaxy-fold-140488\\\/#webpage\"},\"articleSection\":\"News, Galaxy Fold, iFixit, Kritik, Samsung\",\"dateline\":\"Ver\\u00f6ffentlicht am April 24, 2019.\"},{\"@type\":\"Organization\",\"@id\":\"https:\\\/\\\/www.iphone-ticker.de\\\/#organization\",\"name\":\"aketo GmbH\",\"description\":\"Die aketo GmbH versorgt das deutschsprachige Internet mit den f\\u00fchrenden Nachrichtenangeboten zu Apple, dem iPhone, dem iPad und Apples Lifestyle-Produkten. Konzepte, Redaktion, Recherchen und Archiv.\",\"url\":\"https:\\\/\\\/www.iphone-ticker.de\\\/\",\"email\":\"ifun.de@gmail.com\",\"telephone\":\"+493057707123\",\"foundingDate\":\"2007-01-01\",\"logo\":{\"@type\":\"ImageObject\",\"url\":\"https:\\\/\\\/images.iphone-ticker.de\\\/wp-content\\\/uploads\\\/2026\\\/02\\\/apple-touch-icon.png\",\"@id\":\"https:\\\/\\\/www.iphone-ticker.de\\\/7mm-zu-viel-im-inneren-des-samsung-galaxy-fold-140488\\\/#organizationLogo\",\"width\":1024,\"height\":1024,\"caption\":\"Apple Touch Icon\"},\"image\":{\"@id\":\"https:\\\/\\\/www.iphone-ticker.de\\\/7mm-zu-viel-im-inneren-des-samsung-galaxy-fold-140488\\\/#organizationLogo\"},\"sameAs\":[\"https:\\\/\\\/facebook.com\\\/ifun.de\",\"https:\\\/\\\/x.com\\\/iphoneticker\"]},{\"@type\":\"Person\",\"@id\":\"https:\\\/\\\/www.iphone-ticker.de\\\/author\\\/admin\\\/#author\",\"url\":\"https:\\\/\\\/www.iphone-ticker.de\\\/author\\\/admin\\\/\",\"name\":\"Nicolas\"},{\"@type\":\"WebPage\",\"@id\":\"https:\\\/\\\/www.iphone-ticker.de\\\/7mm-zu-viel-im-inneren-des-samsung-galaxy-fold-140488\\\/#webpage\",\"url\":\"https:\\\/\\\/www.iphone-ticker.de\\\/7mm-zu-viel-im-inneren-des-samsung-galaxy-fold-140488\\\/\",\"name\":\"7mm zu viel: Im Inneren des Samsung Galaxy Fold | iphone-ticker.de\",\"description\":\"Dass ausgerechnet die Reparaturservice-Spezialisten von iFixit eines der vorab ausgegebenen Testger\\u00e4te des neuen Galaxy Fold in ihren Besitz bringen konnten, wird Samsungs Marketing-Abteilung nicht gefallen - andererseits werden die Koreaner nach dem vergeigten Start des faltbaren Smartphones ohnehin genug um die Ohren haben. Keine Schutzfolie sondern wichtiger Teil des Displays Wie berichtet hat Samsung den\",\"inLanguage\":\"de-DE\",\"isPartOf\":{\"@id\":\"https:\\\/\\\/www.iphone-ticker.de\\\/#website\"},\"breadcrumb\":{\"@id\":\"https:\\\/\\\/www.iphone-ticker.de\\\/7mm-zu-viel-im-inneren-des-samsung-galaxy-fold-140488\\\/#breadcrumblist\"},\"author\":{\"@id\":\"https:\\\/\\\/www.iphone-ticker.de\\\/author\\\/admin\\\/#author\"},\"creator\":{\"@id\":\"https:\\\/\\\/www.iphone-ticker.de\\\/author\\\/admin\\\/#author\"},\"image\":{\"@type\":\"ImageObject\",\"url\":\"https:\\\/\\\/images.iphone-ticker.de\\\/wp-content\\\/uploads\\\/2019\\\/04\\\/Galaxy-Fold-ifixit-falthandy.jpg\",\"@id\":\"https:\\\/\\\/www.iphone-ticker.de\\\/7mm-zu-viel-im-inneren-des-samsung-galaxy-fold-140488\\\/#mainImage\",\"width\":1600,\"height\":1200,\"caption\":\"Galaxy Fold Ifixit Falthandy\"},\"primaryImageOfPage\":{\"@id\":\"https:\\\/\\\/www.iphone-ticker.de\\\/7mm-zu-viel-im-inneren-des-samsung-galaxy-fold-140488\\\/#mainImage\"},\"datePublished\":\"2019-04-24T17:17:52+02:00\",\"dateModified\":\"2019-04-24T17:18:52+02:00\"},{\"@type\":\"WebSite\",\"@id\":\"https:\\\/\\\/www.iphone-ticker.de\\\/#website\",\"url\":\"https:\\\/\\\/www.iphone-ticker.de\\\/\",\"name\":\"iphone-ticker.de\",\"description\":\"Alles zum iPhone. Seit 2007.\",\"inLanguage\":\"de-DE\",\"publisher\":{\"@id\":\"https:\\\/\\\/www.iphone-ticker.de\\\/#organization\"}}]}\n\t\t<\/script>\n\t\t<!-- All in One SEO Pro -->\r\n\t\t<title>7mm zu viel: Im Inneren des Samsung Galaxy Fold | iphone-ticker.de<\/title>\n\n","aioseo_head_json":{"title":"7mm zu viel: Im Inneren des Samsung Galaxy Fold | iphone-ticker.de","description":"Dass ausgerechnet die Reparaturservice-Spezialisten von iFixit eines der vorab ausgegebenen Testger\u00e4te des neuen Galaxy Fold in ihren Besitz bringen konnten, wird Samsungs Marketing-Abteilung nicht gefallen - andererseits werden die Koreaner nach dem vergeigten Start des faltbaren Smartphones ohnehin genug um die Ohren haben. Keine Schutzfolie sondern wichtiger Teil des Displays Wie berichtet hat Samsung den","canonical_url":"https:\/\/www.iphone-ticker.de\/7mm-zu-viel-im-inneren-des-samsung-galaxy-fold-140488\/","robots":"max-image-preview:large","keywords":"","webmasterTools":{"google-site-verification":"bRuV4_wqNuoQLypC9HVKibZ0X7EtNyELtju97qgyflM","miscellaneous":""},"schema":{"@context":"https:\/\/schema.org","@graph":[{"@type":"BreadcrumbList","@id":"https:\/\/www.iphone-ticker.de\/7mm-zu-viel-im-inneren-des-samsung-galaxy-fold-140488\/#breadcrumblist","itemListElement":[{"@type":"ListItem","@id":"https:\/\/www.iphone-ticker.de#listItem","position":1,"name":"Home","item":"https:\/\/www.iphone-ticker.de","nextItem":{"@type":"ListItem","@id":"https:\/\/www.iphone-ticker.de\/category\/news\/#listItem","name":"News"}},{"@type":"ListItem","@id":"https:\/\/www.iphone-ticker.de\/category\/news\/#listItem","position":2,"name":"News","item":"https:\/\/www.iphone-ticker.de\/category\/news\/","nextItem":{"@type":"ListItem","@id":"https:\/\/www.iphone-ticker.de\/7mm-zu-viel-im-inneren-des-samsung-galaxy-fold-140488\/#listItem","name":"7mm zu viel: Im Inneren des Samsung Galaxy Fold"},"previousItem":{"@type":"ListItem","@id":"https:\/\/www.iphone-ticker.de#listItem","name":"Home"}},{"@type":"ListItem","@id":"https:\/\/www.iphone-ticker.de\/7mm-zu-viel-im-inneren-des-samsung-galaxy-fold-140488\/#listItem","position":3,"name":"7mm zu viel: Im Inneren des Samsung Galaxy Fold","previousItem":{"@type":"ListItem","@id":"https:\/\/www.iphone-ticker.de\/category\/news\/#listItem","name":"News"}}]},{"@type":"NewsArticle","@id":"https:\/\/www.iphone-ticker.de\/7mm-zu-viel-im-inneren-des-samsung-galaxy-fold-140488\/#newsarticle","name":"7mm zu viel: Im Inneren des Samsung Galaxy Fold | iphone-ticker.de","headline":"7mm zu viel: Im Inneren des Samsung Galaxy Fold","author":{"@id":"https:\/\/www.iphone-ticker.de\/author\/admin\/#author"},"publisher":{"@id":"https:\/\/www.iphone-ticker.de\/#organization"},"image":{"@type":"ImageObject","url":"https:\/\/images.iphone-ticker.de\/wp-content\/uploads\/2019\/04\/Galaxy-Fold-ifixit-falthandy.jpg","width":1600,"height":1200,"caption":"Galaxy Fold Ifixit Falthandy"},"datePublished":"2019-04-24T17:17:52+02:00","dateModified":"2019-04-24T17:18:52+02:00","inLanguage":"de-DE","commentCount":72,"mainEntityOfPage":{"@id":"https:\/\/www.iphone-ticker.de\/7mm-zu-viel-im-inneren-des-samsung-galaxy-fold-140488\/#webpage"},"isPartOf":{"@id":"https:\/\/www.iphone-ticker.de\/7mm-zu-viel-im-inneren-des-samsung-galaxy-fold-140488\/#webpage"},"articleSection":"News, Galaxy Fold, iFixit, Kritik, Samsung","dateline":"Ver\u00f6ffentlicht am April 24, 2019."},{"@type":"Organization","@id":"https:\/\/www.iphone-ticker.de\/#organization","name":"aketo GmbH","description":"Die aketo GmbH versorgt das deutschsprachige Internet mit den f\u00fchrenden Nachrichtenangeboten zu Apple, dem iPhone, dem iPad und Apples Lifestyle-Produkten. Konzepte, Redaktion, Recherchen und Archiv.","url":"https:\/\/www.iphone-ticker.de\/","email":"ifun.de@gmail.com","telephone":"+493057707123","foundingDate":"2007-01-01","logo":{"@type":"ImageObject","url":"https:\/\/images.iphone-ticker.de\/wp-content\/uploads\/2026\/02\/apple-touch-icon.png","@id":"https:\/\/www.iphone-ticker.de\/7mm-zu-viel-im-inneren-des-samsung-galaxy-fold-140488\/#organizationLogo","width":1024,"height":1024,"caption":"Apple Touch Icon"},"image":{"@id":"https:\/\/www.iphone-ticker.de\/7mm-zu-viel-im-inneren-des-samsung-galaxy-fold-140488\/#organizationLogo"},"sameAs":["https:\/\/facebook.com\/ifun.de","https:\/\/x.com\/iphoneticker"]},{"@type":"Person","@id":"https:\/\/www.iphone-ticker.de\/author\/admin\/#author","url":"https:\/\/www.iphone-ticker.de\/author\/admin\/","name":"Nicolas"},{"@type":"WebPage","@id":"https:\/\/www.iphone-ticker.de\/7mm-zu-viel-im-inneren-des-samsung-galaxy-fold-140488\/#webpage","url":"https:\/\/www.iphone-ticker.de\/7mm-zu-viel-im-inneren-des-samsung-galaxy-fold-140488\/","name":"7mm zu viel: Im Inneren des Samsung Galaxy Fold | iphone-ticker.de","description":"Dass ausgerechnet die Reparaturservice-Spezialisten von iFixit eines der vorab ausgegebenen Testger\u00e4te des neuen Galaxy Fold in ihren Besitz bringen konnten, wird Samsungs Marketing-Abteilung nicht gefallen - andererseits werden die Koreaner nach dem vergeigten Start des faltbaren Smartphones ohnehin genug um die Ohren haben. Keine Schutzfolie sondern wichtiger Teil des Displays Wie berichtet hat Samsung den","inLanguage":"de-DE","isPartOf":{"@id":"https:\/\/www.iphone-ticker.de\/#website"},"breadcrumb":{"@id":"https:\/\/www.iphone-ticker.de\/7mm-zu-viel-im-inneren-des-samsung-galaxy-fold-140488\/#breadcrumblist"},"author":{"@id":"https:\/\/www.iphone-ticker.de\/author\/admin\/#author"},"creator":{"@id":"https:\/\/www.iphone-ticker.de\/author\/admin\/#author"},"image":{"@type":"ImageObject","url":"https:\/\/images.iphone-ticker.de\/wp-content\/uploads\/2019\/04\/Galaxy-Fold-ifixit-falthandy.jpg","@id":"https:\/\/www.iphone-ticker.de\/7mm-zu-viel-im-inneren-des-samsung-galaxy-fold-140488\/#mainImage","width":1600,"height":1200,"caption":"Galaxy Fold Ifixit Falthandy"},"primaryImageOfPage":{"@id":"https:\/\/www.iphone-ticker.de\/7mm-zu-viel-im-inneren-des-samsung-galaxy-fold-140488\/#mainImage"},"datePublished":"2019-04-24T17:17:52+02:00","dateModified":"2019-04-24T17:18:52+02:00"},{"@type":"WebSite","@id":"https:\/\/www.iphone-ticker.de\/#website","url":"https:\/\/www.iphone-ticker.de\/","name":"iphone-ticker.de","description":"Alles zum iPhone. Seit 2007.","inLanguage":"de-DE","publisher":{"@id":"https:\/\/www.iphone-ticker.de\/#organization"}}]},"og:locale":"de_DE","og:site_name":"iphone-ticker.de | Alles zum iPhone. Seit 2007.","og:type":"article","og:title":"7mm zu viel: Im Inneren des Samsung Galaxy Fold | iphone-ticker.de","og:description":"Dass ausgerechnet die Reparaturservice-Spezialisten von iFixit eines der vorab ausgegebenen Testger\u00e4te des neuen Galaxy Fold in ihren Besitz bringen konnten, wird Samsungs Marketing-Abteilung nicht gefallen - andererseits werden die Koreaner nach dem vergeigten Start des faltbaren Smartphones ohnehin genug um die Ohren haben. Keine Schutzfolie sondern wichtiger Teil des Displays Wie berichtet hat Samsung den","og:url":"https:\/\/www.iphone-ticker.de\/7mm-zu-viel-im-inneren-des-samsung-galaxy-fold-140488\/","article:published_time":"2019-04-24T15:17:52+00:00","article:modified_time":"2019-04-24T15:18:52+00:00","article:publisher":"https:\/\/facebook.com\/ifun.de","twitter:card":"summary_large_image","twitter:site":"@iphoneticker","twitter:title":"7mm zu viel: Im Inneren des Samsung Galaxy Fold | iphone-ticker.de","twitter:description":"Dass ausgerechnet die Reparaturservice-Spezialisten von iFixit eines der vorab ausgegebenen Testger\u00e4te des neuen Galaxy Fold in ihren Besitz bringen konnten, wird Samsungs Marketing-Abteilung nicht gefallen - andererseits werden die Koreaner nach dem vergeigten Start des faltbaren Smartphones ohnehin genug um die Ohren haben. Keine Schutzfolie sondern wichtiger Teil des Displays Wie berichtet hat Samsung den","twitter:creator":"@iphoneticker"},"aioseo_meta_data":{"post_id":"140488","title":null,"description":null,"keywords":null,"keyphrases":null,"primary_term":null,"canonical_url":null,"og_title":null,"og_description":null,"og_object_type":"default","og_image_type":"default","og_image_url":null,"og_image_width":null,"og_image_height":null,"og_image_custom_url":null,"og_image_custom_fields":null,"og_video":null,"og_custom_url":null,"og_article_section":null,"og_article_tags":null,"twitter_use_og":false,"twitter_card":"default","twitter_image_type":"default","twitter_image_url":null,"twitter_image_custom_url":null,"twitter_image_custom_fields":null,"twitter_title":null,"twitter_description":null,"schema":{"blockGraphs":[],"customGraphs":[],"default":{"data":{"Article":[],"Course":[],"Dataset":[],"FAQPage":[],"Movie":[],"Person":[],"Product":[],"ProductReview":[],"Car":[],"Recipe":[],"Service":[],"SoftwareApplication":[],"WebPage":[]},"graphName":"NewsArticle","isEnabled":true},"graphs":[]},"schema_type":"default","schema_type_options":null,"pillar_content":false,"robots_default":true,"robots_noindex":false,"robots_noarchive":false,"robots_nosnippet":false,"robots_nofollow":false,"robots_noimageindex":false,"robots_noodp":false,"robots_notranslate":false,"robots_max_snippet":null,"robots_max_videopreview":null,"robots_max_imagepreview":"large","priority":null,"frequency":null,"local_seo":null,"seo_analyzer_scan_date":"2026-07-03 17:22:52","breadcrumb_settings":null,"limit_modified_date":false,"open_ai":null,"ai":null,"created":"2026-02-19 23:16:55","updated":"2026-07-03 17:22:52","focus_keyword":null,"additional_keywords":null,"truseo_locale":null},"aioseo_breadcrumb":"<div class=\"aioseo-breadcrumbs\"><span class=\"aioseo-breadcrumb\">\n\t<a href=\"https:\/\/www.iphone-ticker.de\" title=\"Home\">Home<\/a>\n<\/span><span class=\"aioseo-breadcrumb-separator\">\u00bb<\/span><span class=\"aioseo-breadcrumb\">\n\t<a href=\"https:\/\/www.iphone-ticker.de\/category\/news\/\" title=\"News\">News<\/a>\n<\/span><span class=\"aioseo-breadcrumb-separator\">\u00bb<\/span><span class=\"aioseo-breadcrumb\">\n\t7mm zu viel: Im Inneren des Samsung Galaxy Fold\n<\/span><\/div>","aioseo_breadcrumb_json":[{"label":"Home","link":"https:\/\/www.iphone-ticker.de"},{"label":"News","link":"https:\/\/www.iphone-ticker.de\/category\/news\/"},{"label":"7mm zu viel: Im Inneren des Samsung Galaxy Fold","link":"https:\/\/www.iphone-ticker.de\/7mm-zu-viel-im-inneren-des-samsung-galaxy-fold-140488\/"}],"subheadline":["Mechanik fehleranf\u00e4llig"],"featured_image":["https:\/\/images.iphone-ticker.de\/wp-content\/uploads\/2019\/04\/GalaxyFold-7mm.jpg"],"rest_api_enabler":{"subheadline":"Mechanik fehleranf\u00e4llig","featured_image":"https:\/\/images.iphone-ticker.de\/wp-content\/uploads\/2019\/04\/GalaxyFold-7mm.jpg"},"_links":{"self":[{"href":"https:\/\/www.iphone-ticker.de\/apiv2\/wp\/v2\/posts\/140488","targetHints":{"allow":["GET"]}}],"collection":[{"href":"https:\/\/www.iphone-ticker.de\/apiv2\/wp\/v2\/posts"}],"about":[{"href":"https:\/\/www.iphone-ticker.de\/apiv2\/wp\/v2\/types\/post"}],"author":[{"embeddable":true,"href":"https:\/\/www.iphone-ticker.de\/apiv2\/wp\/v2\/users\/1"}],"replies":[{"embeddable":true,"href":"https:\/\/www.iphone-ticker.de\/apiv2\/wp\/v2\/comments?post=140488"}],"version-history":[{"count":3,"href":"https:\/\/www.iphone-ticker.de\/apiv2\/wp\/v2\/posts\/140488\/revisions"}],"predecessor-version":[{"id":140496,"href":"https:\/\/www.iphone-ticker.de\/apiv2\/wp\/v2\/posts\/140488\/revisions\/140496"}],"wp:featuredmedia":[{"embeddable":true,"href":"https:\/\/www.iphone-ticker.de\/apiv2\/wp\/v2\/media\/140493"}],"wp:attachment":[{"href":"https:\/\/www.iphone-ticker.de\/apiv2\/wp\/v2\/media?parent=140488"}],"wp:term":[{"taxonomy":"category","embeddable":true,"href":"https:\/\/www.iphone-ticker.de\/apiv2\/wp\/v2\/categories?post=140488"},{"taxonomy":"post_tag","embeddable":true,"href":"https:\/\/www.iphone-ticker.de\/apiv2\/wp\/v2\/tags?post=140488"}],"curies":[{"name":"wp","href":"https:\/\/api.w.org\/{rel}","templated":true}]}}