{"id":139724,"date":"2019-04-03T20:00:12","date_gmt":"2019-04-03T18:00:12","guid":{"rendered":"https:\/\/www.iphone-ticker.de\/?p=139724"},"modified":"2019-04-03T20:01:57","modified_gmt":"2019-04-03T18:01:57","slug":"powerbeats-pro-mit-h1-chip-und-hey-siri-kommen-im-mai","status":"publish","type":"post","link":"https:\/\/www.iphone-ticker.de\/powerbeats-pro-mit-h1-chip-und-hey-siri-kommen-im-mai-139724\/","title":{"rendered":"Powerbeats Pro mit H1-Chip und &#8222;Hey Siri&#8220; kommen im Mai"},"content":{"rendered":"<p>Die Apple-Tochter Beats hat mit den <a href=\"https:\/\/www.beatsbydre.com\/de\/earphones\/powerbeats-pro\">Powerbeats Pro<\/a> neue, komplett kabellose In-Ear-Ohrh\u00f6rer angek\u00fcndigt. Die H\u00f6rer sollen im Mai zum Preis von 249,95 Euro \u00fcber Apple erh\u00e4ltlich sein.<\/p>\n<p>Die neuen Powerbeats Pro setzen auf den bereits in der aktuellen AirPods-Generation verbauten H1-Prozessor von Apple und bieten ebenfalls die M\u00f6glichkeit zur Siri-Nutzung per Sprachbefehl \u201eHey Siri\u201c. Auch das Einrichten der H\u00f6rer funktioniert \u00e4hnlich komfortabel, wie es bei den AirPods der Fall ist.<\/p>\n<p><a href=\"https:\/\/images.iphone-ticker.de\/wp-content\/uploads\/2019\/04\/powerbeats-pro-elfenbein-im-ladecase.jpg\"><img loading=\"lazy\" decoding=\"async\" src=\"https:\/\/images.iphone-ticker.de\/wp-content\/uploads\/2019\/04\/powerbeats-pro-elfenbein-im-ladecase-500x473.jpg\" alt=\"Powerbeats Pro Elfenbein Im Ladecase\" width=\"500\" height=\"473\" class=\"alignnone size-medium wp-image-139726\" srcset=\"https:\/\/images.iphone-ticker.de\/wp-content\/uploads\/2019\/04\/powerbeats-pro-elfenbein-im-ladecase-500x473.jpg 500w, https:\/\/images.iphone-ticker.de\/wp-content\/uploads\/2019\/04\/powerbeats-pro-elfenbein-im-ladecase-700x662.jpg 700w, https:\/\/images.iphone-ticker.de\/wp-content\/uploads\/2019\/04\/powerbeats-pro-elfenbein-im-ladecase.jpg 1000w\" sizes=\"auto, (max-width: 500px) 100vw, 500px\" \/><\/a><\/p>\n<p>Bei der von Beats in Kooperation mit Apple durchgef\u00fchrten Neuentwicklung lag der Ank\u00fcndigung zufolge besonderes Gewicht auf den Klangeigenschaften der H\u00f6rer. Man habe die Powerbeats Pro komplett \u00fcberarbeitet und mit neuen Technologien ausgestattet. Dabei sei es gelungen, die Powerbeats Pro trotz akustischer Verbesserungen 23 Prozent kleiner und 17 Prozent leichter zu machen als ihr Vorg\u00e4nger. Die Akkulaufzeit wird mit bis zu 9 Stunden pro Ohrh\u00f6rer angegeben, in Kombination mit dem Ladecase seien bis zu 24 Stunden Musikgenuss m\u00f6glich.<\/p>\n<p><a href=\"https:\/\/images.iphone-ticker.de\/wp-content\/uploads\/2019\/04\/powerbeats-pro-farben.jpg\"><img loading=\"lazy\" decoding=\"async\" src=\"https:\/\/images.iphone-ticker.de\/wp-content\/uploads\/2019\/04\/powerbeats-pro-farben-700x271.jpg\" alt=\"Powerbeats Pro Farben\" width=\"700\" height=\"271\" class=\"alignnone size-large wp-image-139727\" srcset=\"https:\/\/images.iphone-ticker.de\/wp-content\/uploads\/2019\/04\/powerbeats-pro-farben-700x271.jpg 700w, https:\/\/images.iphone-ticker.de\/wp-content\/uploads\/2019\/04\/powerbeats-pro-farben-500x194.jpg 500w, https:\/\/images.iphone-ticker.de\/wp-content\/uploads\/2019\/04\/powerbeats-pro-farben.jpg 1400w\" sizes=\"auto, (max-width: 700px) 100vw, 700px\" \/><\/a><\/p>\n<blockquote>\n<p>Powerbeats Pro sind ein harmonischer Mix aus erstklassigem Sound, Passform und Funktionalit\u00e4t. Powerbeats sind bereits die Nummer 1 unter den Fitness-Kopfh\u00f6rern weltweit und sie sind jetzt v\u00f6llig kabellos, mit allen Vorteilen des Apple H1-Chips. Sie m\u00fcssen sich nicht mehr zwischen Leistung und Funktionalit\u00e4t entscheiden &#8211; sie bieten auf beiden Seiten das Beste.<br \/>-Luke Wood, Pr\u00e4sident von Beats<\/p>\n<\/blockquote>\n<p>Interessenten k\u00f6nnen sich auf der <a href=\"https:\/\/www.beatsbydre.com\/de\/earphones\/powerbeats-pro\">Powerbeats-Pro-Webseite<\/a> f\u00fcr einen Newsletter einschreiben. Die H\u00f6rer sollen in den Farben Elfenbein, Schwarz, Moos und Navy auch in Deutschland von Mai an zum Preis von 249,95 Euro erh\u00e4ltlich sein. Im Lieferumfang sind Ohreins\u00e4tze in vier verschiedenen Gr\u00f6\u00dfen und ein Lightning auf USB-A Ladekabel enthalten.<\/p>\n<p><div class=\"responsive-video\"><iframe loading=\"lazy\" width=\"700\" height=\"315\" src=\"https:\/\/www.youtube-nocookie.com\/embed\/mWbijRYhuZs\" frameborder=\"0\" allow=\"accelerometer; autoplay; encrypted-media; gyroscope; picture-in-picture\" allowfullscreen><\/iframe><\/div><\/p>\n","protected":false},"excerpt":{"rendered":"<a href=\"https:\/\/www.iphone-ticker.de\/powerbeats-pro-mit-h1-chip-und-hey-siri-kommen-im-mai-139724\/\"><img width=\"150\" height=\"150\" src=\"https:\/\/images.iphone-ticker.de\/wp-content\/uploads\/2019\/04\/powerbeats-pro-schwarz-150x150.jpg\" class=\"alignright tfe wp-post-image\" alt=\"Powerbeats Pro Schwarz\" decoding=\"async\" loading=\"lazy\" \/><\/a><p>Die Apple-Tochter Beats hat mit den Powerbeats Pro neue, komplett kabellose In-Ear-Ohrh\u00f6rer angek\u00fcndigt. Die H\u00f6rer sollen im Mai zum Preis von 249,95 Euro \u00fcber Apple erh\u00e4ltlich sein. Die neuen Powerbeats Pro setzen auf den bereits in der aktuellen AirPods-Generation verbauten H1-Prozessor von Apple und bieten ebenfalls die M\u00f6glichkeit zur Siri-Nutzung per Sprachbefehl \u201eHey Siri\u201c. Auch [&hellip;]<\/p>\n","protected":false},"author":2,"featured_media":139728,"comment_status":"open","ping_status":"closed","sticky":false,"template":"","format":"standard","meta":{"footnotes":""},"categories":[1],"tags":[208],"class_list":["post-139724","post","type-post","status-publish","format-standard","has-post-thumbnail","hentry","category-news","tag-ohrhorer"],"aioseo_notices":[],"subheadline":["Beats k\u00fcndigt AirPods-Alternative an"],"featured_image":["https:\/\/images.iphone-ticker.de\/wp-content\/uploads\/2019\/04\/powerbeats-pro-schwarz.jpg"],"rest_api_enabler":{"subheadline":"Beats k\u00fcndigt AirPods-Alternative an","featured_image":"https:\/\/images.iphone-ticker.de\/wp-content\/uploads\/2019\/04\/powerbeats-pro-schwarz.jpg"},"_links":{"self":[{"href":"https:\/\/www.iphone-ticker.de\/apiv2\/wp\/v2\/posts\/139724","targetHints":{"allow":["GET"]}}],"collection":[{"href":"https:\/\/www.iphone-ticker.de\/apiv2\/wp\/v2\/posts"}],"about":[{"href":"https:\/\/www.iphone-ticker.de\/apiv2\/wp\/v2\/types\/post"}],"author":[{"embeddable":true,"href":"https:\/\/www.iphone-ticker.de\/apiv2\/wp\/v2\/users\/2"}],"replies":[{"embeddable":true,"href":"https:\/\/www.iphone-ticker.de\/apiv2\/wp\/v2\/comments?post=139724"}],"version-history":[{"count":6,"href":"https:\/\/www.iphone-ticker.de\/apiv2\/wp\/v2\/posts\/139724\/revisions"}],"predecessor-version":[{"id":139733,"href":"https:\/\/www.iphone-ticker.de\/apiv2\/wp\/v2\/posts\/139724\/revisions\/139733"}],"wp:featuredmedia":[{"embeddable":true,"href":"https:\/\/www.iphone-ticker.de\/apiv2\/wp\/v2\/media\/139728"}],"wp:attachment":[{"href":"https:\/\/www.iphone-ticker.de\/apiv2\/wp\/v2\/media?parent=139724"}],"wp:term":[{"taxonomy":"category","embeddable":true,"href":"https:\/\/www.iphone-ticker.de\/apiv2\/wp\/v2\/categories?post=139724"},{"taxonomy":"post_tag","embeddable":true,"href":"https:\/\/www.iphone-ticker.de\/apiv2\/wp\/v2\/tags?post=139724"}],"curies":[{"name":"wp","href":"https:\/\/api.w.org\/{rel}","templated":true}]}}