{"id":139472,"date":"2019-03-29T08:11:19","date_gmt":"2019-03-29T07:11:19","guid":{"rendered":"https:\/\/www.iphone-ticker.de\/?p=139472"},"modified":"2019-03-29T08:27:07","modified_gmt":"2019-03-29T07:27:07","slug":"airpods-lieferzeit-rutscht-nach-hinten-reinigungstipps-fuer-neue-besitzer","status":"publish","type":"post","link":"https:\/\/www.iphone-ticker.de\/airpods-lieferzeit-rutscht-nach-hinten-reinigungstipps-fuer-neue-besitzer-139472\/","title":{"rendered":"AirPods: Lieferzeit rutscht nach hinten &#8211; Reinigungstipps f\u00fcr neue Besitzer"},"content":{"rendered":"<p>Wir m\u00fcssen zun\u00e4chst mal diesen Screenshot von Bj\u00f6rn mit euch teilen. So lieben wir Apple: Wenn was schief l\u00e4uft, bekommen wir das direkt erkl\u00e4rt: Das Fenster im Bild \u00f6ffnet sich auf dem iPhone, sobald man zwei verschiedene <a href=\"https:\/\/apple.sjv.io\/qBXdg\">AirPods<\/a> ins Ladeger\u00e4t steckt und ihr seht nicht nur was falsch gelaufen ist, sondern auch gleich welcher der beiden Ohrstecker nun welcher ist. <\/p>\n<p><a href=\"https:\/\/images.iphone-ticker.de\/wp-content\/uploads\/2019\/03\/verschiedene-airpods-in-der-ladehuelle.jpg\"><img loading=\"lazy\" decoding=\"async\" src=\"https:\/\/images.iphone-ticker.de\/wp-content\/uploads\/2019\/03\/verschiedene-airpods-in-der-ladehuelle-652x700.jpg\" alt=\"Verschiedene Airpods In Der Ladehuelle\" width=\"500\" height=\"537\" class=\"alignnone size-large wp-image-139476\" srcset=\"https:\/\/images.iphone-ticker.de\/wp-content\/uploads\/2019\/03\/verschiedene-airpods-in-der-ladehuelle-652x700.jpg 652w, https:\/\/images.iphone-ticker.de\/wp-content\/uploads\/2019\/03\/verschiedene-airpods-in-der-ladehuelle-465x500.jpg 465w, https:\/\/images.iphone-ticker.de\/wp-content\/uploads\/2019\/03\/verschiedene-airpods-in-der-ladehuelle.jpg 739w\" sizes=\"auto, (max-width: 500px) 100vw, 500px\" \/><\/a><\/p>\n<p>Die Lieferzeiten f\u00fcr die neue Version der Ohrh\u00f6rer sind \u00fcbrigens weiter nach hinten gerutscht. Mittlerweile m\u00fcsst ihr euch auf eine Wartezeit von knapp vier Wochen einstellen, wenn ihr die Version mit drahtlosem Ladecase haben wollt. Auch in den Apple-Ladengesch\u00e4ften sind die neuen AirPods gerade nicht verf\u00fcgbar.<\/p>\n<p>Neue AirPods-Besitzer wollen wir an dieser Stelle auf Apples umfangreichen <a href=\"https:\/\/support.apple.com\/de-de\/airpods\">Supportbereich zu den Ohrh\u00f6rern<\/a> hinweisen. Dort wird unter anderem auch erkl\u00e4rt, <a href=\"https:\/\/support.apple.com\/de-de\/HT208729\">wie man die Dinger reinigt<\/a> (ihr werdet sehen, das ist in regelm\u00e4\u00dfigen Abst\u00e4nden notwendig). Unter der Hand hat sich allerdings gezeigt, dass sich <a href=\"https:\/\/www.iphone-ticker.de\/bitte-ohne-druckluft-apple-gibt-tipps-zur-iphone-reinigung-119635\/\">der alte Typenreinger-Tipp<\/a> als effektiver, wobei <a rel=\"noindex, nofollow\" href=\"http:\/\/www.ifun.de\/amzn\/B01N75L50W\">Klebeknete von Tesa<\/a> oder auch <a rel=\"noindex, nofollow\" href=\"http:\/\/www.ifun.de\/amzn\/B0001OZI70\">Blu Tack<\/a> g\u00fcnstiger und mindestens genauso gut sind.<\/p>\n","protected":false},"excerpt":{"rendered":"<a href=\"https:\/\/www.iphone-ticker.de\/airpods-lieferzeit-rutscht-nach-hinten-reinigungstipps-fuer-neue-besitzer-139472\/\"><img width=\"150\" height=\"150\" src=\"https:\/\/images.iphone-ticker.de\/wp-content\/uploads\/2019\/03\/airpods-header-150x150.jpg\" class=\"alignright tfe wp-post-image\" alt=\"Airpods Header\" decoding=\"async\" loading=\"lazy\" \/><\/a><p>Wir m\u00fcssen zun\u00e4chst mal diesen Screenshot von Bj\u00f6rn mit euch teilen. So lieben wir Apple: Wenn was schief l\u00e4uft, bekommen wir das direkt erkl\u00e4rt: Das Fenster im Bild \u00f6ffnet sich auf dem iPhone, sobald man zwei verschiedene AirPods ins Ladeger\u00e4t steckt und ihr seht nicht nur was falsch gelaufen ist, sondern auch gleich welcher der [&hellip;]<\/p>\n","protected":false},"author":2,"featured_media":139477,"comment_status":"open","ping_status":"closed","sticky":false,"template":"","format":"standard","meta":{"footnotes":""},"categories":[1],"tags":[3567],"class_list":["post-139472","post","type-post","status-publish","format-standard","has-post-thumbnail","hentry","category-news","tag-airpods"],"aioseo_notices":[],"subheadline":["Bis zu 4 Wochen Wartezeit"],"featured_image":["https:\/\/images.iphone-ticker.de\/wp-content\/uploads\/2019\/03\/airpods-header.jpg"],"rest_api_enabler":{"subheadline":"Bis zu 4 Wochen Wartezeit","featured_image":"https:\/\/images.iphone-ticker.de\/wp-content\/uploads\/2019\/03\/airpods-header.jpg"},"_links":{"self":[{"href":"https:\/\/www.iphone-ticker.de\/apiv2\/wp\/v2\/posts\/139472","targetHints":{"allow":["GET"]}}],"collection":[{"href":"https:\/\/www.iphone-ticker.de\/apiv2\/wp\/v2\/posts"}],"about":[{"href":"https:\/\/www.iphone-ticker.de\/apiv2\/wp\/v2\/types\/post"}],"author":[{"embeddable":true,"href":"https:\/\/www.iphone-ticker.de\/apiv2\/wp\/v2\/users\/2"}],"replies":[{"embeddable":true,"href":"https:\/\/www.iphone-ticker.de\/apiv2\/wp\/v2\/comments?post=139472"}],"version-history":[{"count":5,"href":"https:\/\/www.iphone-ticker.de\/apiv2\/wp\/v2\/posts\/139472\/revisions"}],"predecessor-version":[{"id":139479,"href":"https:\/\/www.iphone-ticker.de\/apiv2\/wp\/v2\/posts\/139472\/revisions\/139479"}],"wp:featuredmedia":[{"embeddable":true,"href":"https:\/\/www.iphone-ticker.de\/apiv2\/wp\/v2\/media\/139477"}],"wp:attachment":[{"href":"https:\/\/www.iphone-ticker.de\/apiv2\/wp\/v2\/media?parent=139472"}],"wp:term":[{"taxonomy":"category","embeddable":true,"href":"https:\/\/www.iphone-ticker.de\/apiv2\/wp\/v2\/categories?post=139472"},{"taxonomy":"post_tag","embeddable":true,"href":"https:\/\/www.iphone-ticker.de\/apiv2\/wp\/v2\/tags?post=139472"}],"curies":[{"name":"wp","href":"https:\/\/api.w.org\/{rel}","templated":true}]}}