{"id":139004,"date":"2019-03-20T16:20:32","date_gmt":"2019-03-20T15:20:32","guid":{"rendered":"https:\/\/www.iphone-ticker.de\/?p=139004"},"modified":"2019-03-20T16:26:53","modified_gmt":"2019-03-20T15:26:53","slug":"iphone-huellen-und-apple-watch-armbaender-in-neuen-farben-verfuegbar","status":"publish","type":"post","link":"https:\/\/www.iphone-ticker.de\/iphone-huellen-und-apple-watch-armbaender-in-neuen-farben-verfuegbar-139004\/","title":{"rendered":"iPhone-H\u00fcllen und Apple-Watch-Armb\u00e4nder in neuen Farben verf\u00fcgbar"},"content":{"rendered":"<p>Apple l\u00e4utet den Fr\u00fchling ein. Wie jedes Jahr im M\u00e4rz gibt es <a href=\"http:\/\/ifun.de\/applestore\/https:\/\/www.apple.com\/de\/shop\/iphone\/iphone-accessories\">iPhone-H\u00fcllen<\/a> und <a href=\"http:\/\/ifun.de\/applestore\/https:\/\/www.apple.com\/de\/shop\/watch\/bands\">Armb\u00e4nder f\u00fcr die Apple Watch<\/a> ab sofort in neuen, freundlichen und an die Jahreszeit angepassten Farben.<\/p>\n<p><a href=\"https:\/\/images.iphone-ticker.de\/wp-content\/uploads\/2019\/03\/neue-iphone-huellen-fruehjahr-2019.jpg\"><img loading=\"lazy\" decoding=\"async\" src=\"https:\/\/images.iphone-ticker.de\/wp-content\/uploads\/2019\/03\/neue-iphone-huellen-fruehjahr-2019-500x438.jpg\" alt=\"Neue Iphone Huellen Fruehjahr 2019\" width=\"500\" height=\"438\" class=\"alignnone size-medium wp-image-139006\" srcset=\"https:\/\/images.iphone-ticker.de\/wp-content\/uploads\/2019\/03\/neue-iphone-huellen-fruehjahr-2019-500x438.jpg 500w, https:\/\/images.iphone-ticker.de\/wp-content\/uploads\/2019\/03\/neue-iphone-huellen-fruehjahr-2019-700x613.jpg 700w, https:\/\/images.iphone-ticker.de\/wp-content\/uploads\/2019\/03\/neue-iphone-huellen-fruehjahr-2019.jpg 1000w\" sizes=\"auto, (max-width: 500px) 100vw, 500px\" \/><\/a><\/p>\n<p>Bei Blick auf das <a href=\"http:\/\/ifun.de\/applestore\/https:\/\/www.apple.com\/de\/shop\/iphone\/iphone-accessories\">neue iPhone-Zubeh\u00f6r<\/a> fallen vor allem die neuen Farben f\u00fcr die H\u00fcllen aus Silikon und Leder auf. Apple listet hier die Farbt\u00f6ne Minzgr\u00fcn, Flieder, Kornblume, Delftblau, Abendsonne und Flieder als \u201eNeu\u201c. Zudem ist nun auch das Smart Battery Case zus\u00e4tzlich zu Schwarz und Wei\u00df im neuen Farbton Sandrosa verf\u00fcgbar. Zumindest teilweise finden sich die neuen Farbt\u00f6ne nun auch bei den von Apple angebotenen <a href=\"http:\/\/ifun.de\/applestore\/https:\/\/www.apple.com\/de\/shop\/ipad\/ipad-accessories\/cases-protection\">iPad-H\u00fcllen<\/a> wieder.<\/p>\n<p><a href=\"https:\/\/images.iphone-ticker.de\/wp-content\/uploads\/2019\/03\/apple-watch-neue-armbaender-fruehjahr-2019.jpg\"><img loading=\"lazy\" decoding=\"async\" src=\"https:\/\/images.iphone-ticker.de\/wp-content\/uploads\/2019\/03\/apple-watch-neue-armbaender-fruehjahr-2019.jpg\" alt=\"Apple Watch Neue Armbaender Fruehjahr 2019\" width=\"700\" height=\"430\" class=\"alignnone size-full wp-image-139007\" srcset=\"https:\/\/images.iphone-ticker.de\/wp-content\/uploads\/2019\/03\/apple-watch-neue-armbaender-fruehjahr-2019.jpg 700w, https:\/\/images.iphone-ticker.de\/wp-content\/uploads\/2019\/03\/apple-watch-neue-armbaender-fruehjahr-2019-500x307.jpg 500w\" sizes=\"auto, (max-width: 700px) 100vw, 700px\" \/><\/a><\/p>\n<p>Besitzer einer Apple Watch d\u00fcrfen sich \u00fcber eine umfangreiche Erweiterung von <a href=\"http:\/\/ifun.de\/applestore\/https:\/\/www.apple.com\/de\/shop\/watch\/bands\">Apples Armband-Kollektion<\/a> freuen. Hier zeigen sich von den einfachen Sport-Armb\u00e4ndern bis hin zur teuren Herm\u00e8s-Kollektion etliche neue Varianten. Je nach Ausf\u00fchrung sind neue Modelle in Minzgr\u00fcn, Papaya, Lichtblau, Flieder (Sportarmb\u00e4nder und Sport Loops), sowie Spruce Fog, Teal Tint, Hyper Grape, Schwarz und Summit White (Nike Sport Loop) oder Kornblume, Flieder und Abendsonne (Leder) und nicht zuletzt Varianten wie Bleu Lin\/Craie\/Bleu du Nord oder Rose Sakura\/Craie\/Argile f\u00fcr die Herm\u00e8s-Kollektion zu Preisen zwischen 59 Euro und 519 Euro erh\u00e4ltlich.<\/p>\n<p><a href=\"https:\/\/images.iphone-ticker.de\/wp-content\/uploads\/2019\/03\/apple-watch-neue-leder-armbaender-fruehjahr-2019.jpg\"><img loading=\"lazy\" decoding=\"async\" src=\"https:\/\/images.iphone-ticker.de\/wp-content\/uploads\/2019\/03\/apple-watch-neue-leder-armbaender-fruehjahr-2019.jpg\" alt=\"Apple Watch Neue Leder Armbaender Fruehjahr 2019\" width=\"700\" height=\"404\" class=\"alignnone size-full wp-image-139008\" srcset=\"https:\/\/images.iphone-ticker.de\/wp-content\/uploads\/2019\/03\/apple-watch-neue-leder-armbaender-fruehjahr-2019.jpg 700w, https:\/\/images.iphone-ticker.de\/wp-content\/uploads\/2019\/03\/apple-watch-neue-leder-armbaender-fruehjahr-2019-500x289.jpg 500w\" sizes=\"auto, (max-width: 700px) 100vw, 700px\" \/><\/a><\/p>\n","protected":false},"excerpt":{"rendered":"<a href=\"https:\/\/www.iphone-ticker.de\/iphone-huellen-und-apple-watch-armbaender-in-neuen-farben-verfuegbar-139004\/\"><img width=\"150\" height=\"150\" src=\"https:\/\/images.iphone-ticker.de\/wp-content\/uploads\/2019\/03\/apple-neues-zubehoer-fruehling-2019-150x150.jpg\" class=\"alignright tfe wp-post-image\" alt=\"Apple Neues Zubehoer Fruehling 2019\" decoding=\"async\" loading=\"lazy\" \/><\/a><p>Apple l\u00e4utet den Fr\u00fchling ein. Wie jedes Jahr im M\u00e4rz gibt es iPhone-H\u00fcllen und Armb\u00e4nder f\u00fcr die Apple Watch ab sofort in neuen, freundlichen und an die Jahreszeit angepassten Farben. Bei Blick auf das neue iPhone-Zubeh\u00f6r fallen vor allem die neuen Farben f\u00fcr die H\u00fcllen aus Silikon und Leder auf. Apple listet hier die Farbt\u00f6ne [&hellip;]<\/p>\n","protected":false},"author":2,"featured_media":139010,"comment_status":"open","ping_status":"closed","sticky":false,"template":"","format":"standard","meta":{"footnotes":""},"categories":[1],"tags":[],"class_list":["post-139004","post","type-post","status-publish","format-standard","has-post-thumbnail","hentry","category-news"],"aioseo_notices":[],"subheadline":["Apples Fr\u00fchjahrskollektion ist da"],"featured_image":["https:\/\/images.iphone-ticker.de\/wp-content\/uploads\/2019\/03\/apple-neues-zubehoer-fruehling-2019.jpg"],"rest_api_enabler":{"subheadline":"Apples Fr\u00fchjahrskollektion ist da","featured_image":"https:\/\/images.iphone-ticker.de\/wp-content\/uploads\/2019\/03\/apple-neues-zubehoer-fruehling-2019.jpg"},"_links":{"self":[{"href":"https:\/\/www.iphone-ticker.de\/apiv2\/wp\/v2\/posts\/139004","targetHints":{"allow":["GET"]}}],"collection":[{"href":"https:\/\/www.iphone-ticker.de\/apiv2\/wp\/v2\/posts"}],"about":[{"href":"https:\/\/www.iphone-ticker.de\/apiv2\/wp\/v2\/types\/post"}],"author":[{"embeddable":true,"href":"https:\/\/www.iphone-ticker.de\/apiv2\/wp\/v2\/users\/2"}],"replies":[{"embeddable":true,"href":"https:\/\/www.iphone-ticker.de\/apiv2\/wp\/v2\/comments?post=139004"}],"version-history":[{"count":4,"href":"https:\/\/www.iphone-ticker.de\/apiv2\/wp\/v2\/posts\/139004\/revisions"}],"predecessor-version":[{"id":139012,"href":"https:\/\/www.iphone-ticker.de\/apiv2\/wp\/v2\/posts\/139004\/revisions\/139012"}],"wp:featuredmedia":[{"embeddable":true,"href":"https:\/\/www.iphone-ticker.de\/apiv2\/wp\/v2\/media\/139010"}],"wp:attachment":[{"href":"https:\/\/www.iphone-ticker.de\/apiv2\/wp\/v2\/media?parent=139004"}],"wp:term":[{"taxonomy":"category","embeddable":true,"href":"https:\/\/www.iphone-ticker.de\/apiv2\/wp\/v2\/categories?post=139004"},{"taxonomy":"post_tag","embeddable":true,"href":"https:\/\/www.iphone-ticker.de\/apiv2\/wp\/v2\/tags?post=139004"}],"curies":[{"name":"wp","href":"https:\/\/api.w.org\/{rel}","templated":true}]}}