{"id":138254,"date":"2019-03-04T17:59:57","date_gmt":"2019-03-04T16:59:57","guid":{"rendered":"https:\/\/www.iphone-ticker.de\/?p=138254"},"modified":"2019-03-04T17:59:57","modified_gmt":"2019-03-04T16:59:57","slug":"gedanken-zu-watchos-6-sleep-tracking-und-miniaturen-dock","status":"publish","type":"post","link":"https:\/\/www.iphone-ticker.de\/gedanken-zu-watchos-6-sleep-tracking-und-miniaturen-dock-138254\/","title":{"rendered":"Gedanken zu watchOS 6: Sleep Tracking und Miniaturen-Dock"},"content":{"rendered":"<p>Es hat mittlerweile schon fast Tradition, dass der Entwickler Matt Birchler zu Jahresbeginn seine Ideen f\u00fcr die kommende Generation von watchOS pr\u00e4sentiert. Sein <a href=\"https:\/\/birchtree.me\/blog\/watchos-6-a-birchtree-concept\/\">Konzept f\u00fcr watchOS 6<\/a> kann als Diskussionsgrundlage dienen, wenngleich einzelne Vorschl\u00e4ge wie das Unterteilen des ohnehin schon kleinen Bildschirms in Winz-Kacheln f\u00fcr Apps bei uns auch f\u00fcr Stirnrunzeln sorgen.<\/p>\n<p><a href=\"https:\/\/images.iphone-ticker.de\/wp-content\/uploads\/2019\/03\/watchos-6-dock-mockup.jpg\"><img loading=\"lazy\" decoding=\"async\" src=\"https:\/\/images.iphone-ticker.de\/wp-content\/uploads\/2019\/03\/watchos-6-dock-mockup.jpg\" alt=\"Watchos 6 Dock Mockup\" width=\"500\" height=\"542\" class=\"alignnone size-full wp-image-138256\" srcset=\"https:\/\/images.iphone-ticker.de\/wp-content\/uploads\/2019\/03\/watchos-6-dock-mockup.jpg 500w, https:\/\/images.iphone-ticker.de\/wp-content\/uploads\/2019\/03\/watchos-6-dock-mockup-461x500.jpg 461w\" sizes=\"auto, (max-width: 500px) 100vw, 500px\" \/><\/a><\/p>\n<p>Beginnen wir mit Birchlers App-Kacheln. Zun\u00e4chst wollen wir dem Entwickler Recht geben, das Dock von watchOS 5 birgt in der Tat noch Platz f\u00fcr Verbesserungen. Ob der Vorschlag, hier Miniaturen der App als Kachel anzuzeigen allerdings mehrheitsf\u00e4hig ist, bleibt fraglich. Wenngleich einzelne Apps auch in dieser Verkleinerungsstufe bereits Informationen liefern k\u00f6nnen, das meiste d\u00fcrfte einfach zu klein und der daf\u00fcr genutzte Platz somit verschwendet sein.<\/p>\n<p><a href=\"https:\/\/images.iphone-ticker.de\/wp-content\/uploads\/2019\/03\/watchos-6-health-mockup.jpg\"><img loading=\"lazy\" decoding=\"async\" src=\"https:\/\/images.iphone-ticker.de\/wp-content\/uploads\/2019\/03\/watchos-6-health-mockup.jpg\" alt=\"Watchos 6 Health Mockup\" width=\"700\" height=\"514\" class=\"alignnone size-full wp-image-138257\" srcset=\"https:\/\/images.iphone-ticker.de\/wp-content\/uploads\/2019\/03\/watchos-6-health-mockup.jpg 700w, https:\/\/images.iphone-ticker.de\/wp-content\/uploads\/2019\/03\/watchos-6-health-mockup-500x367.jpg 500w\" sizes=\"auto, (max-width: 700px) 100vw, 700px\" \/><\/a><\/p>\n<p>Eine mittlerweile popul\u00e4re Forderung ist die M\u00f6glichkeit zur Schlaf\u00fcberwachung. Wir haben unsere Uhren \u00fcber Nacht konservativ an der Ladestation und waren schlicht \u00fcberrascht, wieviele unserer Leser <a href=\"https:\/\/www.iphone-ticker.de\/schlafueberwachung-mit-der-apple-watch-ohne-besseren-akku-wird-das-nichts-138020\/\" title=\"Schlaf\u00fcberwachung mit der Apple Watch: Ohne besseren Akku wird das nichts\">die Uhr auch nachts tragen<\/a>. Nachfrage ist hier mehr als gegeben. \u00dcber die grafische Umsetzung l\u00e4sst sich nat\u00fcrlich streiten.<\/p>\n<p><a href=\"https:\/\/images.iphone-ticker.de\/wp-content\/uploads\/2019\/03\/watchos-6-siri-watch-face.jpg\"><img loading=\"lazy\" decoding=\"async\" src=\"https:\/\/images.iphone-ticker.de\/wp-content\/uploads\/2019\/03\/watchos-6-siri-watch-face.jpg\" alt=\"Watchos 6 Siri Watch Face\" width=\"700\" height=\"597\" class=\"alignnone size-full wp-image-138258\" srcset=\"https:\/\/images.iphone-ticker.de\/wp-content\/uploads\/2019\/03\/watchos-6-siri-watch-face.jpg 700w, https:\/\/images.iphone-ticker.de\/wp-content\/uploads\/2019\/03\/watchos-6-siri-watch-face-500x426.jpg 500w\" sizes=\"auto, (max-width: 700px) 100vw, 700px\" \/><\/a><\/p>\n<p>Birchler hat auch eine \u00fcberarbeitete Version des Siri-Zifferblatts auf dem Plan. Hier w\u00fcnscht sich der Entwickler jedoch weniger Dominanz der Violett-T\u00f6ne, sondern h\u00e4tte die einzelnen \u201eKarten\u201c gerne offener und im Stil der Infograph-Zifferbl\u00e4tter gehalten.<\/p>\n<p>Wir sind gespannt, welche Ideen uns Apple f\u00fcr watchOS 6 pr\u00e4sentiert. Einen ersten Blick auf die kommende Generation des Smartwatch-Betriebssystems d\u00fcrfen wir bereits Anfang Juni im Rahmen der Apple-Entwicklerkonferenz WWDC werfen.<\/p>\n","protected":false},"excerpt":{"rendered":"<a href=\"https:\/\/www.iphone-ticker.de\/gedanken-zu-watchos-6-sleep-tracking-und-miniaturen-dock-138254\/\"><img width=\"150\" height=\"150\" src=\"https:\/\/images.iphone-ticker.de\/wp-content\/uploads\/2019\/03\/watchos-6-mockup-150x150.jpg\" class=\"alignright tfe wp-post-image\" alt=\"Watchos 6 Mockup\" decoding=\"async\" loading=\"lazy\" \/><\/a><p>Es hat mittlerweile schon fast Tradition, dass der Entwickler Matt Birchler zu Jahresbeginn seine Ideen f\u00fcr die kommende Generation von watchOS pr\u00e4sentiert. Sein Konzept f\u00fcr watchOS 6 kann als Diskussionsgrundlage dienen, wenngleich einzelne Vorschl\u00e4ge wie das Unterteilen des ohnehin schon kleinen Bildschirms in Winz-Kacheln f\u00fcr Apps bei uns auch f\u00fcr Stirnrunzeln sorgen. Beginnen wir mit [&hellip;]<\/p>\n","protected":false},"author":2,"featured_media":138259,"comment_status":"open","ping_status":"closed","sticky":false,"template":"","format":"standard","meta":{"footnotes":""},"categories":[88],"tags":[3047],"class_list":["post-138254","post","type-post","status-publish","format-standard","has-post-thumbnail","hentry","category-entwickler","tag-watchos"],"aioseo_notices":[],"subheadline":["Designstudie zur Diskussion gestellt"],"featured_image":["https:\/\/images.iphone-ticker.de\/wp-content\/uploads\/2019\/03\/watchos-6-mockup.jpg"],"rest_api_enabler":{"subheadline":"Designstudie zur Diskussion gestellt","featured_image":"https:\/\/images.iphone-ticker.de\/wp-content\/uploads\/2019\/03\/watchos-6-mockup.jpg"},"_links":{"self":[{"href":"https:\/\/www.iphone-ticker.de\/apiv2\/wp\/v2\/posts\/138254","targetHints":{"allow":["GET"]}}],"collection":[{"href":"https:\/\/www.iphone-ticker.de\/apiv2\/wp\/v2\/posts"}],"about":[{"href":"https:\/\/www.iphone-ticker.de\/apiv2\/wp\/v2\/types\/post"}],"author":[{"embeddable":true,"href":"https:\/\/www.iphone-ticker.de\/apiv2\/wp\/v2\/users\/2"}],"replies":[{"embeddable":true,"href":"https:\/\/www.iphone-ticker.de\/apiv2\/wp\/v2\/comments?post=138254"}],"version-history":[{"count":4,"href":"https:\/\/www.iphone-ticker.de\/apiv2\/wp\/v2\/posts\/138254\/revisions"}],"predecessor-version":[{"id":138262,"href":"https:\/\/www.iphone-ticker.de\/apiv2\/wp\/v2\/posts\/138254\/revisions\/138262"}],"wp:featuredmedia":[{"embeddable":true,"href":"https:\/\/www.iphone-ticker.de\/apiv2\/wp\/v2\/media\/138259"}],"wp:attachment":[{"href":"https:\/\/www.iphone-ticker.de\/apiv2\/wp\/v2\/media?parent=138254"}],"wp:term":[{"taxonomy":"category","embeddable":true,"href":"https:\/\/www.iphone-ticker.de\/apiv2\/wp\/v2\/categories?post=138254"},{"taxonomy":"post_tag","embeddable":true,"href":"https:\/\/www.iphone-ticker.de\/apiv2\/wp\/v2\/tags?post=138254"}],"curies":[{"name":"wp","href":"https:\/\/api.w.org\/{rel}","templated":true}]}}