{"id":138081,"date":"2019-02-28T12:11:12","date_gmt":"2019-02-28T11:11:12","guid":{"rendered":"https:\/\/www.iphone-ticker.de\/?p=138081"},"modified":"2019-02-28T12:12:06","modified_gmt":"2019-02-28T11:12:06","slug":"smart-cities-app-telekom-will-die-digitale-verwaltung","status":"publish","type":"post","link":"https:\/\/www.iphone-ticker.de\/smart-cities-app-telekom-will-die-digitale-verwaltung-138081\/","title":{"rendered":"Smart Cities App: Telekom will die digitale Verwaltung"},"content":{"rendered":"<p>Ein einheitlicher, von der Telekom entwickelter App-Standard f\u00fcr deutsche Gemeinden, St\u00e4dte und Kommunen. Was erst mal nach Fortschritt und (verglichen mit dem <a href=\"https:\/\/www.iphone-ticker.de\/berlin-de-service-app-auch-in-version-2-vollstaendig-nutzlos-136293\/\">geradezu lachhaften Status Quo<\/a>) definitiv auch nach massiver Verbesserung klingt, hat einen faden Beigeschmack. <\/p>\n<p><a href=\"https:\/\/images.iphone-ticker.de\/wp-content\/uploads\/2019\/02\/buergerservice.jpg\"><img loading=\"lazy\" decoding=\"async\" src=\"https:\/\/images.iphone-ticker.de\/wp-content\/uploads\/2019\/02\/buergerservice-500x393.jpg\" alt=\"Buergerservice\" width=\"500\" height=\"393\" class=\"aligncenter size-medium wp-image-138084\" srcset=\"https:\/\/images.iphone-ticker.de\/wp-content\/uploads\/2019\/02\/buergerservice-500x393.jpg 500w, https:\/\/images.iphone-ticker.de\/wp-content\/uploads\/2019\/02\/buergerservice-700x550.jpg 700w, https:\/\/images.iphone-ticker.de\/wp-content\/uploads\/2019\/02\/buergerservice.jpg 1600w\" sizes=\"auto, (max-width: 500px) 100vw, 500px\" \/><\/a><\/p>\n<p>Gerade mit Blick auf den Web-Auftritt und das App-Angebot des Bonner Netzbetreibers, sind wir uns unsicher, ob ausgerechnet der magetafarbene Riese, der nicht mal in der Lage scheint, sich selbst von altem Ballast frei zu machen, mit millionenschweren Wartungsvertr\u00e4gen und unz\u00e4hligen Auftr\u00e4gen f\u00fcr eine Blanko-App belohnt werden sollte, deren Nutzungsrechte dann wohlm\u00f6glich einzeln an die \u00f6ffentliche Hand vermietet werden. <\/p>\n<p>Da auf der anderen Seite die Gemeinden und St\u00e4dte jedoch schon auf hei\u00dfen Kohlen sitzen und zahlreiche Verwaltungsdienste, etwa Antr\u00e4ge f\u00fcr den F\u00fchrerschein oder Passdokumente, bis 2022 online verf\u00fcgbar machen m\u00fcssen, braucht die Telekom eigentlich nur abwarten. Der zynische US-Aphorismus &#8222;Nobody Ever Got Fired for Buying IBM&#8220; gilt auch hierzulande, ersetzt IBM allerdings durch die Telekom und wird auf lange Sicht daf\u00fcr sorgen, dass die Bonner den digitalen Auftritt der B\u00fcrgerdienstleistungen in den kommenden Jahren massiv mitgestalten werden. <\/p>\n<p><div class=\"responsive-video\"><iframe loading=\"lazy\" width=\"700\" height=\"371\" src=\"https:\/\/www.youtube-nocookie.com\/embed\/fXuqaiMDedk\" frameborder=\"0\" allowfullscreen><\/iframe><\/div><\/p>\n<p>Ob wir uns dann \u00fcber einen schlanken Alltagsbegleiter freuen oder \u00fcber ein technokratische Monster \u00e4rgern werden ist noch unklar, fest steht jedoch der Arbeitstitel. Der Telekom-Standard f\u00fcr die digitale Verwaltung h\u00f6rt auf den Namen &#8222;Smart Cities App&#8220; und zeigt sich nach seiner initialen Vorstellung im <a href=\"https:\/\/www.telekom.com\/de\/medien\/medieninformationen\/detail\/bausteine-fuer-smart-city-oekosystem-551632\">vergangenen November<\/a> nun auch auf dem Mobile World Congress. <\/p>\n<blockquote><p>Die Telekom und der Deutsche St\u00e4dte- und Gemeindebund (DStGB) unterst\u00fctzen die Verwaltungen bei der Entwicklung und Implementierung digitaler Angebote. Einfach, b\u00fcrgerfreundlich, standardisiert sind die wichtigsten Erfolgskriterien f\u00fcr Verwaltungen und B\u00fcrger, um sie von der Digitalisierung zu \u00fcberzeugen.<\/p>\n<p>Mit der Smart Cities App wurde letztes Jahr der Grundstein gelegt. Die standortbasierte App b\u00fcndelt digitale Services f\u00fcr den \u00f6ffentlichen Sektor wie zum Beispiel Ummeldung, F\u00fchrerscheinantr\u00e4ge oder Car- und Bikesharing. Au\u00dferdem gibt es Hinweise zum Freizeitangebot und Einkaufsm\u00f6glichkeiten. Zum MWC ruft die Telekom St\u00e4dte und Gemeinden auf, der \u201eEntwicklergemeinschaft\u201c beizutreten.<br \/>\nHerausforderungen wie knappe Ressourcen, rechtliche Vorgaben und der laufende Regelbetrieb lassen sich gemeinschaftlich leichter bew\u00e4ltigen. Davon ist sind auch die St\u00e4dte Bonn und Dortmund \u00fcberzeugt, die heute auf dem MWC als erste St\u00e4dte der Entwicklergemeinschaft beitraten.<\/p><\/blockquote>\n","protected":false},"excerpt":{"rendered":"<a href=\"https:\/\/www.iphone-ticker.de\/smart-cities-app-telekom-will-die-digitale-verwaltung-138081\/\"><img width=\"150\" height=\"150\" src=\"https:\/\/images.iphone-ticker.de\/wp-content\/uploads\/2019\/02\/buergerservice-150x150.jpg\" class=\"alignright tfe wp-post-image\" alt=\"Buergerservice\" decoding=\"async\" loading=\"lazy\" \/><\/a><p>Ein einheitlicher, von der Telekom entwickelter App-Standard f\u00fcr deutsche Gemeinden, St\u00e4dte und Kommunen. Was erst mal nach Fortschritt und (verglichen mit dem geradezu lachhaften Status Quo) definitiv auch nach massiver Verbesserung klingt, hat einen faden Beigeschmack. Gerade mit Blick auf den Web-Auftritt und das App-Angebot des Bonner Netzbetreibers, sind wir uns unsicher, ob ausgerechnet der [&hellip;]<\/p>\n","protected":false},"author":1,"featured_media":138084,"comment_status":"open","ping_status":"closed","sticky":false,"template":"","format":"standard","meta":{"footnotes":""},"categories":[39],"tags":[3914,4620,4621,363],"class_list":["post-138081","post","type-post","status-publish","format-standard","has-post-thumbnail","hentry","category-apps","tag-apps","tag-digitale-verwaltung","tag-smart-city","tag-telekom"],"aioseo_notices":[],"subheadline":["Bonn und Dortmund wollen mitmachen"],"featured_image":["https:\/\/images.iphone-ticker.de\/wp-content\/uploads\/2019\/02\/smart-city.jpg"],"rest_api_enabler":{"subheadline":"Bonn und Dortmund wollen mitmachen","featured_image":"https:\/\/images.iphone-ticker.de\/wp-content\/uploads\/2019\/02\/smart-city.jpg"},"_links":{"self":[{"href":"https:\/\/www.iphone-ticker.de\/apiv2\/wp\/v2\/posts\/138081","targetHints":{"allow":["GET"]}}],"collection":[{"href":"https:\/\/www.iphone-ticker.de\/apiv2\/wp\/v2\/posts"}],"about":[{"href":"https:\/\/www.iphone-ticker.de\/apiv2\/wp\/v2\/types\/post"}],"author":[{"embeddable":true,"href":"https:\/\/www.iphone-ticker.de\/apiv2\/wp\/v2\/users\/1"}],"replies":[{"embeddable":true,"href":"https:\/\/www.iphone-ticker.de\/apiv2\/wp\/v2\/comments?post=138081"}],"version-history":[{"count":3,"href":"https:\/\/www.iphone-ticker.de\/apiv2\/wp\/v2\/posts\/138081\/revisions"}],"predecessor-version":[{"id":138086,"href":"https:\/\/www.iphone-ticker.de\/apiv2\/wp\/v2\/posts\/138081\/revisions\/138086"}],"wp:featuredmedia":[{"embeddable":true,"href":"https:\/\/www.iphone-ticker.de\/apiv2\/wp\/v2\/media\/138084"}],"wp:attachment":[{"href":"https:\/\/www.iphone-ticker.de\/apiv2\/wp\/v2\/media?parent=138081"}],"wp:term":[{"taxonomy":"category","embeddable":true,"href":"https:\/\/www.iphone-ticker.de\/apiv2\/wp\/v2\/categories?post=138081"},{"taxonomy":"post_tag","embeddable":true,"href":"https:\/\/www.iphone-ticker.de\/apiv2\/wp\/v2\/tags?post=138081"}],"curies":[{"name":"wp","href":"https:\/\/api.w.org\/{rel}","templated":true}]}}