{"id":137536,"date":"2019-02-15T14:34:13","date_gmt":"2019-02-15T13:34:13","guid":{"rendered":"https:\/\/www.iphone-ticker.de\/?p=137536"},"modified":"2019-02-15T14:34:13","modified_gmt":"2019-02-15T13:34:13","slug":"iphone-xs-und-iphone-xs-max-vielleicht-bald-schon-in-rot","status":"publish","type":"post","link":"https:\/\/www.iphone-ticker.de\/iphone-xs-und-iphone-xs-max-vielleicht-bald-schon-in-rot-137536\/","title":{"rendered":"iPhone XS und iPhone XS Max vielleicht bald schon in Rot"},"content":{"rendered":"<p>Die <a href=\"https:\/\/www.apple.com\/de\/shop\/buy-iphone\/iphone-xs\">iPhone-Modelle XS und XS Max<\/a> sind m\u00f6glicherweise bald auch in Rot erh\u00e4ltlich. Dies legt ein Eintrag auf dem chinesischen Twitter-Pendant <a href=\"https:\/\/www.weibo.com\/laobanlianbo?is_hot=1#_loginLayer_1550236085477\">Weibo<\/a> nahe. Der Verfasser will aus dem Umfeld von Apples lokalen Produktionspartnern erfahren haben, dass die neue Farboption noch diesen Monat in China in die Regale kommt. Apple wolle damit die Absatzzahlen der Ger\u00e4te ankurbeln.<\/p>\n<p><a href=\"https:\/\/images.iphone-ticker.de\/wp-content\/uploads\/2019\/02\/iphone-xr-rot.jpg\"><img loading=\"lazy\" decoding=\"async\" src=\"https:\/\/images.iphone-ticker.de\/wp-content\/uploads\/2019\/02\/iphone-xr-rot.jpg\" alt=\"Iphone Xr Rot\" width=\"500\" height=\"734\" class=\"alignnone size-full wp-image-137539\" srcset=\"https:\/\/images.iphone-ticker.de\/wp-content\/uploads\/2019\/02\/iphone-xr-rot.jpg 500w, https:\/\/images.iphone-ticker.de\/wp-content\/uploads\/2019\/02\/iphone-xr-rot-341x500.jpg 341w, https:\/\/images.iphone-ticker.de\/wp-content\/uploads\/2019\/02\/iphone-xr-rot-477x700.jpg 477w\" sizes=\"auto, (max-width: 500px) 100vw, 500px\" \/><\/a><\/p>\n<h6>Das iPhone XR ist bereits in Rot erh\u00e4ltlich<\/h6>\n<p>Die Markteinf\u00fchrung einer (PRODUCT)RED-Variante von iPhone XS und iPhone XS Max in China w\u00fcrde h\u00f6chstwahrscheinlich auch die globale Verf\u00fcgbarkeit der neuen Version nach sich ziehen. Es w\u00e4re nicht ungew\u00f6hnlich, wenn Apple im Fr\u00fchjahr mit einer neuen Farboption f\u00fcr frischen Wind im Ger\u00e4tepark sorgt. <a href=\"https:\/\/www.iphone-ticker.de\/apple-store-offline-rotes-iphone-und-neues-ipad-ab-1601-uhr-109753\/\" title=\"Apple Store offline: Rotes iPhone und neues iPad ab 16:01 Uhr\">Im M\u00e4rz 2017<\/a> wurden die 7er-iPhones neu auch in Rot angeboten und <a href=\"https:\/\/www.iphone-ticker.de\/productred-edition-des-iphone-8-und-iphone-8-plus-lassen-sich-vorbestellen-124765\/\" title=\"(PRODUCT)RED-Edition des iPhone 8 und iPhone 8 Plus vorbestellbar\">im April 2018<\/a> hat Apple Rot als zus\u00e4tzliche Farboption f\u00fcr das iPhone 8 und das iPhone 8 Plus vorgestellt.<\/p>\n<p>In China werden die roten iPhones nicht unter der Bezeichnung PRODUCT(RED) vertrieben. Apple scheint hier ideologische Konflikte vermeiden zu wollen. PRODUCT(RED) steht f\u00fcr einen internationalen Hilfsfonds zur Bek\u00e4mpfung von AIDS und weiteren Krankheiten. Ein Teil der Einnahmen der in dieser Produktreihe verkauften Ger\u00e4te wird von Apple an die Hilfsorganisation gespendet.<\/p>\n<p><h8>Via <a href=\"https:\/\/www.macrumors.com\/2019\/02\/15\/red-iphone-xs-max-rumored-launch-china-this-month\/\">MacRumors<\/a><\/h8><\/p>\n","protected":false},"excerpt":{"rendered":"<a href=\"https:\/\/www.iphone-ticker.de\/iphone-xs-und-iphone-xs-max-vielleicht-bald-schon-in-rot-137536\/\"><img width=\"150\" height=\"150\" src=\"https:\/\/images.iphone-ticker.de\/wp-content\/uploads\/2019\/02\/iphone-xr-rot-150x150.jpg\" class=\"alignright tfe wp-post-image\" alt=\"Iphone Xr Rot\" decoding=\"async\" loading=\"lazy\" \/><\/a><p>Die iPhone-Modelle XS und XS Max sind m\u00f6glicherweise bald auch in Rot erh\u00e4ltlich. Dies legt ein Eintrag auf dem chinesischen Twitter-Pendant Weibo nahe. Der Verfasser will aus dem Umfeld von Apples lokalen Produktionspartnern erfahren haben, dass die neue Farboption noch diesen Monat in China in die Regale kommt. Apple wolle damit die Absatzzahlen der Ger\u00e4te [&hellip;]<\/p>\n","protected":false},"author":2,"featured_media":137539,"comment_status":"open","ping_status":"closed","sticky":false,"template":"","format":"standard","meta":{"footnotes":""},"categories":[749],"tags":[4292,4457,4472],"class_list":["post-137536","post","type-post","status-publish","format-standard","has-post-thumbnail","hentry","category-iphone-2","tag-productred","tag-iphone-xs","tag-iphone-xs-max"],"aioseo_notices":[],"subheadline":["Neue Farbe soll in China in K\u00fcrze starten"],"featured_image":["https:\/\/images.iphone-ticker.de\/wp-content\/uploads\/2019\/02\/iphone-xr-product-red.jpg"],"rest_api_enabler":{"subheadline":"Neue Farbe soll in China in K\u00fcrze starten","featured_image":"https:\/\/images.iphone-ticker.de\/wp-content\/uploads\/2019\/02\/iphone-xr-product-red.jpg"},"_links":{"self":[{"href":"https:\/\/www.iphone-ticker.de\/apiv2\/wp\/v2\/posts\/137536","targetHints":{"allow":["GET"]}}],"collection":[{"href":"https:\/\/www.iphone-ticker.de\/apiv2\/wp\/v2\/posts"}],"about":[{"href":"https:\/\/www.iphone-ticker.de\/apiv2\/wp\/v2\/types\/post"}],"author":[{"embeddable":true,"href":"https:\/\/www.iphone-ticker.de\/apiv2\/wp\/v2\/users\/2"}],"replies":[{"embeddable":true,"href":"https:\/\/www.iphone-ticker.de\/apiv2\/wp\/v2\/comments?post=137536"}],"version-history":[{"count":5,"href":"https:\/\/www.iphone-ticker.de\/apiv2\/wp\/v2\/posts\/137536\/revisions"}],"predecessor-version":[{"id":137543,"href":"https:\/\/www.iphone-ticker.de\/apiv2\/wp\/v2\/posts\/137536\/revisions\/137543"}],"wp:featuredmedia":[{"embeddable":true,"href":"https:\/\/www.iphone-ticker.de\/apiv2\/wp\/v2\/media\/137539"}],"wp:attachment":[{"href":"https:\/\/www.iphone-ticker.de\/apiv2\/wp\/v2\/media?parent=137536"}],"wp:term":[{"taxonomy":"category","embeddable":true,"href":"https:\/\/www.iphone-ticker.de\/apiv2\/wp\/v2\/categories?post=137536"},{"taxonomy":"post_tag","embeddable":true,"href":"https:\/\/www.iphone-ticker.de\/apiv2\/wp\/v2\/tags?post=137536"}],"curies":[{"name":"wp","href":"https:\/\/api.w.org\/{rel}","templated":true}]}}