{"id":137395,"date":"2019-02-13T09:15:15","date_gmt":"2019-02-13T08:15:15","guid":{"rendered":"https:\/\/www.iphone-ticker.de\/?p=137395"},"modified":"2019-02-13T09:15:15","modified_gmt":"2019-02-13T08:15:15","slug":"apples-feiertagskalender-ical-downloads-aus-dem-web-sind-zuverlaessiger","status":"publish","type":"post","link":"https:\/\/www.iphone-ticker.de\/apples-feiertagskalender-ical-downloads-aus-dem-web-sind-zuverlaessiger-137395\/","title":{"rendered":"Apples Feiertagskalender: iCal-Downloads aus dem Web sind zuverl\u00e4ssiger"},"content":{"rendered":"<p>In Apples Feiertagskalender f\u00fcr Deutschland fehlt in diesem Jahr erneut der 1. Mai. Dies wirft mal wieder die Frage auf, ob und mit welchen Alternativen man besser bedient ist. Grunds\u00e4tzlich ist die Anzeige von Apples Feiertagskalender ja optional und kann jederzeit <a href=\"https:\/\/support.apple.com\/de-li\/HT208541\">deaktiviert<\/a> werden. Der Inhalt des Feiertagskalenders richtet sich \u00fcbrigens nach der im Einstellungsbereich \u201eSprache &amp; Region\u201c ausgew\u00e4hlten Region.<\/p>\n<p>Die beste Alternative zu dem von Apple mitgelieferten Feiertagskalender stellen die von zahlreichen Onlineplattformen zum Download angebotenen kostenlosen iCal-Dateien dar. Auf uns macht beispielsweise das Angebot von <a href=\"https:\/\/www.schulferien.org\/deutschland\/ical\/\">Schulferien.org<\/a> eine soliden Eindruck. Hier k\u00f6nnt ihr nicht nur die Feiertage wahlweise nach Bundesland oder gesamt herunterladen, sondern bei Bedarf auch gleich die Ferientermine f\u00fcr die einzelnen Bundesl\u00e4nder.<\/p>\n<p>Wie man Kalenderabos auf dem Mac verwaltet, hat Apple <a href=\"https:\/\/support.apple.com\/de-de\/HT202361\">hier ausf\u00fchrlich erkl\u00e4rt<\/a>. Streng genommen handelt es sich in unserem Fall allerdings nicht um Kalenderabos, sondern ihr ladet eine Datei mit Kalenderterminen, die ihr dann zu einem eigenen Kalender hinzuf\u00fcgt. Auf dem Mac habt ihr in diesem Zug auch die M\u00f6glichkeit, einen neuen, separaten Kalender f\u00fcr diese Termine zu erstellen. Dies ist unbedingt zu empfehlen, denn so k\u00f6nnt ihr den Stapel Termine wenn n\u00f6tig auch auf einen Rutsch wieder loswerden.<\/p>\n<p><a href=\"https:\/\/images.iphone-ticker.de\/wp-content\/uploads\/2019\/02\/ical-kalender-iphone-hinzufuegen.jpg\"><img loading=\"lazy\" decoding=\"async\" src=\"https:\/\/images.iphone-ticker.de\/wp-content\/uploads\/2019\/02\/ical-kalender-iphone-hinzufuegen-700x451.jpg\" alt=\"Ical Kalender Iphone Hinzufuegen\" width=\"700\" height=\"451\" class=\"alignnone size-large wp-image-137403\" srcset=\"https:\/\/images.iphone-ticker.de\/wp-content\/uploads\/2019\/02\/ical-kalender-iphone-hinzufuegen-700x451.jpg 700w, https:\/\/images.iphone-ticker.de\/wp-content\/uploads\/2019\/02\/ical-kalender-iphone-hinzufuegen-500x322.jpg 500w, https:\/\/images.iphone-ticker.de\/wp-content\/uploads\/2019\/02\/ical-kalender-iphone-hinzufuegen.jpg 1400w\" sizes=\"auto, (max-width: 700px) 100vw, 700px\" \/><\/a><\/p>\n<h2>Eigenen Feiertagskalender auf dem iPhone erstellen<\/h2>\n<p>Wenn ihr die iCal-Dateien direkt vom iPhone aus ladet, wird nur angeboten, die Termine in einen vorhandenen Kalender zu \u00fcbernehmen. Die Option zum Erstellen eines neuen Kalenders fehlt. Daher solltet ihr vor dem Download der Datei einen neuen, leeren Kalender anlegen. Dies geschieht in Apples Kalender-App im Men\u00fc \u201eKalender\u201c \u00fcber den Punkt \u201eHinzuf\u00fcgen\u201c. Anschlie\u00dfend k\u00f6nnt ihr die iCal-Datei laden und den neu erstellten Kalender als Ziel angeben.<\/p>\n","protected":false},"excerpt":{"rendered":"<a href=\"https:\/\/www.iphone-ticker.de\/apples-feiertagskalender-ical-downloads-aus-dem-web-sind-zuverlaessiger-137395\/\"><img width=\"150\" height=\"150\" src=\"https:\/\/images.iphone-ticker.de\/wp-content\/uploads\/2019\/02\/icloud-kalender-feiertage-150x150.jpg\" class=\"alignright tfe wp-post-image\" alt=\"Icloud Kalender Feiertage\" decoding=\"async\" loading=\"lazy\" \/><\/a><p>In Apples Feiertagskalender f\u00fcr Deutschland fehlt in diesem Jahr erneut der 1. Mai. Dies wirft mal wieder die Frage auf, ob und mit welchen Alternativen man besser bedient ist. Grunds\u00e4tzlich ist die Anzeige von Apples Feiertagskalender ja optional und kann jederzeit deaktiviert werden. Der Inhalt des Feiertagskalenders richtet sich \u00fcbrigens nach der im Einstellungsbereich \u201eSprache [&hellip;]<\/p>\n","protected":false},"author":2,"featured_media":137404,"comment_status":"open","ping_status":"closed","sticky":false,"template":"","format":"standard","meta":{"footnotes":""},"categories":[39],"tags":[3912,733,134],"class_list":["post-137395","post","type-post","status-publish","format-standard","has-post-thumbnail","hentry","category-apps","tag-apple","tag-ical","tag-kalender"],"aioseo_notices":[],"subheadline":["1. Mai fehlt mal wieder"],"featured_image":["https:\/\/images.iphone-ticker.de\/wp-content\/uploads\/2019\/02\/icloud-kalender-feiertage.jpg"],"rest_api_enabler":{"subheadline":"1. Mai fehlt mal wieder","featured_image":"https:\/\/images.iphone-ticker.de\/wp-content\/uploads\/2019\/02\/icloud-kalender-feiertage.jpg"},"_links":{"self":[{"href":"https:\/\/www.iphone-ticker.de\/apiv2\/wp\/v2\/posts\/137395","targetHints":{"allow":["GET"]}}],"collection":[{"href":"https:\/\/www.iphone-ticker.de\/apiv2\/wp\/v2\/posts"}],"about":[{"href":"https:\/\/www.iphone-ticker.de\/apiv2\/wp\/v2\/types\/post"}],"author":[{"embeddable":true,"href":"https:\/\/www.iphone-ticker.de\/apiv2\/wp\/v2\/users\/2"}],"replies":[{"embeddable":true,"href":"https:\/\/www.iphone-ticker.de\/apiv2\/wp\/v2\/comments?post=137395"}],"version-history":[{"count":8,"href":"https:\/\/www.iphone-ticker.de\/apiv2\/wp\/v2\/posts\/137395\/revisions"}],"predecessor-version":[{"id":137405,"href":"https:\/\/www.iphone-ticker.de\/apiv2\/wp\/v2\/posts\/137395\/revisions\/137405"}],"wp:featuredmedia":[{"embeddable":true,"href":"https:\/\/www.iphone-ticker.de\/apiv2\/wp\/v2\/media\/137404"}],"wp:attachment":[{"href":"https:\/\/www.iphone-ticker.de\/apiv2\/wp\/v2\/media?parent=137395"}],"wp:term":[{"taxonomy":"category","embeddable":true,"href":"https:\/\/www.iphone-ticker.de\/apiv2\/wp\/v2\/categories?post=137395"},{"taxonomy":"post_tag","embeddable":true,"href":"https:\/\/www.iphone-ticker.de\/apiv2\/wp\/v2\/tags?post=137395"}],"curies":[{"name":"wp","href":"https:\/\/api.w.org\/{rel}","templated":true}]}}