{"id":137366,"date":"2019-02-12T17:27:14","date_gmt":"2019-02-12T16:27:14","guid":{"rendered":"https:\/\/www.iphone-ticker.de\/?p=137366"},"modified":"2019-02-12T17:27:14","modified_gmt":"2019-02-12T16:27:14","slug":"wwdc-2019-startet-voraussichtlich-am-3-juni","status":"publish","type":"post","link":"https:\/\/www.iphone-ticker.de\/wwdc-2019-startet-voraussichtlich-am-3-juni-137366\/","title":{"rendered":"WWDC 2019 startet voraussichtlich am 3. Juni"},"content":{"rendered":"<p>Auch in diesem Jahr wird uns Apple im Rahmen der Entwicklerkonferenz <a href=\"https:\/\/developer.apple.com\/wwdc\/\">WWDC<\/a> bereits im Sommer einen umfassenden Ausblick auf die kommenden Generationen von iOS und macOS geben. Als voraussichtlicher Termin f\u00fcr die Veranstaltung macht nun die Woche vom 3. bist 7. Juni 2019 die Runde.<\/p>\n<p>Apple selbst l\u00e4sst sich mit der offiziellen Ank\u00fcndigung der Veranstaltung gew\u00f6hnlich bis Mitte M\u00e4rz Zeit. Die Planungen laufen nat\u00fcrlich bereits weitaus l\u00e4nger und dementsprechend l\u00e4sst es sich nicht vermeiden, dass hier die voraussichtlichen Termine hier und da an anderer Stelle durchsickern.<\/p>\n<p><a href=\"https:\/\/images.iphone-ticker.de\/wp-content\/uploads\/2019\/02\/wwdc-2019-termin.jpg\"><img loading=\"lazy\" decoding=\"async\" src=\"https:\/\/images.iphone-ticker.de\/wp-content\/uploads\/2019\/02\/wwdc-2019-termin-700x362.jpg\" alt=\"Wwdc 2019 Termin\" width=\"700\" height=\"362\" class=\"alignnone size-large wp-image-137368\" srcset=\"https:\/\/images.iphone-ticker.de\/wp-content\/uploads\/2019\/02\/wwdc-2019-termin.jpg 700w, https:\/\/images.iphone-ticker.de\/wp-content\/uploads\/2019\/02\/wwdc-2019-termin-500x259.jpg 500w\" sizes=\"auto, (max-width: 700px) 100vw, 700px\" \/><\/a><\/p>\n<p>So hat das Apple-Blog <a href=\"https:\/\/www.macrumors.com\/2019\/02\/12\/wwdc-2019-dates-june-3-7-san-jose\/\">MacRumors<\/a> bereits einen Eintrag im <a href=\"https:\/\/www.sanjoseca.gov\/DocumentCenter\/View\/73480\">Veranstaltungskalender der Stadt San Jose<\/a> ausgemacht, der auf die Apple-Veranstaltung in besagter Woche hinweist. Zudem h\u00e4tte ein Informant der Seite best\u00e4tigt, dass f\u00fcr das bereits im vergangenen Jahr von Apple gew\u00e4hlte Veranstaltungszentrum McEnery in diesem Zeitraum ein \u201egro\u00dfes Event\u201c geplant sei.<\/p>\n<p>Die Auftaktveranstaltung zur Konferenz wird gew\u00f6hnlich per Livestream \u00fcbertragen. <a href=\"https:\/\/www.ifun.de\/apple-wwdc-keynote-2018-alle-neuigkeiten-im-ueberblick-122984\/\">Im vergangenen Jahr<\/a> hat das Team um Apple-Chef Tim Cook hier \u00fcber gut zwei Stunden hinweg die wichtigsten Neuerungen von iOS 12, macOS Mojave und watchOS 5 vorgestellt.<\/p>\n","protected":false},"excerpt":{"rendered":"<a href=\"https:\/\/www.iphone-ticker.de\/wwdc-2019-startet-voraussichtlich-am-3-juni-137366\/\"><img width=\"150\" height=\"150\" src=\"https:\/\/images.iphone-ticker.de\/wp-content\/uploads\/2019\/02\/wwdc-2019-termin-150x150.jpg\" class=\"alignright tfe wp-post-image\" alt=\"Wwdc 2019 Termin\" decoding=\"async\" loading=\"lazy\" \/><\/a><p>Auch in diesem Jahr wird uns Apple im Rahmen der Entwicklerkonferenz WWDC bereits im Sommer einen umfassenden Ausblick auf die kommenden Generationen von iOS und macOS geben. Als voraussichtlicher Termin f\u00fcr die Veranstaltung macht nun die Woche vom 3. bist 7. Juni 2019 die Runde. Apple selbst l\u00e4sst sich mit der offiziellen Ank\u00fcndigung der Veranstaltung [&hellip;]<\/p>\n","protected":false},"author":2,"featured_media":137368,"comment_status":"open","ping_status":"closed","sticky":false,"template":"","format":"standard","meta":{"footnotes":""},"categories":[88],"tags":[105],"class_list":["post-137366","post","type-post","status-publish","format-standard","has-post-thumbnail","hentry","category-entwickler","tag-wwdc"],"aioseo_notices":[],"subheadline":["Ein erster Blick auf iOS 13"],"featured_image":["https:\/\/images.iphone-ticker.de\/wp-content\/uploads\/2018\/03\/wwdc-2018.jpg"],"rest_api_enabler":{"subheadline":"Ein erster Blick auf iOS 13","featured_image":"https:\/\/images.iphone-ticker.de\/wp-content\/uploads\/2018\/03\/wwdc-2018.jpg"},"_links":{"self":[{"href":"https:\/\/www.iphone-ticker.de\/apiv2\/wp\/v2\/posts\/137366","targetHints":{"allow":["GET"]}}],"collection":[{"href":"https:\/\/www.iphone-ticker.de\/apiv2\/wp\/v2\/posts"}],"about":[{"href":"https:\/\/www.iphone-ticker.de\/apiv2\/wp\/v2\/types\/post"}],"author":[{"embeddable":true,"href":"https:\/\/www.iphone-ticker.de\/apiv2\/wp\/v2\/users\/2"}],"replies":[{"embeddable":true,"href":"https:\/\/www.iphone-ticker.de\/apiv2\/wp\/v2\/comments?post=137366"}],"version-history":[{"count":2,"href":"https:\/\/www.iphone-ticker.de\/apiv2\/wp\/v2\/posts\/137366\/revisions"}],"predecessor-version":[{"id":137369,"href":"https:\/\/www.iphone-ticker.de\/apiv2\/wp\/v2\/posts\/137366\/revisions\/137369"}],"wp:featuredmedia":[{"embeddable":true,"href":"https:\/\/www.iphone-ticker.de\/apiv2\/wp\/v2\/media\/137368"}],"wp:attachment":[{"href":"https:\/\/www.iphone-ticker.de\/apiv2\/wp\/v2\/media?parent=137366"}],"wp:term":[{"taxonomy":"category","embeddable":true,"href":"https:\/\/www.iphone-ticker.de\/apiv2\/wp\/v2\/categories?post=137366"},{"taxonomy":"post_tag","embeddable":true,"href":"https:\/\/www.iphone-ticker.de\/apiv2\/wp\/v2\/tags?post=137366"}],"curies":[{"name":"wp","href":"https:\/\/api.w.org\/{rel}","templated":true}]}}