{"id":137130,"date":"2019-02-06T18:33:19","date_gmt":"2019-02-06T17:33:19","guid":{"rendered":"https:\/\/www.iphone-ticker.de\/?p=137130"},"modified":"2019-02-06T22:01:48","modified_gmt":"2019-02-06T21:01:48","slug":"apple-will-iphone-verkaufsverbot-durch-technische-aenderungen-umgehen","status":"publish","type":"post","link":"https:\/\/www.iphone-ticker.de\/apple-will-iphone-verkaufsverbot-durch-technische-aenderungen-umgehen-137130\/","title":{"rendered":"Apple will iPhone-Verkaufsverbot durch technische \u00c4nderungen umgehen"},"content":{"rendered":"<p>Apple will das seit Jahresbeginn bestehende <a href=\"https:\/\/www.iphone-ticker.de\/iphone-7-und-iphone-8-nun-komplett-von-apple-webseite-verschwunden-135783\/\" title=\"iPhone 7 und iPhone 8 nun komplett von Apple-Webseite verschwunden\">Verkaufsverbot<\/a> f\u00fcr \u00e4ltere iPhone-Modelle offenbar dadurch umgehen, dass zumindest auf dem hiesigen Markt modifizierte Versionen von iPhone 7 und iPhone 8 angeboten werden. Chips\u00e4tze von Intel sollen in diesen Ger\u00e4ten die f\u00fcr den Streit verantwortlichen Bauteile von Qualcomm ersetzen.<\/p>\n<p><a href=\"https:\/\/images.iphone-ticker.de\/wp-content\/uploads\/2018\/12\/apple-iphone-8.jpg\"><img loading=\"lazy\" decoding=\"async\" src=\"https:\/\/images.iphone-ticker.de\/wp-content\/uploads\/2018\/12\/apple-iphone-8-500x337.jpg\" alt=\"Apple Iphone 8\" width=\"500\" height=\"337\" class=\"alignnone size-medium wp-image-135458\" srcset=\"https:\/\/images.iphone-ticker.de\/wp-content\/uploads\/2018\/12\/apple-iphone-8-500x337.jpg 500w, https:\/\/images.iphone-ticker.de\/wp-content\/uploads\/2018\/12\/apple-iphone-8.jpg 700w\" sizes=\"auto, (max-width: 500px) 100vw, 500px\" \/><\/a><\/p>\n<p>Laut uns vorliegenden Informationen hat Apple die deutschen Handelskan\u00e4le bereits \u00fcber die geplanten \u00c4nderungen informiert und Vertriebspartnern auch schon die neuen internen Kennziffern der Ger\u00e4te \u00fcbermittelt. Offenbar plant Apple, die \u00c4nderungen kurzfristig umzusetzen, m\u00f6glicherweise gehen die Ger\u00e4te schon in den n\u00e4chsten zwei Wochen in den Verkauf.<\/p>\n<p>Apple bietet die iPhone-Modelle 7 und 8 in Deutschland derzeit nicht \u00fcber die eigenen Vertriebskan\u00e4le an. Grund daf\u00fcr ist eine <a href=\"https:\/\/www.iphone-ticker.de\/richter-geben-gruenes-licht-fuer-iphone-verkaufsverbot-in-deutschland-135448\/\" title=\"Landgericht M\u00fcnchen entschieden\">Entscheidung des Landgerichts M\u00fcnchen<\/a>, die Richter sahen die Verletzung von Qualcomm-Patenten durch Apple f\u00fcr gegeben. Das Verkaufsverbot trat zu Jahresbeginn <a href=\"https:\/\/www.iphone-ticker.de\/iphone-verkaufsverbot-tritt-in-kraft-iphone-7-und-8-nicht-mehr-bei-apple-erhaeltlich-135752\/\" title=\"gestern\">in Kraft<\/a>, nachdem Qualcomm die im Rahmen des Urteils geforderten Sicherheitsleistungen erbracht hatte.<\/p>\n","protected":false},"excerpt":{"rendered":"<a href=\"https:\/\/www.iphone-ticker.de\/apple-will-iphone-verkaufsverbot-durch-technische-aenderungen-umgehen-137130\/\"><img width=\"150\" height=\"150\" src=\"https:\/\/images.iphone-ticker.de\/wp-content\/uploads\/2019\/02\/apple-store-pexel-150x150.jpg\" class=\"alignright tfe wp-post-image\" alt=\"Apple Store Pexel\" decoding=\"async\" loading=\"lazy\" \/><\/a><p>Apple will das seit Jahresbeginn bestehende Verkaufsverbot f\u00fcr \u00e4ltere iPhone-Modelle offenbar dadurch umgehen, dass zumindest auf dem hiesigen Markt modifizierte Versionen von iPhone 7 und iPhone 8 angeboten werden. Chips\u00e4tze von Intel sollen in diesen Ger\u00e4ten die f\u00fcr den Streit verantwortlichen Bauteile von Qualcomm ersetzen. Laut uns vorliegenden Informationen hat Apple die deutschen Handelskan\u00e4le bereits [&hellip;]<\/p>\n","protected":false},"author":2,"featured_media":137136,"comment_status":"open","ping_status":"closed","sticky":false,"template":"","format":"standard","meta":{"footnotes":""},"categories":[1],"tags":[3912,344,3777],"class_list":["post-137130","post","type-post","status-publish","format-standard","has-post-thumbnail","hentry","category-news","tag-apple","tag-iphone","tag-qualcomm"],"aioseo_notices":[],"subheadline":["Ger\u00e4te sollen Intel-Chip bekommen"],"featured_image":["https:\/\/images.iphone-ticker.de\/wp-content\/uploads\/2019\/02\/apple-store-pexel.jpg"],"rest_api_enabler":{"subheadline":"Ger\u00e4te sollen Intel-Chip bekommen","featured_image":"https:\/\/images.iphone-ticker.de\/wp-content\/uploads\/2019\/02\/apple-store-pexel.jpg"},"_links":{"self":[{"href":"https:\/\/www.iphone-ticker.de\/apiv2\/wp\/v2\/posts\/137130","targetHints":{"allow":["GET"]}}],"collection":[{"href":"https:\/\/www.iphone-ticker.de\/apiv2\/wp\/v2\/posts"}],"about":[{"href":"https:\/\/www.iphone-ticker.de\/apiv2\/wp\/v2\/types\/post"}],"author":[{"embeddable":true,"href":"https:\/\/www.iphone-ticker.de\/apiv2\/wp\/v2\/users\/2"}],"replies":[{"embeddable":true,"href":"https:\/\/www.iphone-ticker.de\/apiv2\/wp\/v2\/comments?post=137130"}],"version-history":[{"count":3,"href":"https:\/\/www.iphone-ticker.de\/apiv2\/wp\/v2\/posts\/137130\/revisions"}],"predecessor-version":[{"id":137133,"href":"https:\/\/www.iphone-ticker.de\/apiv2\/wp\/v2\/posts\/137130\/revisions\/137133"}],"wp:featuredmedia":[{"embeddable":true,"href":"https:\/\/www.iphone-ticker.de\/apiv2\/wp\/v2\/media\/137136"}],"wp:attachment":[{"href":"https:\/\/www.iphone-ticker.de\/apiv2\/wp\/v2\/media?parent=137130"}],"wp:term":[{"taxonomy":"category","embeddable":true,"href":"https:\/\/www.iphone-ticker.de\/apiv2\/wp\/v2\/categories?post=137130"},{"taxonomy":"post_tag","embeddable":true,"href":"https:\/\/www.iphone-ticker.de\/apiv2\/wp\/v2\/tags?post=137130"}],"curies":[{"name":"wp","href":"https:\/\/api.w.org\/{rel}","templated":true}]}}