{"id":137095,"date":"2019-02-06T11:41:20","date_gmt":"2019-02-06T10:41:20","guid":{"rendered":"https:\/\/www.iphone-ticker.de\/?p=137095"},"modified":"2019-02-06T11:41:57","modified_gmt":"2019-02-06T10:41:57","slug":"2-wochen-frist-fuer-tim-cook-us-abgeordnete-uebermitteln-fragenkatalog","status":"publish","type":"post","link":"https:\/\/www.iphone-ticker.de\/2-wochen-frist-fuer-tim-cook-us-abgeordnete-uebermitteln-fragenkatalog-137095\/","title":{"rendered":"2-Wochen-Frist f\u00fcr Tim Cook: US-Abgeordnete \u00fcbermitteln Fragenkatalog"},"content":{"rendered":"<p>Der Vorsitzende des amerikanische <a href=\"https:\/\/energycommerce.house.gov\/newsroom\/press-releases\/pallone-schakowsky-probe-apple-group-facetime-bug\">Energie- und Wirtschaftsausschusses<\/a>, Frank Pallone, und die f\u00fcr Fragen des Verbraucherschutzes zust\u00e4ndige Abgeordnete Jan Schakowsky, haben Apple-Chef Tim Cook einen Fragenkatalog (<a href=\"https:\/\/energycommerce.house.gov\/sites\/democrats.energycommerce.house.gov\/files\/documents\/Apple.2019.2.5.%20Letter%20re%20Group%20FaceTime%20Privacy%20Violation.CPC__0.pdf\">PDF<\/a>) zur k\u00fcrzlich bekanntgewordenen FaceTime-Schwachstelle zugestellt.<\/p>\n<p><a href=\"https:\/\/images.iphone-ticker.de\/wp-content\/uploads\/2018\/08\/energie-ausschuss.jpg\"><img decoding=\"async\" class=\"aligncenter size-large wp-image-129722\" src=\"https:\/\/images.iphone-ticker.de\/wp-content\/uploads\/2018\/08\/energie-ausschuss-1024x538.jpg\" alt=\"Energie Ausschuss\" width=\"500\" srcset=\"https:\/\/images.iphone-ticker.de\/wp-content\/uploads\/2018\/08\/energie-ausschuss-1024x538.jpg 1024w, https:\/\/images.iphone-ticker.de\/wp-content\/uploads\/2018\/08\/energie-ausschuss-300x158.jpg 300w, https:\/\/images.iphone-ticker.de\/wp-content\/uploads\/2018\/08\/energie-ausschuss.jpg 1200w\" sizes=\"(max-width: 1024px) 100vw, 1024px\" \/><\/a><\/p>\n<p>In dem zweiseitigen Brief dr\u00fccken die beiden Politiker der Demokraten ihr Unverst\u00e4ndnis dar\u00fcber aus, wie viele Tage Apple nach der Meldung des Bugs hat verstreichen lassen, ehe die Sicherheitsl\u00fccke letztlich adressiert wurde.<\/p>\n<p>Zudem scheinen die Politiker der Theorie nachzugehen, Apple k\u00f6nnte versucht gewesen sein, den FaceTime-Fehler im Stillen zu beheben ohne dessen Vorhandensein offiziell einzugestehen.<\/p>\n<p>So fragt der Brief auch nach, ob das iOS-Betriebssystem \u00fcber weitere, Apple bekannte Bugs verf\u00fcgt, die noch nicht behoben wurden.<\/p>\n<h3>Diese sechs Fragen soll Tim Cook bis zum 19 Februar beantworten:<\/h3>\n<ul>\n<li>Wann hat ihr Unternehmen die Schwachstelle der FaceTime-Gruppenanrufe, durch die Einzelpersonen auf Kamera und Mikrofon von Ger\u00e4ten zugreifen k\u00f6nnen, bevor ein FaceTime-Anruf angenommen wurde, erstmals identifiziert? Hat Ihr Unternehmen die Schwachstelle erkannt, bevor sich die Mutter von Herrn Thompson bei ihnen meldete? Haben sich andere Kunden diesbez\u00fcglich gemeldet?<\/li>\n<li>Bitte informieren sie uns \u00fcber den zeitlichen Ablauf, welche Schritte wann eingeleitet wurden, um die Schwachstelle zu beheben, nachdem diese urspr\u00fcnglich identifiziert wurde.<\/li>\n<li>Welche Verfahren und Tests waren vorhanden und welche sind inzwischen vorhanden, um solche Schwachstellen vor der Ver\u00f6ffentlichung eines Produktes zu identifizieren? Warum haben diese im aktuellen Fall nicht gegriffen? Welche Schritte werden unternommen, um dies in Zukunft zu verbessern?<\/li>\n<li>Warum hat Apple so lange gebraucht, um die FaceTime-Sicherheitsl\u00fccke zu beheben, nachdem sie von Mr. Thompsons Mutter entdeckt und an Apple gemeldet wurde?<\/li>\n<li>Welche Schritte werden unternommen, um festzustellen, welche Datenschutzinteressen von FaceTime-Benutzern aufgrund dieser Schwachstelle verletzt wurden? Beabsichtigt Apple, diese Verbraucher zu benachrichtigen und zu entsch\u00e4digen? Wann wird Apple die betroffenen Verbraucher benachrichtigen?<\/li>\n<li>Gibt es andere Sicherheits-Schwachstellen in Apple-Ger\u00e4ten und -Anwendungen, die einen unbefugten Zugriff auf Mikrofone und \/ oder Kameras f\u00fchren k\u00f6nnen? Wenn ja, welche Schritte unternimmt Apple hier?<\/li>\n<\/ul>\n","protected":false},"excerpt":{"rendered":"<a href=\"https:\/\/www.iphone-ticker.de\/2-wochen-frist-fuer-tim-cook-us-abgeordnete-uebermitteln-fragenkatalog-137095\/\"><img decoding=\"async\" width=\"150\" src=\"https:\/\/images.iphone-ticker.de\/wp-content\/uploads\/2018\/08\/energie-ausschuss-1024x538.jpg\" class=\"alignright wp-post-image tfe\" alt=\"Energie Ausschuss\" title=\"\" \/><\/a><p>Der Vorsitzende des amerikanische Energie- und Wirtschaftsausschusses, Frank Pallone, und die f\u00fcr Fragen des Verbraucherschutzes zust\u00e4ndige Abgeordnete Jan Schakowsky, haben Apple-Chef Tim Cook einen Fragenkatalog (PDF) zur k\u00fcrzlich bekanntgewordenen FaceTime-Schwachstelle zugestellt. In dem zweiseitigen Brief dr\u00fccken die beiden Politiker der Demokraten ihr Unverst\u00e4ndnis dar\u00fcber aus, wie viele Tage Apple nach der Meldung des Bugs hat [&hellip;]<\/p>\n","protected":false},"author":1,"featured_media":0,"comment_status":"open","ping_status":"closed","sticky":false,"template":"","format":"standard","meta":{"footnotes":""},"categories":[639],"tags":[144,70,637,5661,147,1439],"class_list":["post-137095","post","type-post","status-publish","format-standard","hentry","category-ios","tag-amerika","tag-bug","tag-facetime","tag-ios","tag-recht","tag-tim-cook"],"aioseo_notices":[],"subheadline":["Nach FaceTime-Schwachstelle"],"featured_image":["https:\/\/images.iphone-ticker.de\/wp-content\/uploads\/2016\/02\/tim-cook-header.jpg"],"rest_api_enabler":{"subheadline":"Nach FaceTime-Schwachstelle","featured_image":"https:\/\/images.iphone-ticker.de\/wp-content\/uploads\/2016\/02\/tim-cook-header.jpg"},"_links":{"self":[{"href":"https:\/\/www.iphone-ticker.de\/apiv2\/wp\/v2\/posts\/137095","targetHints":{"allow":["GET"]}}],"collection":[{"href":"https:\/\/www.iphone-ticker.de\/apiv2\/wp\/v2\/posts"}],"about":[{"href":"https:\/\/www.iphone-ticker.de\/apiv2\/wp\/v2\/types\/post"}],"author":[{"embeddable":true,"href":"https:\/\/www.iphone-ticker.de\/apiv2\/wp\/v2\/users\/1"}],"replies":[{"embeddable":true,"href":"https:\/\/www.iphone-ticker.de\/apiv2\/wp\/v2\/comments?post=137095"}],"version-history":[{"count":3,"href":"https:\/\/www.iphone-ticker.de\/apiv2\/wp\/v2\/posts\/137095\/revisions"}],"predecessor-version":[{"id":137098,"href":"https:\/\/www.iphone-ticker.de\/apiv2\/wp\/v2\/posts\/137095\/revisions\/137098"}],"wp:attachment":[{"href":"https:\/\/www.iphone-ticker.de\/apiv2\/wp\/v2\/media?parent=137095"}],"wp:term":[{"taxonomy":"category","embeddable":true,"href":"https:\/\/www.iphone-ticker.de\/apiv2\/wp\/v2\/categories?post=137095"},{"taxonomy":"post_tag","embeddable":true,"href":"https:\/\/www.iphone-ticker.de\/apiv2\/wp\/v2\/tags?post=137095"}],"curies":[{"name":"wp","href":"https:\/\/api.w.org\/{rel}","templated":true}]}}