{"id":136776,"date":"2019-01-29T16:44:01","date_gmt":"2019-01-29T15:44:01","guid":{"rendered":"https:\/\/www.iphone-ticker.de\/?p=136776"},"modified":"2019-01-29T16:44:44","modified_gmt":"2019-01-29T15:44:44","slug":"apple-prime-startet-das-apfel-abo-schon-im-april","status":"publish","type":"post","link":"https:\/\/www.iphone-ticker.de\/apple-prime-startet-das-apfel-abo-schon-im-april-136776\/","title":{"rendered":"Apple Prime: Startet das Apfel-Abo schon im April?"},"content":{"rendered":"<p>Sobald Apples Video-Streaming-Dienst marktreif ist, wird Apple wohl endlich sein All-In-One-Abo vorstellen, das die Service-Ums\u00e4tze des Unternehmens ruckartig in die H\u00f6he schnellen lassen wird. Und dieser Termin scheint nicht mehr all zu weit von uns entfernt zu sein. Wie die Nachrichten-Portal &#8222;The Information&#8220; <a href=\"https:\/\/www.theinformation.com\/articles\/amazon-changes-tack-on-video-offering-as-apple-joins-market\">aktuell berichtet<\/a>, sei davon auszugehen, dass Apples Video-Angebot bereits Mitte April starten wird &#8211; also in knapp 80 Tagen.<\/p>\n<blockquote class=\"twitter-tweet\" data-cards=\"hidden\" data-lang=\"en\">\n<p lang=\"en\" dir=\"ltr\">Apple is telling entertainment companies that its streaming video service will be ready for launch by mid-April <a href=\"https:\/\/t.co\/nsGRb5KgZz\">https:\/\/t.co\/nsGRb5KgZz<\/a><\/p>\n<p>&mdash; Aaron Tilley (@aatilley) <a href=\"https:\/\/twitter.com\/aatilley\/status\/1090066566811549696?ref_src=twsrc%5Etfw\">January 29, 2019<\/a><\/p><\/blockquote>\n<p><script async src=\"https:\/\/platform.twitter.com\/widgets.js\" charset=\"utf-8\"><\/script><\/p>\n<p>Da Cupertino jedoch (noch) deutlich zu wenig Exklusiv-Content f\u00fcr einen vollwertigen Netflix-Konkurrenten mitbringen d\u00fcrfte, k\u00f6nnte der April-Termin den Start des lang erwarteten Apfel-Abos markieren.<\/p>\n<p>Neben selbst produzierten Filmen und Videos, dem Zugriff Apple Music und einer Speicherplatz-Erweiterung f\u00fcr Backups und Fotos in iCloud k\u00f6nnte das im Ansatz mit &#8222;Amazon Prime&#8220; vergleichbare Abo zudem den <a href=\"https:\/\/www.ifun.de\/apples-zeitschriften-flat-neustart-als-apple-news-beilage-131250\/\">Zugriff auf Zeitschriften<\/a> und von Apple News kuratierte Online-Nachrichten-Angebote beinhalten und vielleicht sogar eine bunte <a href=\"https:\/\/www.ifun.de\/apple-angebliches-gaming-abo-in-planung-132904\/\">Auswahl an Premium-Spielen<\/a> mitbringen, die w\u00e4hrend der aktiven Abo-Laufzeit kostenfrei gedaddelt werden k\u00f6nnen. <\/p>\n<p>Einige Marktbeobachter rechnen sogar mit einer integrierten iPhone-Flatrate, die gegen erh\u00f6hte Monatsgeb\u00fchr ein frisches Telefon im Jahresrhythmus vorsehen w\u00fcrde.<\/p>\n<p>Die einzelnen Puzzleteile hat Apple in den zur\u00fcckliegenden Monaten und Jahren vorbereitet &#8211; inzwischen geht es nur noch um Preisgestaltung, Abo-Bestandteile und die zur Wahl stehenden Varianten, die Cupertino in gewohnter Good, Better, Best-Staffelung anbieten d\u00fcrfte. Noch 80 Tage. Wir warten ab. <\/p>\n<h2>Zum Vergleich: Die Inhalte von Amazon Prime<\/h2>\n<p>F\u00fcr Kunden in Deutschland und \u00d6sterreich <a rel=\"noindex, nofollow\" href=\"https:\/\/www.amazon.de\/amazonprime\/ref=as_li_ss_tl?_encoding=UTF8&#038;*Version*=1&#038;*entries*=0&#038;linkCode=sl2&#038;tag=musicweb02&#038;linkId=a62ceb30d1a69ebe792b677c0fb61115&#038;language=de_DE\">Amazon Prime<\/a> f\u00fcr einen Mitgliedsbeitrag von 69 Euro im Jahr unbegrenztes Streaming von mehr als 20.000 Filmen und Serienepisoden mit Prime Video, unbegrenzten Zugriff auf \u00fcber zwei Millionen Songs mit Prime Music, Prime Reading, Amazon Photos, Twitch Prime, Premiumzugang zu Blitzangeboten sowie Zugang zu Amazon Pantry.<\/p>\n<p><a href=\"https:\/\/images.iphone-ticker.de\/wp-content\/uploads\/2019\/01\/prime-inhalte.jpg\"><img loading=\"lazy\" decoding=\"async\" src=\"https:\/\/images.iphone-ticker.de\/wp-content\/uploads\/2019\/01\/prime-inhalte-500x189.jpg\" alt=\"Prime Inhalte\" width=\"500\" height=\"189\" class=\"aligncenter size-medium wp-image-136777\" srcset=\"https:\/\/images.iphone-ticker.de\/wp-content\/uploads\/2019\/01\/prime-inhalte-500x189.jpg 500w, https:\/\/images.iphone-ticker.de\/wp-content\/uploads\/2019\/01\/prime-inhalte-700x264.jpg 700w, https:\/\/images.iphone-ticker.de\/wp-content\/uploads\/2019\/01\/prime-inhalte.jpg 1648w\" sizes=\"auto, (max-width: 500px) 100vw, 500px\" \/><\/a><\/p>\n<p>Dar\u00fcber hinaus profitieren Prime-Mitglieder von unbegrenztem, kostenlosem Premiumversand von Millionen von Artikeln sowie Gratis Same-Day Lieferung in 20 deutschen Metropolregionen. Prime-Mitglieder in Berlin und M\u00fcnchen k\u00f6nnen sich ihre Bestellungen mit Prime Now innerhalb einer Stunde oder innerhalb eines w\u00e4hlbaren 2-Stunden-Fensters liefern lassen. In Berlin, Potsdam, Hamburg und M\u00fcnchen k\u00f6nnen Prime-Mitglieder ihre Mitgliedschaft f\u00fcr 9,99 Euro im Monat um AmazonFresh erweitern und ihren kompletten Wocheneinkauf inklusive frischer und gek\u00fchlter Lebensmittel online erledigen. Prime ist f\u00fcr einen Mitgliedsbeitrag von <a rel=\"noindex, nofollow\" href=\"https:\/\/www.amazon.de\/amazonprime\/ref=as_li_ss_tl?_encoding=UTF8&#038;*Version*=1&#038;*entries*=0&#038;linkCode=sl2&#038;tag=musicweb02&#038;linkId=a62ceb30d1a69ebe792b677c0fb61115&#038;language=de_DE\">69 Euro im Jahr oder 7,99 Euro pro Monat<\/a> erh\u00e4ltlich. <\/p>\n","protected":false},"excerpt":{"rendered":"<a href=\"https:\/\/www.iphone-ticker.de\/apple-prime-startet-das-apfel-abo-schon-im-april-136776\/\"><img width=\"150\" height=\"150\" src=\"https:\/\/images.iphone-ticker.de\/wp-content\/uploads\/2019\/01\/prime-inhalte-150x150.jpg\" class=\"alignright tfe wp-post-image\" alt=\"Prime Inhalte\" decoding=\"async\" loading=\"lazy\" \/><\/a><p>Sobald Apples Video-Streaming-Dienst marktreif ist, wird Apple wohl endlich sein All-In-One-Abo vorstellen, das die Service-Ums\u00e4tze des Unternehmens ruckartig in die H\u00f6he schnellen lassen wird. Und dieser Termin scheint nicht mehr all zu weit von uns entfernt zu sein. Wie die Nachrichten-Portal &#8222;The Information&#8220; aktuell berichtet, sei davon auszugehen, dass Apples Video-Angebot bereits Mitte April starten [&hellip;]<\/p>\n","protected":false},"author":1,"featured_media":136777,"comment_status":"open","ping_status":"closed","sticky":false,"template":"","format":"standard","meta":{"footnotes":""},"categories":[1],"tags":[254,4594,3912,48,2064,3910],"class_list":["post-136776","post","type-post","status-publish","format-standard","has-post-thumbnail","hentry","category-news","tag-amazon","tag-apfel-abo","tag-apple","tag-geld","tag-geruechte","tag-rumors"],"aioseo_notices":[],"featured_image":["https:\/\/images.iphone-ticker.de\/wp-content\/uploads\/2018\/09\/apple-store-eroeffnung.jpg"],"subheadline":["Videos, News, Musik und iCloud-Speicher"],"rest_api_enabler":{"featured_image":"https:\/\/images.iphone-ticker.de\/wp-content\/uploads\/2018\/09\/apple-store-eroeffnung.jpg","subheadline":"Videos, News, Musik und iCloud-Speicher"},"_links":{"self":[{"href":"https:\/\/www.iphone-ticker.de\/apiv2\/wp\/v2\/posts\/136776","targetHints":{"allow":["GET"]}}],"collection":[{"href":"https:\/\/www.iphone-ticker.de\/apiv2\/wp\/v2\/posts"}],"about":[{"href":"https:\/\/www.iphone-ticker.de\/apiv2\/wp\/v2\/types\/post"}],"author":[{"embeddable":true,"href":"https:\/\/www.iphone-ticker.de\/apiv2\/wp\/v2\/users\/1"}],"replies":[{"embeddable":true,"href":"https:\/\/www.iphone-ticker.de\/apiv2\/wp\/v2\/comments?post=136776"}],"version-history":[{"count":2,"href":"https:\/\/www.iphone-ticker.de\/apiv2\/wp\/v2\/posts\/136776\/revisions"}],"predecessor-version":[{"id":136779,"href":"https:\/\/www.iphone-ticker.de\/apiv2\/wp\/v2\/posts\/136776\/revisions\/136779"}],"wp:featuredmedia":[{"embeddable":true,"href":"https:\/\/www.iphone-ticker.de\/apiv2\/wp\/v2\/media\/136777"}],"wp:attachment":[{"href":"https:\/\/www.iphone-ticker.de\/apiv2\/wp\/v2\/media?parent=136776"}],"wp:term":[{"taxonomy":"category","embeddable":true,"href":"https:\/\/www.iphone-ticker.de\/apiv2\/wp\/v2\/categories?post=136776"},{"taxonomy":"post_tag","embeddable":true,"href":"https:\/\/www.iphone-ticker.de\/apiv2\/wp\/v2\/tags?post=136776"}],"curies":[{"name":"wp","href":"https:\/\/api.w.org\/{rel}","templated":true}]}}