{"id":136452,"date":"2019-01-22T06:46:28","date_gmt":"2019-01-22T05:46:28","guid":{"rendered":"https:\/\/www.iphone-ticker.de\/?p=136452"},"modified":"2019-01-22T06:46:28","modified_gmt":"2019-01-22T05:46:28","slug":"weitere-hinweise-auf-produktionsstart-von-airpower","status":"publish","type":"post","link":"https:\/\/www.iphone-ticker.de\/weitere-hinweise-auf-produktionsstart-von-airpower-136452\/","title":{"rendered":"Weitere Hinweise auf Produktionsstart von AirPower"},"content":{"rendered":"<p>Ein weiterer Bericht stellt einen baldigen Verkaufsstart von Apples Qi-Ladeger\u00e4t <a href=\"https:\/\/www.iphone-ticker.de\/apple-stellt-das-iphone-x-vor-116535#AirPower\">AirPower<\/a> in Aussicht. Diesmal berichtet das Branchenmagazin Digitimes von Aktivit\u00e4ten im Umfeld von Apples Produktionspartnern, die auf einen Start der Serienfertigung des Ger\u00e4ts hindeuten.<\/p>\n<p>Dem Bericht zufolge verzeichnen Apples Produktionspartner eine stabile Nachfrage nach sogenannten Br\u00fcckengleichrichtern Dies deute auf einen Produktionsstart hin, wenngleich man erst mit dem tats\u00e4chlichen Verkaufsstart vor Augen mit gro\u00dfen Fertigungsmengen rechne. Die soll \u201esp\u00e4ter im Jahr\u201c der Fall sein.<\/p>\n<p><a href=\"https:\/\/images.iphone-ticker.de\/wp-content\/uploads\/2018\/06\/apple-airpower-praesentation-phil-schiller.jpg\"><img loading=\"lazy\" decoding=\"async\" src=\"https:\/\/images.iphone-ticker.de\/wp-content\/uploads\/2018\/06\/apple-airpower-praesentation-phil-schiller-300x200.jpg\" alt=\"Apple Airpower Praesentation Phil Schiller\" width=\"300\" height=\"200\" class=\"alignnone size-medium wp-image-127675\" srcset=\"https:\/\/images.iphone-ticker.de\/wp-content\/uploads\/2018\/06\/apple-airpower-praesentation-phil-schiller-300x200.jpg 300w, https:\/\/images.iphone-ticker.de\/wp-content\/uploads\/2018\/06\/apple-airpower-praesentation-phil-schiller.jpg 700w\" sizes=\"auto, (max-width: 300px) 100vw, 300px\" \/><\/a><\/p>\n<p>Die eher vagen \u00c4u\u00dferungen decken sich mit Berichten \u00fcber den Beginn der Produktion und einen geplanten baldigen Verkaufsstart von AirPower <a href=\"https:\/\/www.iphone-ticker.de\/airpower-apple-plant-angeblich-baldigen-verkaufsstart-136097\/\" title=\"AirPower: Apple plant angeblich baldigen Verkaufsstart\">aus der vergangenen Woche<\/a>. Apple scheint die mit dem Ger\u00e4t verbundenen Produktionsprobleme mittlerweile im Griff zu haben und das 2017 angek\u00fcndigte Ger\u00e4t nun tats\u00e4chlich noch ausliefern zu wollen. Darauf deutete auch die im Zusammenhang mit Apples neuem Smart Battery Case in einigen L\u00e4ndern <a href=\"https:\/\/www.iphone-ticker.de\/neues-smart-battery-case-laut-apple-airpower-kompatibel-136265\/\" title=\"Neues Smart Battery Case: Laut Apple \u201eAirPower-kompatibel\u201c\">zeitweise ver\u00f6ffentlichte Textzeile<\/a> \u201eDas Smart Battery Case ist mit dem drahtlosen Ladeger\u00e4t AirPower kompatibel\u201c.<\/p>\n<p>Spannend bleibt es mit Blick auf den letztendlich von Apple genannten Preis f\u00fcr das Ger\u00e4t. Es ist zu erwarten, dass sich der mit der Entwicklung und Produktion verbundene gro\u00dfe technische Aufwand darin deutlich niederschl\u00e4gt.<\/p>\n<p><h8>Via <a href=\"https:\/\/www.macrumors.com\/2019\/01\/21\/digitimes-airpower\/\" title=\"AirPower to Launch &#39;Later in 2019&#39; According to DigiTimes\">MacRumors<\/a><\/h8><\/p>\n","protected":false},"excerpt":{"rendered":"<a href=\"https:\/\/www.iphone-ticker.de\/weitere-hinweise-auf-produktionsstart-von-airpower-136452\/\"><img decoding=\"async\" width=\"150\" src=\"https:\/\/images.iphone-ticker.de\/wp-content\/uploads\/2018\/06\/apple-airpower-praesentation-phil-schiller-300x200.jpg\" class=\"alignright wp-post-image tfe\" alt=\"Apple Airpower Praesentation Phil Schiller\" title=\"\" \/><\/a><p>Ein weiterer Bericht stellt einen baldigen Verkaufsstart von Apples Qi-Ladeger\u00e4t AirPower in Aussicht. Diesmal berichtet das Branchenmagazin Digitimes von Aktivit\u00e4ten im Umfeld von Apples Produktionspartnern, die auf einen Start der Serienfertigung des Ger\u00e4ts hindeuten. Dem Bericht zufolge verzeichnen Apples Produktionspartner eine stabile Nachfrage nach sogenannten Br\u00fcckengleichrichtern Dies deute auf einen Produktionsstart hin, wenngleich man erst [&hellip;]<\/p>\n","protected":false},"author":2,"featured_media":0,"comment_status":"open","ping_status":"closed","sticky":false,"template":"","format":"standard","meta":{"footnotes":""},"categories":[1],"tags":[],"class_list":["post-136452","post","type-post","status-publish","format-standard","hentry","category-news"],"aioseo_notices":[],"featured_image":["https:\/\/images.iphone-ticker.de\/wp-content\/uploads\/2017\/11\/apple-airpower-ladematte.jpg"],"subheadline":["Was lange w\u00e4hrt\u2026"],"rest_api_enabler":{"featured_image":"https:\/\/images.iphone-ticker.de\/wp-content\/uploads\/2017\/11\/apple-airpower-ladematte.jpg","subheadline":"Was lange w\u00e4hrt\u2026"},"_links":{"self":[{"href":"https:\/\/www.iphone-ticker.de\/apiv2\/wp\/v2\/posts\/136452","targetHints":{"allow":["GET"]}}],"collection":[{"href":"https:\/\/www.iphone-ticker.de\/apiv2\/wp\/v2\/posts"}],"about":[{"href":"https:\/\/www.iphone-ticker.de\/apiv2\/wp\/v2\/types\/post"}],"author":[{"embeddable":true,"href":"https:\/\/www.iphone-ticker.de\/apiv2\/wp\/v2\/users\/2"}],"replies":[{"embeddable":true,"href":"https:\/\/www.iphone-ticker.de\/apiv2\/wp\/v2\/comments?post=136452"}],"version-history":[{"count":3,"href":"https:\/\/www.iphone-ticker.de\/apiv2\/wp\/v2\/posts\/136452\/revisions"}],"predecessor-version":[{"id":136455,"href":"https:\/\/www.iphone-ticker.de\/apiv2\/wp\/v2\/posts\/136452\/revisions\/136455"}],"wp:attachment":[{"href":"https:\/\/www.iphone-ticker.de\/apiv2\/wp\/v2\/media?parent=136452"}],"wp:term":[{"taxonomy":"category","embeddable":true,"href":"https:\/\/www.iphone-ticker.de\/apiv2\/wp\/v2\/categories?post=136452"},{"taxonomy":"post_tag","embeddable":true,"href":"https:\/\/www.iphone-ticker.de\/apiv2\/wp\/v2\/tags?post=136452"}],"curies":[{"name":"wp","href":"https:\/\/api.w.org\/{rel}","templated":true}]}}