{"id":135833,"date":"2019-01-07T09:51:03","date_gmt":"2019-01-07T08:51:03","guid":{"rendered":"https:\/\/www.iphone-ticker.de\/?p=135833"},"modified":"2019-01-08T07:40:29","modified_gmt":"2019-01-08T06:40:29","slug":"apples-privacy-kampagne-stoert-die-ces","status":"publish","type":"post","link":"https:\/\/www.iphone-ticker.de\/apples-privacy-kampagne-stoert-die-ces-135833\/","title":{"rendered":"Apples Privacy-Kampagne &#8222;st\u00f6rt&#8220; die CES"},"content":{"rendered":"<p>Mit der <a href=\"https:\/\/www.ces.tech\/\">CES 2019<\/a> \u00f6ffnet morgen die weltweit gr\u00f6\u00dfte und eine der wenigen, <a href=\"https:\/\/www.ifun.de\/computermesse-cebit-hat-sich-erledigt-130462\/\">noch verbleibenden<\/a> Produktmessen f\u00fcr &#8222;Consumer Electronics&#8220; ihre Pforten in Las Vegas. <\/p>\n<p>Traditionell lassen sich hier stets auch Fachbesucher aus Apples Reihen im anwesenden Publikum ausmachen, von offiziellen Messe-Auftritten sieht der Konzern jedoch schon l\u00e4nger ab. <\/p>\n<blockquote class=\"twitter-tweet\" data-lang=\"de\">\n<p lang=\"en\" dir=\"ltr\">Apple never shows up at CES, so I can\u2019t say I saw this coming. <a href=\"https:\/\/t.co\/8jjiBSEu7z\">pic.twitter.com\/8jjiBSEu7z<\/a><\/p>\n<p>&mdash; Chris Velazco (@chrisvelazco) <a href=\"https:\/\/twitter.com\/chrisvelazco\/status\/1081330848262062080?ref_src=twsrc%5Etfw\">4. Januar 2019<\/a><\/p><\/blockquote>\n<p><script async src=\"https:\/\/platform.twitter.com\/widgets.js\" charset=\"utf-8\"><\/script><\/p>\n<p>Dennoch ist auch Apple vor Ort &#8211; zwar ohne Stand und B\u00fchne, daf\u00fcr aber mit einer Plakat-Kampagne die Spitzen gegen Branchenkonkurrenten verteilt. <\/p>\n<p>Auf der R\u00fcckseite des Marriott-Hotels (<a href=\"https:\/\/www.tagesschau.de\/wirtschaft\/starwood-105.html\">ausgerechnet das Marriott<\/a>) plakatiert, wirbt Apple mit dem Claim &#8222;What happens on your iPhone, stays on your iPhone&#8220; f\u00fcr die eigenen Ger\u00e4te und f\u00fchrt damit die Datenschutz-Kampagne fort, die Mitte Oktober 2018 startete. <\/p>\n<p><div class=\"responsive-video\"><iframe loading=\"lazy\" src=\"https:\/\/player.cnbc.com\/p\/gZWlPC\/cnbc_global?playertype=synd&#038;byGuid=7000058458&#038;size=700_390\" width=\"700\" height=\"390\" type=\"application\/x-shockwave-flash\" allowFullScreen=\"true\"><\/iframe><\/div><\/p>\n<h2>Zum Nachlesen:<\/h2>\n<ul>\n<li><a href=\"https:\/\/www.ifun.de\/privatsphaere-als-kaufgrund-apple-geht-in-die-offensive-128573\/\">Privatsph\u00e4re als Kaufgrund: Apple geht in die Offensive<\/a><\/li>\n<\/ul>\n","protected":false},"excerpt":{"rendered":"<a href=\"https:\/\/www.iphone-ticker.de\/apples-privacy-kampagne-stoert-die-ces-135833\/\"><img width=\"150\" height=\"150\" src=\"https:\/\/images.iphone-ticker.de\/wp-content\/uploads\/2019\/01\/privacy-werbung-150x150.jpg\" class=\"alignright tfe wp-post-image\" alt=\"Privacy Werbung\" decoding=\"async\" loading=\"lazy\" \/><\/a><p>Mit der CES 2019 \u00f6ffnet morgen die weltweit gr\u00f6\u00dfte und eine der wenigen, noch verbleibenden Produktmessen f\u00fcr &#8222;Consumer Electronics&#8220; ihre Pforten in Las Vegas. Traditionell lassen sich hier stets auch Fachbesucher aus Apples Reihen im anwesenden Publikum ausmachen, von offiziellen Messe-Auftritten sieht der Konzern jedoch schon l\u00e4nger ab. Apple never shows up at CES, so [&hellip;]<\/p>\n","protected":false},"author":1,"featured_media":135835,"comment_status":"open","ping_status":"closed","sticky":false,"template":"","format":"standard","meta":{"footnotes":""},"categories":[14],"tags":[3912,672,9],"class_list":["post-135833","post","type-post","status-publish","format-standard","has-post-thumbnail","hentry","category-apple","tag-apple","tag-datenschutz","tag-werbung"],"aioseo_notices":[],"subheadline":["Privatsph\u00e4re als Kaufgrund"],"featured_image":["https:\/\/images.iphone-ticker.de\/wp-content\/uploads\/2019\/01\/privacy-werbung.jpg"],"rest_api_enabler":{"subheadline":"Privatsph\u00e4re als Kaufgrund","featured_image":"https:\/\/images.iphone-ticker.de\/wp-content\/uploads\/2019\/01\/privacy-werbung.jpg"},"_links":{"self":[{"href":"https:\/\/www.iphone-ticker.de\/apiv2\/wp\/v2\/posts\/135833","targetHints":{"allow":["GET"]}}],"collection":[{"href":"https:\/\/www.iphone-ticker.de\/apiv2\/wp\/v2\/posts"}],"about":[{"href":"https:\/\/www.iphone-ticker.de\/apiv2\/wp\/v2\/types\/post"}],"author":[{"embeddable":true,"href":"https:\/\/www.iphone-ticker.de\/apiv2\/wp\/v2\/users\/1"}],"replies":[{"embeddable":true,"href":"https:\/\/www.iphone-ticker.de\/apiv2\/wp\/v2\/comments?post=135833"}],"version-history":[{"count":4,"href":"https:\/\/www.iphone-ticker.de\/apiv2\/wp\/v2\/posts\/135833\/revisions"}],"predecessor-version":[{"id":135889,"href":"https:\/\/www.iphone-ticker.de\/apiv2\/wp\/v2\/posts\/135833\/revisions\/135889"}],"wp:featuredmedia":[{"embeddable":true,"href":"https:\/\/www.iphone-ticker.de\/apiv2\/wp\/v2\/media\/135835"}],"wp:attachment":[{"href":"https:\/\/www.iphone-ticker.de\/apiv2\/wp\/v2\/media?parent=135833"}],"wp:term":[{"taxonomy":"category","embeddable":true,"href":"https:\/\/www.iphone-ticker.de\/apiv2\/wp\/v2\/categories?post=135833"},{"taxonomy":"post_tag","embeddable":true,"href":"https:\/\/www.iphone-ticker.de\/apiv2\/wp\/v2\/tags?post=135833"}],"curies":[{"name":"wp","href":"https:\/\/api.w.org\/{rel}","templated":true}]}}