{"id":134747,"date":"2018-12-06T08:46:53","date_gmt":"2018-12-06T07:46:53","guid":{"rendered":"https:\/\/www.iphone-ticker.de\/?p=134747"},"modified":"2018-12-07T09:17:55","modified_gmt":"2018-12-07T08:17:55","slug":"apple-watch-o2-nutzer-koennen-esim-offenbar-aktivieren","status":"publish","type":"post","link":"https:\/\/www.iphone-ticker.de\/apple-watch-o2-nutzer-koennen-esim-offenbar-aktivieren-134747\/","title":{"rendered":"Apple Watch: o2-Nutzer k\u00f6nnen eSIM offenbar aktivieren"},"content":{"rendered":"<p>Zwar gingen Apple Watch-Nutzer gestern Abend leer aus und warteten nach der Freigabe von iOS 12.1.1, macOS 10.14.2 und tvOS 12.1.1 vergeblich auf die watchOS-Version 5.1.2, daf\u00fcr ist Bewegung an anderen Fronten zu beobachten. <\/p>\n<p><a href=\"https:\/\/images.iphone-ticker.de\/wp-content\/uploads\/2018\/12\/o2-esim-apple-watch.jpg\"><img loading=\"lazy\" decoding=\"async\" src=\"https:\/\/images.iphone-ticker.de\/wp-content\/uploads\/2018\/12\/o2-esim-apple-watch-500x252.jpg\" alt=\"O2 Esim Apple Watch\" width=\"500\" height=\"252\" class=\"aligncenter size-medium wp-image-134748\" srcset=\"https:\/\/images.iphone-ticker.de\/wp-content\/uploads\/2018\/12\/o2-esim-apple-watch-500x252.jpg 500w, https:\/\/images.iphone-ticker.de\/wp-content\/uploads\/2018\/12\/o2-esim-apple-watch-700x353.jpg 700w, https:\/\/images.iphone-ticker.de\/wp-content\/uploads\/2018\/12\/o2-esim-apple-watch.jpg 1125w\" sizes=\"auto, (max-width: 500px) 100vw, 500px\" \/><\/a><\/p>\n<p>Wie mehrere ifun.de-Leser berichten, l\u00e4sst sich die eSIM der Apple Watch nun offenbar auch im Netz des Mobilfunkbetreibers <a href=\"https:\/\/www.communicationads.net\/tc.php?t=10906C16024242T\">o2<\/a> aktivieren und nutzen &#8211; o2 selbst hatte die eSIM-Unterst\u00fctzung Anfang November <a href=\"https:\/\/www.iphone-ticker.de\/o2-kuendigt-esim-unterstuetzung-an-133587\/\">angek\u00fcndigt<\/a> und liefert diese <a href=\"https:\/\/www.iphone-ticker.de\/o2-esim-jetzt-verfuegbar-allerdings-nicht-fuer-die-apple-watch-134113\/\">seit dem 21.11.<\/a> f\u00fcr ausgew\u00e4hlte Ger\u00e4te bereits aus. Die Apple Watch wurde bislang jedoch nicht unterst\u00fctzt. <\/p>\n<p>Dies scheint sich nun zu \u00e4ndern. Zwar will o2 den offiziellen Startschuss auf Nachfrage aktuell noch nicht best\u00e4tigen, scheint seine Service-Mitarbeiter aber bereits vorbereitet zu haben. Ein ifun.de-Leser berichtet: <\/p>\n<blockquote><p>\u00dcbrigens bekam ich von der o2 Hotline die Auskunft, dass ab 07.12. eSIM Funktionalit\u00e4t f\u00fcr Apple Watch Series 3 + 4 freigeschaltet wird. Wenn ich die eSIM in der Watch App heute konfigurieren m\u00f6chte bekomme ich die Meldung, dass meine Apple Watch zun\u00e4chst aktualisiert werden m\u00fcsse. [&#8230;]<\/p><\/blockquote>\n<p>In den Update-Notizen zu iOS 12.1.1 hatte Apple die eSIM f\u00fcr weitere Netzbetreiber freigegeben &#8211; <a href=\"https:\/\/www.iphone-ticker.de\/esim-in-der-schweiz-swisscom-erhaelt-freigabe-und-erklaert-verzoegerung-134719\/\">ifun.de berichtete<\/a>. <\/p>\n<p><a href=\"https:\/\/images.iphone-ticker.de\/wp-content\/uploads\/2018\/12\/o2-esim-applewatch.jpg\"><img loading=\"lazy\" decoding=\"async\" src=\"https:\/\/images.iphone-ticker.de\/wp-content\/uploads\/2018\/12\/o2-esim-applewatch-700x505.jpg\" alt=\"O2 Esim Applewatch\" width=\"700\" height=\"505\" class=\"aligncenter size-large wp-image-134749\" srcset=\"https:\/\/images.iphone-ticker.de\/wp-content\/uploads\/2018\/12\/o2-esim-applewatch-700x505.jpg 700w, https:\/\/images.iphone-ticker.de\/wp-content\/uploads\/2018\/12\/o2-esim-applewatch-500x361.jpg 500w, https:\/\/images.iphone-ticker.de\/wp-content\/uploads\/2018\/12\/o2-esim-applewatch.jpg 1400w\" sizes=\"auto, (max-width: 700px) 100vw, 700px\" \/><\/a><\/p>\n<p><h8>Mit Dank an Thomas, Josepppe und thekusp!<\/h8><\/p>\n","protected":false},"excerpt":{"rendered":"<a href=\"https:\/\/www.iphone-ticker.de\/apple-watch-o2-nutzer-koennen-esim-offenbar-aktivieren-134747\/\"><img width=\"150\" height=\"150\" src=\"https:\/\/images.iphone-ticker.de\/wp-content\/uploads\/2018\/12\/o2-esim-applewatch-150x150.jpg\" class=\"alignright tfe wp-post-image\" alt=\"O2 Esim Applewatch\" decoding=\"async\" loading=\"lazy\" \/><\/a><p>Zwar gingen Apple Watch-Nutzer gestern Abend leer aus und warteten nach der Freigabe von iOS 12.1.1, macOS 10.14.2 und tvOS 12.1.1 vergeblich auf die watchOS-Version 5.1.2, daf\u00fcr ist Bewegung an anderen Fronten zu beobachten. Wie mehrere ifun.de-Leser berichten, l\u00e4sst sich die eSIM der Apple Watch nun offenbar auch im Netz des Mobilfunkbetreibers o2 aktivieren und [&hellip;]<\/p>\n","protected":false},"author":1,"featured_media":134749,"comment_status":"open","ping_status":"closed","sticky":false,"template":"","format":"standard","meta":{"footnotes":""},"categories":[14],"tags":[2759,3209,129],"class_list":["post-134747","post","type-post","status-publish","format-standard","has-post-thumbnail","hentry","category-apple","tag-apple-watch","tag-esim","tag-o2"],"aioseo_notices":[],"subheadline":["Positive Leserberichte"],"featured_image":["https:\/\/images.iphone-ticker.de\/wp-content\/uploads\/2018\/11\/o2-esim.jpg"],"rest_api_enabler":{"subheadline":"Positive Leserberichte","featured_image":"https:\/\/images.iphone-ticker.de\/wp-content\/uploads\/2018\/11\/o2-esim.jpg"},"_links":{"self":[{"href":"https:\/\/www.iphone-ticker.de\/apiv2\/wp\/v2\/posts\/134747","targetHints":{"allow":["GET"]}}],"collection":[{"href":"https:\/\/www.iphone-ticker.de\/apiv2\/wp\/v2\/posts"}],"about":[{"href":"https:\/\/www.iphone-ticker.de\/apiv2\/wp\/v2\/types\/post"}],"author":[{"embeddable":true,"href":"https:\/\/www.iphone-ticker.de\/apiv2\/wp\/v2\/users\/1"}],"replies":[{"embeddable":true,"href":"https:\/\/www.iphone-ticker.de\/apiv2\/wp\/v2\/comments?post=134747"}],"version-history":[{"count":2,"href":"https:\/\/www.iphone-ticker.de\/apiv2\/wp\/v2\/posts\/134747\/revisions"}],"predecessor-version":[{"id":134823,"href":"https:\/\/www.iphone-ticker.de\/apiv2\/wp\/v2\/posts\/134747\/revisions\/134823"}],"wp:featuredmedia":[{"embeddable":true,"href":"https:\/\/www.iphone-ticker.de\/apiv2\/wp\/v2\/media\/134749"}],"wp:attachment":[{"href":"https:\/\/www.iphone-ticker.de\/apiv2\/wp\/v2\/media?parent=134747"}],"wp:term":[{"taxonomy":"category","embeddable":true,"href":"https:\/\/www.iphone-ticker.de\/apiv2\/wp\/v2\/categories?post=134747"},{"taxonomy":"post_tag","embeddable":true,"href":"https:\/\/www.iphone-ticker.de\/apiv2\/wp\/v2\/tags?post=134747"}],"curies":[{"name":"wp","href":"https:\/\/api.w.org\/{rel}","templated":true}]}}