{"id":134550,"date":"2018-12-03T11:48:34","date_gmt":"2018-12-03T10:48:34","guid":{"rendered":"https:\/\/www.iphone-ticker.de\/?p=134550"},"modified":"2018-12-03T11:48:34","modified_gmt":"2018-12-03T10:48:34","slug":"airpods-update-mit-drahtloser-ladehuelle-soll-anfang-2019-kommen","status":"publish","type":"post","link":"https:\/\/www.iphone-ticker.de\/airpods-update-mit-drahtloser-ladehuelle-soll-anfang-2019-kommen-134550\/","title":{"rendered":"AirPods-Update mit drahtloser Ladeh\u00fclle soll Anfang 2019 kommen"},"content":{"rendered":"<p>Zwei von Apple angek\u00fcndigte Produkte werden wir in diesem Jahr wohl nicht mehr sehen: Die drahtlose Ladestation AirPower und dazu passend ein kabelloses Ladecase f\u00fcr die AirPods. Letzteres soll nun allerdings im ersten Quartal 2019 gemeinsam mit einer \u00fcberarbeiteten Version der AirPods marktreif sein.<\/p>\n<p><a href=\"https:\/\/images.iphone-ticker.de\/wp-content\/uploads\/2018\/12\/airpower-airpods-drahtlos.jpg\"><img loading=\"lazy\" decoding=\"async\" src=\"https:\/\/images.iphone-ticker.de\/wp-content\/uploads\/2018\/12\/airpower-airpods-drahtlos-500x372.jpg\" alt=\"Airpower Airpods Drahtlos\" width=\"500\" height=\"372\" class=\"alignnone size-medium wp-image-134552\" srcset=\"https:\/\/images.iphone-ticker.de\/wp-content\/uploads\/2018\/12\/airpower-airpods-drahtlos-500x372.jpg 500w, https:\/\/images.iphone-ticker.de\/wp-content\/uploads\/2018\/12\/airpower-airpods-drahtlos-700x521.jpg 700w, https:\/\/images.iphone-ticker.de\/wp-content\/uploads\/2018\/12\/airpower-airpods-drahtlos.jpg 1000w\" sizes=\"auto, (max-width: 500px) 100vw, 500px\" \/><\/a><\/p>\n<p>Der durch seine im gro\u00dfen und ganzen recht zuverl\u00e4ssigen Apple-Prognosen bekannte Analyst Ming-Chi Kuo sagt ein \u201ekleines\u201c AirPods-Update f\u00fcr das kommende Fr\u00fchjahr voraus, gefolgt von einer komplett \u00fcberarbeiteten Version im darauf folgenden Jahr 2020. Dies zitiert das Apple-Blog <a href=\"https:\/\/www.macrumors.com\/2018\/12\/02\/kuo-airpods-wireless-charging-early-2019\/\">MacRumors<\/a> aus einem Rundbrief des Analysten. Apple wolle mit diesen Updates den bisherigen Erfolg der drahtlosen Ohrh\u00f6rer weiter ausbauen. Bislang w\u00fcrden lediglich f\u00fcnf Prozent der iPhone-Besitzer AirPods nutzen, dementsprechend gro\u00df sei das noch vorhandene Potenzial in diesem Produktbereich.<\/p>\n<h2>AirPower: Kommt das drahtlose Ladeger\u00e4t 2019?<\/h2>\n<p>Ob Apple im kommenden Jahr auch die Ladematte AirPower nachliefert, steht in den Sternen. <a href=\"https:\/\/www.iphone-ticker.de\/airpower-apple-kaempft-offensichtlich-mit-produktionsproblemen-127574\/\">Berichte<\/a> \u00fcber massive Probleme beim Versuch, das im Sp\u00e4tsommer 2017 angek\u00fcndigte Produkt verkaufsbereit zu machen lassen bef\u00fcrchten, dass das Projekt mittlerweile komplett eingestellt wurde. Bei der Ank\u00fcndigung vor 14 Monaten klang es noch so, als sei das Projekt mehr oder weniger bereits in trockenen T\u00fcchern:<\/p>\n<blockquote>\n<p>Apple gibt eine erste Vorschau auf AirPower, ein von Apple entwickeltes kabelloses Ladezubeh\u00f6r, das ab 2018 erh\u00e4ltlich sein wird und einen gro\u00dfz\u00fcgigen aktiven Ladebereich bietet, mit dem Anwender von iPhone 8, iPhone 8 Plus oder iPhone X gleichzeitig bis zu drei Ger\u00e4te aufladen k\u00f6nnen, darunter Apple Watch Series 3 und ein neues optionales kabelloses Ladecase f\u00fcr AirPods.<\/p>\n<\/blockquote>\n","protected":false},"excerpt":{"rendered":"<a href=\"https:\/\/www.iphone-ticker.de\/airpods-update-mit-drahtloser-ladehuelle-soll-anfang-2019-kommen-134550\/\"><img width=\"150\" height=\"150\" src=\"https:\/\/images.iphone-ticker.de\/wp-content\/uploads\/2018\/12\/airpower-airpods-drahtlos-150x150.jpg\" class=\"alignright tfe wp-post-image\" alt=\"Airpower Airpods Drahtlos\" decoding=\"async\" loading=\"lazy\" \/><\/a><p>Zwei von Apple angek\u00fcndigte Produkte werden wir in diesem Jahr wohl nicht mehr sehen: Die drahtlose Ladestation AirPower und dazu passend ein kabelloses Ladecase f\u00fcr die AirPods. Letzteres soll nun allerdings im ersten Quartal 2019 gemeinsam mit einer \u00fcberarbeiteten Version der AirPods marktreif sein. Der durch seine im gro\u00dfen und ganzen recht zuverl\u00e4ssigen Apple-Prognosen bekannte [&hellip;]<\/p>\n","protected":false},"author":2,"featured_media":134552,"comment_status":"open","ping_status":"closed","sticky":false,"template":"","format":"standard","meta":{"footnotes":""},"categories":[14],"tags":[3567,4058],"class_list":["post-134550","post","type-post","status-publish","format-standard","has-post-thumbnail","hentry","category-apple","tag-airpods","tag-airpower"],"aioseo_notices":[],"subheadline":["Komplett neue Version 1 Jahr sp\u00e4ter"],"featured_image":["https:\/\/images.iphone-ticker.de\/wp-content\/uploads\/2016\/10\/airpods-header.jpg"],"rest_api_enabler":{"subheadline":"Komplett neue Version 1 Jahr sp\u00e4ter","featured_image":"https:\/\/images.iphone-ticker.de\/wp-content\/uploads\/2016\/10\/airpods-header.jpg"},"_links":{"self":[{"href":"https:\/\/www.iphone-ticker.de\/apiv2\/wp\/v2\/posts\/134550","targetHints":{"allow":["GET"]}}],"collection":[{"href":"https:\/\/www.iphone-ticker.de\/apiv2\/wp\/v2\/posts"}],"about":[{"href":"https:\/\/www.iphone-ticker.de\/apiv2\/wp\/v2\/types\/post"}],"author":[{"embeddable":true,"href":"https:\/\/www.iphone-ticker.de\/apiv2\/wp\/v2\/users\/2"}],"replies":[{"embeddable":true,"href":"https:\/\/www.iphone-ticker.de\/apiv2\/wp\/v2\/comments?post=134550"}],"version-history":[{"count":2,"href":"https:\/\/www.iphone-ticker.de\/apiv2\/wp\/v2\/posts\/134550\/revisions"}],"predecessor-version":[{"id":134553,"href":"https:\/\/www.iphone-ticker.de\/apiv2\/wp\/v2\/posts\/134550\/revisions\/134553"}],"wp:featuredmedia":[{"embeddable":true,"href":"https:\/\/www.iphone-ticker.de\/apiv2\/wp\/v2\/media\/134552"}],"wp:attachment":[{"href":"https:\/\/www.iphone-ticker.de\/apiv2\/wp\/v2\/media?parent=134550"}],"wp:term":[{"taxonomy":"category","embeddable":true,"href":"https:\/\/www.iphone-ticker.de\/apiv2\/wp\/v2\/categories?post=134550"},{"taxonomy":"post_tag","embeddable":true,"href":"https:\/\/www.iphone-ticker.de\/apiv2\/wp\/v2\/tags?post=134550"}],"curies":[{"name":"wp","href":"https:\/\/api.w.org\/{rel}","templated":true}]}}