{"id":134146,"date":"2018-11-21T19:18:13","date_gmt":"2018-11-21T18:18:13","guid":{"rendered":"https:\/\/www.iphone-ticker.de\/?p=134146"},"modified":"2018-11-21T19:18:13","modified_gmt":"2018-11-21T18:18:13","slug":"apple-pay-aldi-ist-jetzt-vorbereitet","status":"publish","type":"post","link":"https:\/\/www.iphone-ticker.de\/apple-pay-aldi-ist-jetzt-vorbereitet-134146\/","title":{"rendered":"Apple Pay: ALDI ist jetzt vorbereitet"},"content":{"rendered":"<p>Mittwochabend, Einkaufszeit. Seit etwa 16 Uhr erreichen die E-Mails mehrerer ifun.de-Leser unser Postfach, die es heute bereits an die ALDI-Kasse verschlagen hat. <\/p>\n<p><a href=\"https:\/\/images.iphone-ticker.de\/wp-content\/uploads\/2018\/11\/aldi-apple-pay-sued.jpg\"><img decoding=\"async\" src=\"https:\/\/images.iphone-ticker.de\/wp-content\/uploads\/2018\/11\/aldi-apple-pay-sued.jpg\" alt=\"Aldi Apple Pay Sued\" width=\"500\" class=\"aligncenter size-full wp-image-134147\" srcset=\"https:\/\/images.iphone-ticker.de\/wp-content\/uploads\/2018\/11\/aldi-apple-pay-sued.jpg 1200w, https:\/\/images.iphone-ticker.de\/wp-content\/uploads\/2018\/11\/aldi-apple-pay-sued-375x500.jpg 375w, https:\/\/images.iphone-ticker.de\/wp-content\/uploads\/2018\/11\/aldi-apple-pay-sued-525x700.jpg 525w\" sizes=\"(max-width: 1200px) 100vw, 1200px\" \/><\/a><\/p>\n<p>Hier blenden die Karten-Terminals des Discounters nicht mehr nur die VISA-, VPay- und Google-Pay-Grafiken sondern nun auch das Apple Pay-Logo ein. <\/p>\n<p>Der offizielle Start des Bezahldienstes Apple Pay in Deutschland steht uns unmittelbar bevor. Voraussichtlich noch im laufenden Monat werden sich die Karten der <a href=\"https:\/\/www.iphone-ticker.de\/apple-pay-die-deutschen-anbieter-im-ueberblick-133946\/\">teilnehmenden Banken<\/a> erstmals auch in die iOS-Wallets deutscher iPhones einpflegen lassen.<\/p>\n<p>Apple selbst hat bereits die offizielle <a href=\"https:\/\/www.apple.com\/de\/apple-pay\/\">Ank\u00fcndigungsseite f\u00fcr Apple Pay<\/a> (ALDI ist hier \u00fcbrigens unter den Einzelhandelspartnern gelistet) in Deutschland freigeschaltet, die Support-Eintr\u00e4ge zu den teilnehmenden L\u00e4ndern (<a href=\"https:\/\/support.apple.com\/en-us\/HT207957\">#HT207957<\/a>) und der Kreditinstitut-\u00dcbersicht (<a href=\"https:\/\/support.apple.com\/en-us\/HT206637\">#HT206637<\/a>) wurden hingegen noch nicht aktualisiert.<\/p>\n<p>Wir bedanken uns bei Tristan, Simon, Basti und Marianne f\u00fcr ihre E-Mails und spontanen Schnappsch\u00fcsse von der ALDI-Kasse!<\/p>\n","protected":false},"excerpt":{"rendered":"<a href=\"https:\/\/www.iphone-ticker.de\/apple-pay-aldi-ist-jetzt-vorbereitet-134146\/\"><img width=\"150\" height=\"150\" src=\"https:\/\/images.iphone-ticker.de\/wp-content\/uploads\/2018\/11\/aldi-apple-pay-150x150.jpg\" class=\"alignright tfe wp-post-image\" alt=\"Aldi Apple Pay\" decoding=\"async\" loading=\"lazy\" \/><\/a><p>Mittwochabend, Einkaufszeit. Seit etwa 16 Uhr erreichen die E-Mails mehrerer ifun.de-Leser unser Postfach, die es heute bereits an die ALDI-Kasse verschlagen hat. Hier blenden die Karten-Terminals des Discounters nicht mehr nur die VISA-, VPay- und Google-Pay-Grafiken sondern nun auch das Apple Pay-Logo ein. Der offizielle Start des Bezahldienstes Apple Pay in Deutschland steht uns unmittelbar [&hellip;]<\/p>\n","protected":false},"author":1,"featured_media":134148,"comment_status":"open","ping_status":"closed","sticky":false,"template":"","format":"standard","meta":{"footnotes":""},"categories":[1],"tags":[824,2758],"class_list":["post-134146","post","type-post","status-publish","format-standard","has-post-thumbnail","hentry","category-news","tag-aldi","tag-apple-pay"],"aioseo_notices":[],"featured_image":["https:\/\/images.iphone-ticker.de\/wp-content\/uploads\/2018\/11\/aldi-apple-pay.jpg"],"subheadline":["Anzeige wird eingeblendet"],"rest_api_enabler":{"featured_image":"https:\/\/images.iphone-ticker.de\/wp-content\/uploads\/2018\/11\/aldi-apple-pay.jpg","subheadline":"Anzeige wird eingeblendet"},"_links":{"self":[{"href":"https:\/\/www.iphone-ticker.de\/apiv2\/wp\/v2\/posts\/134146","targetHints":{"allow":["GET"]}}],"collection":[{"href":"https:\/\/www.iphone-ticker.de\/apiv2\/wp\/v2\/posts"}],"about":[{"href":"https:\/\/www.iphone-ticker.de\/apiv2\/wp\/v2\/types\/post"}],"author":[{"embeddable":true,"href":"https:\/\/www.iphone-ticker.de\/apiv2\/wp\/v2\/users\/1"}],"replies":[{"embeddable":true,"href":"https:\/\/www.iphone-ticker.de\/apiv2\/wp\/v2\/comments?post=134146"}],"version-history":[{"count":1,"href":"https:\/\/www.iphone-ticker.de\/apiv2\/wp\/v2\/posts\/134146\/revisions"}],"predecessor-version":[{"id":134149,"href":"https:\/\/www.iphone-ticker.de\/apiv2\/wp\/v2\/posts\/134146\/revisions\/134149"}],"wp:featuredmedia":[{"embeddable":true,"href":"https:\/\/www.iphone-ticker.de\/apiv2\/wp\/v2\/media\/134148"}],"wp:attachment":[{"href":"https:\/\/www.iphone-ticker.de\/apiv2\/wp\/v2\/media?parent=134146"}],"wp:term":[{"taxonomy":"category","embeddable":true,"href":"https:\/\/www.iphone-ticker.de\/apiv2\/wp\/v2\/categories?post=134146"},{"taxonomy":"post_tag","embeddable":true,"href":"https:\/\/www.iphone-ticker.de\/apiv2\/wp\/v2\/tags?post=134146"}],"curies":[{"name":"wp","href":"https:\/\/api.w.org\/{rel}","templated":true}]}}