{"id":133526,"date":"2018-11-07T18:45:45","date_gmt":"2018-11-07T17:45:45","guid":{"rendered":"https:\/\/www.iphone-ticker.de\/?p=133526"},"modified":"2018-11-07T19:20:08","modified_gmt":"2018-11-07T18:20:08","slug":"swr-fragt-nach-wer-zahlt-fuer-iphone-fehler-nach-updates","status":"publish","type":"post","link":"https:\/\/www.iphone-ticker.de\/swr-fragt-nach-wer-zahlt-fuer-iphone-fehler-nach-updates-133526\/","title":{"rendered":"SWR fragt nach: Wer zahlt f\u00fcr iPhone-Fehler nach Updates?"},"content":{"rendered":"<p>In der <a href=\"https:\/\/www.swr.de\/marktcheck\/aerger-mit-der-gewaehrleistung\/-\/id=100834\/did=22515226\/nid=100834\/1ax9ixm\/index.html\">aktuellen Ausgabe<\/a> des SWR-Verbrauchermagazins Marktcheck nimmt sich Reporter Axel Sonneborn einer Geschichte an, die uns zuletzt im Mai 2018 <a href=\"https:\/\/www.iphone-ticker.de\/ios-11-3-probleme-mit-mikrofon-face-id-und-freisprechen-125768\/\">besch\u00e4ftigte<\/a>. <\/p>\n<p><a href=\"https:\/\/images.iphone-ticker.de\/wp-content\/uploads\/2018\/11\/iphone-7-farben.jpg\"><img decoding=\"async\" src=\"https:\/\/images.iphone-ticker.de\/wp-content\/uploads\/2018\/11\/iphone-7-farben.jpg\" alt=\"Iphone 7 Farben\" width=\"500\" class=\"aligncenter size-full wp-image-133527\" srcset=\"https:\/\/images.iphone-ticker.de\/wp-content\/uploads\/2018\/11\/iphone-7-farben.jpg 956w, https:\/\/images.iphone-ticker.de\/wp-content\/uploads\/2018\/11\/iphone-7-farben-300x220.jpg 300w\" sizes=\"(max-width: 956px) 100vw, 956px\" \/><\/a><\/p>\n<h6>Das iPhone 7: Mikrofon-Macken seit iOS 11.3<\/h6>\n<p>Damals stellten <a href=\"https:\/\/discussions.apple.com\/thread\/8344269\">etliche Nutzer<\/a> von iPhone 7 und iPhone 7 Plus Mikrofon-Probleme nach der Aktualisierung auf iOS 11.3 fest. Und eben hier setzt Marktcheck an: Welche Rechte haben Verbraucher, wenn Software-Aktualisierungen Defekte verursachen? <\/p>\n<p>Die Antwort f\u00e4llt leider ern\u00fcchternd aus. Im Fallbeispiel l\u00e4sst Vodafone die kritischen Nachfragen des SWR-Teams zwar durch ein kulant angebotenes Austauschger\u00e4t verstummen, verhielt sich im Vorfeld jedoch genau wie Apple und sah sich weder in der Verantwortung noch in der Pflicht: <\/p>\n<blockquote><p>Im Fall aus dem Film muss der H\u00e4ndler (Vodafone) nicht haften, da er das Ger\u00e4t einwandfrei ausgeliefert hatte. Das Smartphone funktionierte auch \u00fcber lange Zeit problemlos, das Gew\u00e4hrleistungsrecht greift in diesem Fall also nicht. Denn erst ein Update von Apple verursachte die Probleme. \u201eM\u00f6glicherweise besteht aber ein Anspruch gegen Apple, weil Apple sich verpflichtet hat, das Handy aktuell zu halten durch eine neue Software, und wenn jetzt die Software schlecht war [&#8230;] und dadurch ein Schaden zu Stande gekommen ist, k\u00f6nnte man daran denken, Apple in Anspruch zu nehmen. Problem nur, ich m\u00fcsste Apple am Ort seines Sitzes verklagen\u201c, sagt Roger Gabor, Fachanwalt f\u00fcr IT-Recht. Da Apple seinen Sitz in Kalifornien (USA) hat, m\u00fcsste der Kunde dort auf Reparatur oder Schadenersatz klagen. Das ist f\u00fcr deutsche Kunden zumeist schwierig, da hiesige Verbraucher sich in der Regel nicht mit kalifornischem Recht auskennen und eine Klage auch rein wirtschaftlich gesehen keinen Sinn ergibt.<\/p><\/blockquote>\n<p><div class=\"responsive-video\"><iframe src='https:\/\/www.swr.de\/marktcheck\/aerger-mit-der-gewaehrleistung-wenn-ein-update-das-smartphone-lahmlegt\/-\/id=13831164\/did=22791974\/pv=embedded\/94suhw\/index.html' width='512' height='288' allowfullscreen frameBorder='0' scrolling='no'><\/iframe><\/div><\/p>\n<p><h8>Mit Dank an Holger!<\/h8><\/p>\n","protected":false},"excerpt":{"rendered":"<a href=\"https:\/\/www.iphone-ticker.de\/swr-fragt-nach-wer-zahlt-fuer-iphone-fehler-nach-updates-133526\/\"><img width=\"150\" height=\"150\" src=\"https:\/\/images.iphone-ticker.de\/wp-content\/uploads\/2018\/11\/boese-katze-150x150.jpg\" class=\"alignright tfe wp-post-image\" alt=\"Boese Katze\" decoding=\"async\" loading=\"lazy\" \/><\/a><p>In der aktuellen Ausgabe des SWR-Verbrauchermagazins Marktcheck nimmt sich Reporter Axel Sonneborn einer Geschichte an, die uns zuletzt im Mai 2018 besch\u00e4ftigte. Das iPhone 7: Mikrofon-Macken seit iOS 11.3 Damals stellten etliche Nutzer von iPhone 7 und iPhone 7 Plus Mikrofon-Probleme nach der Aktualisierung auf iOS 11.3 fest. Und eben hier setzt Marktcheck an: Welche [&hellip;]<\/p>\n","protected":false},"author":1,"featured_media":133528,"comment_status":"open","ping_status":"closed","sticky":false,"template":"","format":"standard","meta":{"footnotes":""},"categories":[14],"tags":[3912,2903,147,1312,8],"class_list":["post-133526","post","type-post","status-publish","format-standard","has-post-thumbnail","hentry","category-apple","tag-apple","tag-iphone-7","tag-recht","tag-swr","tag-video"],"aioseo_notices":[],"subheadline":["Marktcheck-Video"],"featured_image":["https:\/\/images.iphone-ticker.de\/wp-content\/uploads\/2018\/11\/boese-katze.jpg"],"rest_api_enabler":{"subheadline":"Marktcheck-Video","featured_image":"https:\/\/images.iphone-ticker.de\/wp-content\/uploads\/2018\/11\/boese-katze.jpg"},"_links":{"self":[{"href":"https:\/\/www.iphone-ticker.de\/apiv2\/wp\/v2\/posts\/133526","targetHints":{"allow":["GET"]}}],"collection":[{"href":"https:\/\/www.iphone-ticker.de\/apiv2\/wp\/v2\/posts"}],"about":[{"href":"https:\/\/www.iphone-ticker.de\/apiv2\/wp\/v2\/types\/post"}],"author":[{"embeddable":true,"href":"https:\/\/www.iphone-ticker.de\/apiv2\/wp\/v2\/users\/1"}],"replies":[{"embeddable":true,"href":"https:\/\/www.iphone-ticker.de\/apiv2\/wp\/v2\/comments?post=133526"}],"version-history":[{"count":4,"href":"https:\/\/www.iphone-ticker.de\/apiv2\/wp\/v2\/posts\/133526\/revisions"}],"predecessor-version":[{"id":133532,"href":"https:\/\/www.iphone-ticker.de\/apiv2\/wp\/v2\/posts\/133526\/revisions\/133532"}],"wp:featuredmedia":[{"embeddable":true,"href":"https:\/\/www.iphone-ticker.de\/apiv2\/wp\/v2\/media\/133528"}],"wp:attachment":[{"href":"https:\/\/www.iphone-ticker.de\/apiv2\/wp\/v2\/media?parent=133526"}],"wp:term":[{"taxonomy":"category","embeddable":true,"href":"https:\/\/www.iphone-ticker.de\/apiv2\/wp\/v2\/categories?post=133526"},{"taxonomy":"post_tag","embeddable":true,"href":"https:\/\/www.iphone-ticker.de\/apiv2\/wp\/v2\/tags?post=133526"}],"curies":[{"name":"wp","href":"https:\/\/api.w.org\/{rel}","templated":true}]}}