{"id":133186,"date":"2018-10-31T11:50:25","date_gmt":"2018-10-31T10:50:25","guid":{"rendered":"https:\/\/www.iphone-ticker.de\/?p=133186"},"modified":"2018-11-01T12:48:21","modified_gmt":"2018-11-01T11:48:21","slug":"iphone-bremse-jetzt-auch-auf-iphone-x-iphone-8-und-8-plus-aktiv","status":"publish","type":"post","link":"https:\/\/www.iphone-ticker.de\/iphone-bremse-jetzt-auch-auf-iphone-x-iphone-8-und-8-plus-aktiv-133186\/","title":{"rendered":"iPhone-Bremse: Jetzt auch auf iPhone X, iPhone 8 und 8 Plus aktiv"},"content":{"rendered":"<p>Ein Absatz <a href=\"https:\/\/www.iphone-ticker.de\/ios-12-1-ist-da-apple-verteilt-das-facetime-update-133160\/\">in den \u00c4nderungsnotizen<\/a> des gestern Abend ver\u00f6ffentlichten Betriebssystem-Updates auf iOS 12.1 sorgt bei vielen Anwendern f\u00fcr fragende Blicke: Was genau meint Apple mit der Leistungsverwaltungsfunktion, die nun auch auf den 2017 neu vorgestellten iPhone-Modellen eingef\u00fchrt wurde?<\/p>\n<p><a href=\"https:\/\/images.iphone-ticker.de\/wp-content\/uploads\/2018\/05\/drossel-meldung.jpg\"><img decoding=\"async\" src=\"https:\/\/images.iphone-ticker.de\/wp-content\/uploads\/2018\/05\/drossel-meldung.jpg\" alt=\"Drossel Meldung\" width=\"500\" class=\"aligncenter size-full wp-image-126204\" srcset=\"https:\/\/images.iphone-ticker.de\/wp-content\/uploads\/2018\/05\/drossel-meldung.jpg 750w, https:\/\/images.iphone-ticker.de\/wp-content\/uploads\/2018\/05\/drossel-meldung-300x132.jpg 300w\" sizes=\"(max-width: 750px) 100vw, 750px\" \/><\/a><\/p>\n<p>Die kurze Antwort: Mit der <a href=\"https:\/\/support.apple.com\/de-de\/HT208387\">Leistungsverwaltungsfunktion<\/a> beschreibt Apple die sogenannte <a href=\"https:\/\/www.iphone-ticker.de\/tag\/iphone-bremse\/\">iPhone-Bremse<\/a>, die im vorletzten Jahr nicht nur f\u00fcr eine Welle der Kritik, sondern auch f\u00fcr den Start des g\u00fcnstigen <a href=\"https:\/\/www.iphone-ticker.de\/nicht-vergessen-in-2-monaten-laeuft-apples-akku-tausch-aktion-aus-132844\/\">Akku-Austausch-Programms<\/a> sorgte. <\/p>\n<h2>iPhone-Bremse wurde heimlich eingef\u00fchrt<\/h2>\n<p>Wir erinnern uns: Apple war im Herbst 2017 dazu \u00fcbergegangen die Performance \u00e4lterer iPhone-Modelle bewusst zu drosseln, um ein pl\u00f6tzliches Ausschalten bei schlechter Akku-Gesundheit zu verhindern, hatte die Software-\u00c4nderungen jedoch nicht offen kommuniziert sondern heimlich vorgenommen.<\/p>\n<p>Inzwischen (<a href=\"https:\/\/www.iphone-ticker.de\/ios-11-3-ist-da-alle-neuerungen-und-verbesserungen-im-ueberblick-124415\/\">mit iOS 11.3<\/a>) hat Apple eine Anzeige der Akku-Gesundheit in den iPhone-Einstellungen eingef\u00fchrt und bietet Nutzern die M\u00f6glichkeit an, die iPhone-Bremse zu deaktivieren. Ger\u00e4te mit schlechter Akku-Gesundheit arbeiten so wieder in der gewohnten Geschwindigkeit, k\u00f6nnen aber von pl\u00f6tzlichen Neustarts betroffen sein. <\/p>\n<p>iOS 12.1 hat die Leistungsverwaltungsfunktion jetzt auch auf den im vergangenen Jahr neu vorgestellten iPhone-Modellen aktiviert und wird nun auch iPhone X, iPhone 8 und iPhone 8 Plus drosseln, sollte eine schlechte Akku-Gesundheit erkannt werden. <\/p>\n<p>Apple schreibt im Beipackzettel von iOS 12.1: <\/p>\n<blockquote><p>F\u00fcgt eine Leistungsverwaltungsfunktion f\u00fcr iPhone X, iPhone 8 und iPhone 8 Plus hinzu, um zu verhindern, dass sich das Ger\u00e4t unerwartet ausschaltet, einschlie\u00dflich der Option, diese Funktion zu deaktivieren, sollte es dennoch zu einem unerwarteten Ausschalten kommen.<\/p><\/blockquote>\n","protected":false},"excerpt":{"rendered":"<a href=\"https:\/\/www.iphone-ticker.de\/iphone-bremse-jetzt-auch-auf-iphone-x-iphone-8-und-8-plus-aktiv-133186\/\"><img decoding=\"async\" width=\"150\" src=\"https:\/\/images.iphone-ticker.de\/wp-content\/uploads\/2018\/05\/drossel-meldung.jpg\" class=\"alignright wp-post-image tfe\" alt=\"Drossel Meldung\" title=\"\" \/><\/a><p>Ein Absatz in den \u00c4nderungsnotizen des gestern Abend ver\u00f6ffentlichten Betriebssystem-Updates auf iOS 12.1 sorgt bei vielen Anwendern f\u00fcr fragende Blicke: Was genau meint Apple mit der Leistungsverwaltungsfunktion, die nun auch auf den 2017 neu vorgestellten iPhone-Modellen eingef\u00fchrt wurde? Die kurze Antwort: Mit der Leistungsverwaltungsfunktion beschreibt Apple die sogenannte iPhone-Bremse, die im vorletzten Jahr nicht nur [&hellip;]<\/p>\n","protected":false},"author":1,"featured_media":0,"comment_status":"open","ping_status":"closed","sticky":false,"template":"","format":"standard","meta":{"footnotes":""},"categories":[639,1975],"tags":[27,3912,5661,4230,4179],"class_list":["post-133186","post","type-post","status-publish","format-standard","hentry","category-ios","category-feature","tag-akku","tag-apple","tag-ios","tag-ios-12","tag-iphone-bremse"],"aioseo_notices":[],"featured_image":["https:\/\/images.iphone-ticker.de\/wp-content\/uploads\/2018\/04\/iphone-bremse-meldung.jpg"],"subheadline":["iOS 12.1. mit Leistungsverwaltungsfunktion"],"rest_api_enabler":{"featured_image":"https:\/\/images.iphone-ticker.de\/wp-content\/uploads\/2018\/04\/iphone-bremse-meldung.jpg","subheadline":"iOS 12.1. mit Leistungsverwaltungsfunktion"},"_links":{"self":[{"href":"https:\/\/www.iphone-ticker.de\/apiv2\/wp\/v2\/posts\/133186","targetHints":{"allow":["GET"]}}],"collection":[{"href":"https:\/\/www.iphone-ticker.de\/apiv2\/wp\/v2\/posts"}],"about":[{"href":"https:\/\/www.iphone-ticker.de\/apiv2\/wp\/v2\/types\/post"}],"author":[{"embeddable":true,"href":"https:\/\/www.iphone-ticker.de\/apiv2\/wp\/v2\/users\/1"}],"replies":[{"embeddable":true,"href":"https:\/\/www.iphone-ticker.de\/apiv2\/wp\/v2\/comments?post=133186"}],"version-history":[{"count":1,"href":"https:\/\/www.iphone-ticker.de\/apiv2\/wp\/v2\/posts\/133186\/revisions"}],"predecessor-version":[{"id":133187,"href":"https:\/\/www.iphone-ticker.de\/apiv2\/wp\/v2\/posts\/133186\/revisions\/133187"}],"wp:attachment":[{"href":"https:\/\/www.iphone-ticker.de\/apiv2\/wp\/v2\/media?parent=133186"}],"wp:term":[{"taxonomy":"category","embeddable":true,"href":"https:\/\/www.iphone-ticker.de\/apiv2\/wp\/v2\/categories?post=133186"},{"taxonomy":"post_tag","embeddable":true,"href":"https:\/\/www.iphone-ticker.de\/apiv2\/wp\/v2\/tags?post=133186"}],"curies":[{"name":"wp","href":"https:\/\/api.w.org\/{rel}","templated":true}]}}