{"id":133031,"date":"2018-10-27T10:22:09","date_gmt":"2018-10-27T08:22:09","guid":{"rendered":"https:\/\/www.iphone-ticker.de\/?p=133031"},"modified":"2018-10-27T10:22:09","modified_gmt":"2018-10-27T08:22:09","slug":"iphone-xr-in-allen-apple-stores-zur-abholung-bereit","status":"publish","type":"post","link":"https:\/\/www.iphone-ticker.de\/iphone-xr-in-allen-apple-stores-zur-abholung-bereit-133031\/","title":{"rendered":"iPhone XR in allen Apple Stores zur Abholung bereit"},"content":{"rendered":"<p>Apple hat nun die <a href=\"https:\/\/www.apple.com\/de\/shop\/buy-iphone\/iphone-xr\">Verf\u00fcgbarkeitsanzeige f\u00fcr das iPhone XR<\/a> vollst\u00e4ndig freigegeben. Ihr k\u00f6nnt also auf der Apple-Webseite nicht nur nachsehen, welche Farbe und welche Speichergr\u00f6\u00dfen im Apple Store eurer Wahl vorr\u00e4tig sind, sondern die Ger\u00e4te auch direkt zur Abholung reservieren.<\/p>\n<p><a href=\"https:\/\/images.iphone-ticker.de\/wp-content\/uploads\/2018\/10\/iphone-xr-verfuegbar-apple-store.jpg\"><img loading=\"lazy\" decoding=\"async\" src=\"https:\/\/images.iphone-ticker.de\/wp-content\/uploads\/2018\/10\/iphone-xr-verfuegbar-apple-store.jpg\" alt=\"Iphone Xr Verfuegbar Apple Store\" width=\"500\" height=\"319\" class=\"alignnone size-full wp-image-133034\" srcset=\"https:\/\/images.iphone-ticker.de\/wp-content\/uploads\/2018\/10\/iphone-xr-verfuegbar-apple-store.jpg 500w, https:\/\/images.iphone-ticker.de\/wp-content\/uploads\/2018\/10\/iphone-xr-verfuegbar-apple-store-300x191.jpg 300w\" sizes=\"auto, (max-width: 500px) 100vw, 500px\" \/><\/a><\/p>\n<p>Wie sich bereits gestern abgezeichnet hat, haben die meisten Apple Stores das <a href=\"https:\/\/www.apple.com\/de\/shop\/buy-iphone\/iphone-xr\">iPhone XR<\/a> in fast allen Farbvarianten und Speichergr\u00f6\u00dfen auf Lager. Wir sind gespannt, ob das so bleibt oder dieser Zustand lediglich der Tatsache geschuldet ist, dass gestern viele interessierte Nutzer nicht auf gut Gl\u00fcck einen Apple Store aufsuchen wollten.<\/p>\n<h2>&#8222;Gut reparierbar&#8220; &#8211; ifixit nimmt das iPhone XR unter die Lupe<\/h2>\n<p>ifixit hat derweil seinen <a href=\"https:\/\/www.ifixit.com\/Teardown\/iPhone+XR+Teardown\/114123\">Teardown des iPhone XR<\/a> nachgeliefert. Wir hatten zwar gestern schon ein <a href=\"https:\/\/www.iphone-ticker.de\/unterm-messer-das-iphone-xr-in-seine-einzelteile-zerlegt-133015\/\" title=\"Unterm Messer: Das iPhone XR in seine Einzelteile zerlegt\">erstes Video<\/a> vom Inneren des neuen Apple-Telefons ver\u00f6ffentlicht, die Reparaturprofis von ifixt haben sich dem Thema allerdings noch etwas ausf\u00fchrlicher gewidmet und freuen sich \u00fcber die f\u00fcr Apple-Ger\u00e4te guten Reparaturm\u00f6glichkeiten. So k\u00f6nne der Bildschirm mit minimalem Aufwand repariert werden und auch der Akku sei gut erreichbar, wenngleich der Wasserschutz der Ger\u00e4te f\u00fcr zus\u00e4tzlichen Aufwand sorge. Ein Kritikpunkt bleibt die Tatsache, dass Apple f\u00fcr Vorder- und R\u00fcckseite Glas verwendet und Sturzsch\u00e4den somit oft teure Reparaturen erfordern, die den kompletten Austausch des Geh\u00e4uses einbeziehen.<\/p>\n<p><div class=\"responsive-video\"><iframe loading=\"lazy\" width=\"700\" height=\"315\" src=\"https:\/\/www.youtube-nocookie.com\/embed\/nL5xR2PD-fc\" frameborder=\"0\" allow=\"autoplay; encrypted-media\" allowfullscreen><\/iframe><\/div><\/p>\n","protected":false},"excerpt":{"rendered":"<a href=\"https:\/\/www.iphone-ticker.de\/iphone-xr-in-allen-apple-stores-zur-abholung-bereit-133031\/\"><img width=\"150\" height=\"150\" src=\"https:\/\/images.iphone-ticker.de\/wp-content\/uploads\/2018\/10\/iphone-xr-header-2-150x150.jpg\" class=\"alignright tfe wp-post-image\" alt=\"Iphone Xr Header\" decoding=\"async\" loading=\"lazy\" \/><\/a><p>Apple hat nun die Verf\u00fcgbarkeitsanzeige f\u00fcr das iPhone XR vollst\u00e4ndig freigegeben. Ihr k\u00f6nnt also auf der Apple-Webseite nicht nur nachsehen, welche Farbe und welche Speichergr\u00f6\u00dfen im Apple Store eurer Wahl vorr\u00e4tig sind, sondern die Ger\u00e4te auch direkt zur Abholung reservieren. Wie sich bereits gestern abgezeichnet hat, haben die meisten Apple Stores das iPhone XR in [&hellip;]<\/p>\n","protected":false},"author":2,"featured_media":133035,"comment_status":"open","ping_status":"closed","sticky":false,"template":"","format":"standard","meta":{"footnotes":""},"categories":[749],"tags":[4469],"class_list":["post-133031","post","type-post","status-publish","format-standard","has-post-thumbnail","hentry","category-iphone-2","tag-iphone-xr"],"aioseo_notices":[],"subheadline":["Apple schaltet Verf\u00fcgbarkeitsanzeige frei"],"featured_image":["https:\/\/images.iphone-ticker.de\/wp-content\/uploads\/2018\/10\/iphone-xr-header-2.jpg"],"rest_api_enabler":{"subheadline":"Apple schaltet Verf\u00fcgbarkeitsanzeige frei","featured_image":"https:\/\/images.iphone-ticker.de\/wp-content\/uploads\/2018\/10\/iphone-xr-header-2.jpg"},"_links":{"self":[{"href":"https:\/\/www.iphone-ticker.de\/apiv2\/wp\/v2\/posts\/133031","targetHints":{"allow":["GET"]}}],"collection":[{"href":"https:\/\/www.iphone-ticker.de\/apiv2\/wp\/v2\/posts"}],"about":[{"href":"https:\/\/www.iphone-ticker.de\/apiv2\/wp\/v2\/types\/post"}],"author":[{"embeddable":true,"href":"https:\/\/www.iphone-ticker.de\/apiv2\/wp\/v2\/users\/2"}],"replies":[{"embeddable":true,"href":"https:\/\/www.iphone-ticker.de\/apiv2\/wp\/v2\/comments?post=133031"}],"version-history":[{"count":3,"href":"https:\/\/www.iphone-ticker.de\/apiv2\/wp\/v2\/posts\/133031\/revisions"}],"predecessor-version":[{"id":133036,"href":"https:\/\/www.iphone-ticker.de\/apiv2\/wp\/v2\/posts\/133031\/revisions\/133036"}],"wp:featuredmedia":[{"embeddable":true,"href":"https:\/\/www.iphone-ticker.de\/apiv2\/wp\/v2\/media\/133035"}],"wp:attachment":[{"href":"https:\/\/www.iphone-ticker.de\/apiv2\/wp\/v2\/media?parent=133031"}],"wp:term":[{"taxonomy":"category","embeddable":true,"href":"https:\/\/www.iphone-ticker.de\/apiv2\/wp\/v2\/categories?post=133031"},{"taxonomy":"post_tag","embeddable":true,"href":"https:\/\/www.iphone-ticker.de\/apiv2\/wp\/v2\/tags?post=133031"}],"curies":[{"name":"wp","href":"https:\/\/api.w.org\/{rel}","templated":true}]}}