{"id":131675,"date":"2018-09-23T13:45:14","date_gmt":"2018-09-23T11:45:14","guid":{"rendered":"https:\/\/www.iphone-ticker.de\/?p=131675"},"modified":"2018-09-24T06:40:33","modified_gmt":"2018-09-24T04:40:33","slug":"ios-12-1-beta-unterstuetzt-esim-der-telekom","status":"publish","type":"post","link":"https:\/\/www.iphone-ticker.de\/ios-12-1-beta-unterstuetzt-esim-der-telekom-131675\/","title":{"rendered":"iOS 12.1 Beta unterst\u00fctzt Dual-SIM-Funktion mit eSIM der Telekom"},"content":{"rendered":"<p>In der f\u00fcr Entwickler und freiwillige Tester bereits verf\u00fcgbaren iOS-Version 12.1 hat Apple die eSIM-Funktionalit\u00e4t der neuen iPhone-Modelle bereits aktiviert. iPhone Xs und iPhone Xs Max lassen sich damit auch schon mit den hierzulande beispielsweise von der Telekom ausgegebenen eSIM-Codes nutzen, dadurch bietet sich die M\u00f6glichkeit zum Dual-SIM-Betrieb.<\/p>\n<p>Sobald in einem kompatiblen iPhone sowohl eine eSIM aktiviert, als auch eine gew\u00f6hnliche SIM-Karte in die SIM-Schublade eingelegt ist, besteht die M\u00f6glichkeit, die unterschiedlichen Tarife zu benennen, beispielsweise \u201ePrivat\u201c und \u201eGesch\u00e4ft\u201c, und fortan zu verwenden.<\/p>\n<p><a href=\"https:\/\/images.iphone-ticker.de\/wp-content\/uploads\/2018\/09\/ios-12-1-esim-telekom-1.jpg\"><img loading=\"lazy\" decoding=\"async\" src=\"https:\/\/images.iphone-ticker.de\/wp-content\/uploads\/2018\/09\/ios-12-1-esim-telekom-1.jpg\" alt=\"Ios 12 1 Esim Telekom 1\" width=\"700\" height=\"436\" class=\"alignnone size-full wp-image-131680\" srcset=\"https:\/\/images.iphone-ticker.de\/wp-content\/uploads\/2018\/09\/ios-12-1-esim-telekom-1.jpg 1400w, https:\/\/images.iphone-ticker.de\/wp-content\/uploads\/2018\/09\/ios-12-1-esim-telekom-1-300x187.jpg 300w, https:\/\/images.iphone-ticker.de\/wp-content\/uploads\/2018\/09\/ios-12-1-esim-telekom-1-1024x637.jpg 1024w\" sizes=\"auto, (max-width: 700px) 100vw, 700px\" \/><\/a><\/p>\n<p>Dar\u00fcber hinaus kann festgelegt werden, welcher der beiden Tarife als \u201eStandardleitung\u201c f\u00fcr Telefonie und SMS und welcher f\u00fcr mobile Daten verwendet werden soll. In der Folge werden die Empfangsbalken f\u00fcr beide SIM-Karten getrennt in der Statusleiste bzw. darunter angezeigt.<\/p>\n<p>F\u00fcr iMessage und FaceTime wird in den Einstellungen der Nachrichten-App separat festgelegt, welche der beiden Rufnummern mit diesen Diensten verkn\u00fcpft wird. Zudem kann f\u00fcr die Kontakte im Adressbuch jeweils einzeln eine Priorit\u00e4t festgelegt werden. Alternativ besteht die M\u00f6glichkeit, hier stets die zuletzt f\u00fcr die Kommunikation mit einer bestimmten Person verwendete Nummer zu verwenden.<\/p>\n<p><a href=\"https:\/\/images.iphone-ticker.de\/wp-content\/uploads\/2018\/09\/ios-12-1-esim-telekom-2.jpg\"><img loading=\"lazy\" decoding=\"async\" src=\"https:\/\/images.iphone-ticker.de\/wp-content\/uploads\/2018\/09\/ios-12-1-esim-telekom-2.jpg\" alt=\"Ios 12 1 Esim Telekom 2\" width=\"700\" height=\"449\" class=\"alignnone size-full wp-image-131679\" srcset=\"https:\/\/images.iphone-ticker.de\/wp-content\/uploads\/2018\/09\/ios-12-1-esim-telekom-2.jpg 1400w, https:\/\/images.iphone-ticker.de\/wp-content\/uploads\/2018\/09\/ios-12-1-esim-telekom-2-300x192.jpg 300w, https:\/\/images.iphone-ticker.de\/wp-content\/uploads\/2018\/09\/ios-12-1-esim-telekom-2-1024x656.jpg 1024w\" sizes=\"auto, (max-width: 700px) 100vw, 700px\" \/><\/a><\/p>\n<p>Wird eine der beiden SIM-Karten entfernt bzw. gel\u00f6scht, meldet iOS dies und weist darauf hin, dass die damit verkn\u00fcpften Kontakte neu zugeordnet werden sollten.<\/p>\n<p>Wir gehen davon aus, dass Apple die Funktion mit der Freigabe von iOS 12.1 in wenigen Wochen f\u00fcr alle Nutzer freigibt. Besten Dank an dieser Stelle an Marcel f\u00fcr den Hinweis auf die Verf\u00fcgbarkeit der Funktion und auch die hier ver\u00f6ffentlichten Screenshots.<\/p>\n<p><a href=\"https:\/\/images.iphone-ticker.de\/wp-content\/uploads\/2018\/09\/ios-12-esim-fehlt.jpg\"><img loading=\"lazy\" decoding=\"async\" src=\"https:\/\/images.iphone-ticker.de\/wp-content\/uploads\/2018\/09\/ios-12-esim-fehlt.jpg\" alt=\"Ios 12 Esim Fehlt\" width=\"700\" height=\"472\" class=\"alignnone size-full wp-image-131681\" srcset=\"https:\/\/images.iphone-ticker.de\/wp-content\/uploads\/2018\/09\/ios-12-esim-fehlt.jpg 700w, https:\/\/images.iphone-ticker.de\/wp-content\/uploads\/2018\/09\/ios-12-esim-fehlt-300x202.jpg 300w\" sizes=\"auto, (max-width: 700px) 100vw, 700px\" \/><\/a><\/p>\n","protected":false},"excerpt":{"rendered":"<a href=\"https:\/\/www.iphone-ticker.de\/ios-12-1-beta-unterstuetzt-esim-der-telekom-131675\/\"><img width=\"150\" height=\"150\" src=\"https:\/\/images.iphone-ticker.de\/wp-content\/uploads\/2018\/09\/ios-12-esim-fehlt-150x150.jpg\" class=\"alignright tfe wp-post-image\" alt=\"Ios 12 Esim Fehlt\" decoding=\"async\" loading=\"lazy\" \/><\/a><p>In der f\u00fcr Entwickler und freiwillige Tester bereits verf\u00fcgbaren iOS-Version 12.1 hat Apple die eSIM-Funktionalit\u00e4t der neuen iPhone-Modelle bereits aktiviert. iPhone Xs und iPhone Xs Max lassen sich damit auch schon mit den hierzulande beispielsweise von der Telekom ausgegebenen eSIM-Codes nutzen, dadurch bietet sich die M\u00f6glichkeit zum Dual-SIM-Betrieb. Sobald in einem kompatiblen iPhone sowohl eine [&hellip;]<\/p>\n","protected":false},"author":2,"featured_media":131681,"comment_status":"open","ping_status":"closed","sticky":false,"template":"","format":"standard","meta":{"footnotes":""},"categories":[639,1975],"tags":[4471,3209,4483],"class_list":["post-131675","post","type-post","status-publish","format-standard","has-post-thumbnail","hentry","category-ios","category-feature","tag-dual-sim","tag-esim","tag-ios-12-1"],"aioseo_notices":[],"subheadline":["eSIM \u00e4sst sich bereits einrichten und nutzen"],"featured_image":["https:\/\/images.iphone-ticker.de\/wp-content\/uploads\/2018\/09\/ios-12-esim-einrichten-1.jpg"],"rest_api_enabler":{"subheadline":"eSIM \u00e4sst sich bereits einrichten und nutzen","featured_image":"https:\/\/images.iphone-ticker.de\/wp-content\/uploads\/2018\/09\/ios-12-esim-einrichten-1.jpg"},"_links":{"self":[{"href":"https:\/\/www.iphone-ticker.de\/apiv2\/wp\/v2\/posts\/131675","targetHints":{"allow":["GET"]}}],"collection":[{"href":"https:\/\/www.iphone-ticker.de\/apiv2\/wp\/v2\/posts"}],"about":[{"href":"https:\/\/www.iphone-ticker.de\/apiv2\/wp\/v2\/types\/post"}],"author":[{"embeddable":true,"href":"https:\/\/www.iphone-ticker.de\/apiv2\/wp\/v2\/users\/2"}],"replies":[{"embeddable":true,"href":"https:\/\/www.iphone-ticker.de\/apiv2\/wp\/v2\/comments?post=131675"}],"version-history":[{"count":15,"href":"https:\/\/www.iphone-ticker.de\/apiv2\/wp\/v2\/posts\/131675\/revisions"}],"predecessor-version":[{"id":131696,"href":"https:\/\/www.iphone-ticker.de\/apiv2\/wp\/v2\/posts\/131675\/revisions\/131696"}],"wp:featuredmedia":[{"embeddable":true,"href":"https:\/\/www.iphone-ticker.de\/apiv2\/wp\/v2\/media\/131681"}],"wp:attachment":[{"href":"https:\/\/www.iphone-ticker.de\/apiv2\/wp\/v2\/media?parent=131675"}],"wp:term":[{"taxonomy":"category","embeddable":true,"href":"https:\/\/www.iphone-ticker.de\/apiv2\/wp\/v2\/categories?post=131675"},{"taxonomy":"post_tag","embeddable":true,"href":"https:\/\/www.iphone-ticker.de\/apiv2\/wp\/v2\/tags?post=131675"}],"curies":[{"name":"wp","href":"https:\/\/api.w.org\/{rel}","templated":true}]}}