{"id":131472,"date":"2018-09-18T17:13:52","date_gmt":"2018-09-18T15:13:52","guid":{"rendered":"https:\/\/www.iphone-ticker.de\/?p=131472"},"modified":"2018-09-19T16:51:58","modified_gmt":"2018-09-19T14:51:58","slug":"das-wetter-seit-ios-12-berlin-28-gesundheitsschaedlich","status":"publish","type":"post","link":"https:\/\/www.iphone-ticker.de\/das-wetter-seit-ios-12-berlin-28-gesundheitsschaedlich-131472\/","title":{"rendered":"Das Wetter seit iOS 12: Berlin. 28\u00b0. Gesundheitssch\u00e4dlich."},"content":{"rendered":"<p>Moderat ist in Berlin <a href=\"https:\/\/open.spotify.com\/track\/1fmoCZ6mtMiqA5GHWPcZz9?si=Cbfk8dw8Q1-ESV_6HCIhmg\">allenfalls die Musik<\/a>, die Luftqualit\u00e4t in der Hauptstadt ist &#8211; zumindest laut Apples \u00fcberarbeiteter Wetter-App aus iOS 12 &#8211; in erster Linie &#8222;Gesundheitssch\u00e4dlich&#8220;. <\/p>\n<p><a href=\"https:\/\/images.iphone-ticker.de\/wp-content\/uploads\/2018\/09\/wetter-gesundheit.jpg\"><img decoding=\"async\" src=\"https:\/\/images.iphone-ticker.de\/wp-content\/uploads\/2018\/09\/wetter-gesundheit.jpg\" alt=\"Wetter Gesundheit\" width=\"500\" class=\"aligncenter size-full wp-image-131473\" srcset=\"https:\/\/images.iphone-ticker.de\/wp-content\/uploads\/2018\/09\/wetter-gesundheit.jpg 1000w, https:\/\/images.iphone-ticker.de\/wp-content\/uploads\/2018\/09\/wetter-gesundheit-300x129.jpg 300w\" sizes=\"(max-width: 1000px) 100vw, 1000px\" \/><\/a><\/p>\n<p>Diese Info zeigt das Wetter-Widget der Werksapplikation seit den fr\u00fchen Morgenstunden fast durchg\u00e4ngig an. Immerhin: Hin und wieder sorgt die Anzeige mit einem Wechsel zu &#8222;Gesundheitssch\u00e4dlich f\u00fcr empfindliche Gruppen&#8220; wenigstens f\u00fcr kleinere Variationen.<\/p>\n<p>Doch die neue, <a href=\"https:\/\/www.iphone-ticker.de\/?p=127166\">Anfang Juni erstmals gesichtete<\/a> Anzeige der aktuellen Luftqualit\u00e4t irritiert. Vor allem Nutzer der Apple Watch haben sich heute bei uns gemeldet und kritisieren die prominente Platzierung der Qualit\u00e4tsbewertung in der entsprechenden Apple Watch-Komplikation. Nachvollziehbar wie wir finden. <\/p>\n<p>Unter anderem hat sich Julian gemeldet: <\/p>\n<blockquote><p>\nIch hatte an der \u00f6ffentlichen Beta teilgenommen und war mit Public 3 eingestiegen. Mir fiel direkt die Luftqualit\u00e4t in der Apple Wetter-App auf [&#8230;] nur leider nervt mich die Anzeige sp\u00e4testens seit watchOS 5 extrem. (Ihr werdet in Berlin sicherlich auch ein Lied davon singen k\u00f6nnen.)<\/p>\n<p>Im iPhone war es mir bislang fast egal, ob der Schriftzug unter dem Ort durch \u201eUngesunde Luftqualit\u00e4t\u201c ersetzt wurde. Auch wenn selbst diese Umsetzung fragw\u00fcrdig ist\u2026 ein \u201eBew\u00f6lkt\u201c w\u00fcrde mir weiterhin besser gefallen. Mit dem Update auf WatchOS5 begr\u00fc\u00dft mich jetzt auch noch meine Uhr mit der freundlichen Info \u201e13\u00b0 UNGESUND\u201c!<\/p>\n<p>Eine Option w\u00e4re wirklich sch\u00f6n, allerdings kann ich bisher nichts finden. Hat Euch diese Anzeige auch schon gest\u00f6rt, oder habt Ihr eine L\u00f6sung parat? Eigentlich m\u00f6chte ich die Komplikation meiner Uhr gerne weiterhin nutzen. Ich bin der Meinung, Apple m\u00fcsste dringend nachbessern\u2026<\/p>\n<p>Witzig dabei \u00fcbrigens: Selbst in meiner \u201eumweltfreundlichen\u201c Heimat-Kleinstadt Barsinghausen am sch\u00f6nen Deister steht fast durchgehend: \u201eUngesunde Luft f\u00fcr empfindliche Gruppen\u201c.\n<\/p><\/blockquote>\n<p><a href=\"https:\/\/images.iphone-ticker.de\/wp-content\/uploads\/2018\/09\/wetter-apple-watch.jpg\"><img loading=\"lazy\" decoding=\"async\" src=\"https:\/\/images.iphone-ticker.de\/wp-content\/uploads\/2018\/09\/wetter-apple-watch-1024x846.jpg\" alt=\"Wetter Apple Watch\" width=\"1024\" height=\"846\" class=\"aligncenter size-large wp-image-131474\" srcset=\"https:\/\/images.iphone-ticker.de\/wp-content\/uploads\/2018\/09\/wetter-apple-watch-1024x846.jpg 1024w, https:\/\/images.iphone-ticker.de\/wp-content\/uploads\/2018\/09\/wetter-apple-watch-300x248.jpg 300w, https:\/\/images.iphone-ticker.de\/wp-content\/uploads\/2018\/09\/wetter-apple-watch.jpg 1544w\" sizes=\"auto, (max-width: 1024px) 100vw, 1024px\" \/><\/a><\/p>\n<p><h8>Dank auch an Thomas Bernd und Richard!<\/h8><\/p>\n","protected":false},"excerpt":{"rendered":"<a href=\"https:\/\/www.iphone-ticker.de\/das-wetter-seit-ios-12-berlin-28-gesundheitsschaedlich-131472\/\"><img width=\"150\" height=\"150\" src=\"https:\/\/images.iphone-ticker.de\/wp-content\/uploads\/2018\/09\/ungesund-150x150.jpg\" class=\"alignright tfe wp-post-image\" alt=\"Ungesund\" decoding=\"async\" loading=\"lazy\" \/><\/a><p>Moderat ist in Berlin allenfalls die Musik, die Luftqualit\u00e4t in der Hauptstadt ist &#8211; zumindest laut Apples \u00fcberarbeiteter Wetter-App aus iOS 12 &#8211; in erster Linie &#8222;Gesundheitssch\u00e4dlich&#8220;. Diese Info zeigt das Wetter-Widget der Werksapplikation seit den fr\u00fchen Morgenstunden fast durchg\u00e4ngig an. Immerhin: Hin und wieder sorgt die Anzeige mit einem Wechsel zu &#8222;Gesundheitssch\u00e4dlich f\u00fcr empfindliche [&hellip;]<\/p>\n","protected":false},"author":1,"featured_media":131475,"comment_status":"open","ping_status":"closed","sticky":false,"template":"","format":"standard","meta":{"footnotes":""},"categories":[749,1975],"tags":[2759,394,4230,4361,402],"class_list":["post-131472","post","type-post","status-publish","format-standard","has-post-thumbnail","hentry","category-iphone-2","category-feature","tag-apple-watch","tag-gesundheit","tag-ios-12","tag-watchos-5","tag-wetter"],"aioseo_notices":[],"subheadline":["\"Ungesund\" auf der Apple Watch"],"featured_image":["https:\/\/images.iphone-ticker.de\/wp-content\/uploads\/2018\/09\/ungesund.jpg"],"rest_api_enabler":{"subheadline":"\"Ungesund\" auf der Apple Watch","featured_image":"https:\/\/images.iphone-ticker.de\/wp-content\/uploads\/2018\/09\/ungesund.jpg"},"_links":{"self":[{"href":"https:\/\/www.iphone-ticker.de\/apiv2\/wp\/v2\/posts\/131472","targetHints":{"allow":["GET"]}}],"collection":[{"href":"https:\/\/www.iphone-ticker.de\/apiv2\/wp\/v2\/posts"}],"about":[{"href":"https:\/\/www.iphone-ticker.de\/apiv2\/wp\/v2\/types\/post"}],"author":[{"embeddable":true,"href":"https:\/\/www.iphone-ticker.de\/apiv2\/wp\/v2\/users\/1"}],"replies":[{"embeddable":true,"href":"https:\/\/www.iphone-ticker.de\/apiv2\/wp\/v2\/comments?post=131472"}],"version-history":[{"count":2,"href":"https:\/\/www.iphone-ticker.de\/apiv2\/wp\/v2\/posts\/131472\/revisions"}],"predecessor-version":[{"id":131477,"href":"https:\/\/www.iphone-ticker.de\/apiv2\/wp\/v2\/posts\/131472\/revisions\/131477"}],"wp:featuredmedia":[{"embeddable":true,"href":"https:\/\/www.iphone-ticker.de\/apiv2\/wp\/v2\/media\/131475"}],"wp:attachment":[{"href":"https:\/\/www.iphone-ticker.de\/apiv2\/wp\/v2\/media?parent=131472"}],"wp:term":[{"taxonomy":"category","embeddable":true,"href":"https:\/\/www.iphone-ticker.de\/apiv2\/wp\/v2\/categories?post=131472"},{"taxonomy":"post_tag","embeddable":true,"href":"https:\/\/www.iphone-ticker.de\/apiv2\/wp\/v2\/tags?post=131472"}],"curies":[{"name":"wp","href":"https:\/\/api.w.org\/{rel}","templated":true}]}}