{"id":131028,"date":"2018-09-11T11:48:38","date_gmt":"2018-09-11T09:48:38","guid":{"rendered":"https:\/\/www.iphone-ticker.de\/?p=131028"},"modified":"2018-09-11T11:48:48","modified_gmt":"2018-09-11T09:48:48","slug":"ikea-fyrtur-und-kadrilj-homekit-rolllaeden-kommen-2019","status":"publish","type":"post","link":"https:\/\/www.iphone-ticker.de\/ikea-fyrtur-und-kadrilj-homekit-rolllaeden-kommen-2019-131028\/","title":{"rendered":"IKEA Fyrtur und Kadrilj: HomeKit-Rolll\u00e4den kommen 2019"},"content":{"rendered":"<p>Gute Nachrichten: Nach den ersten <a href=\"https:\/\/www.iphone-ticker.de\/ikea-trdfri-rolladensteuerung-und-fernbedienung-im-anmarsch-130932\/\">Online-Sichtungen<\/a> vom vergangenen Freitag hat das schwedische M\u00f6belhaus IKEA jetzt auf Medien-Nachfragen aus <a href=\"https:\/\/www.tek.no\/artikler\/445676\">Norwegen<\/a> und <a href=\"https:\/\/teknikveckan.com\/nyheter\/fortsatt-storsatsning-fran-ikea-da-kommer-tradfria-rullgardiner\/\">Schweden<\/a> reagiert und den bevorstehenden Marktstart zwei neuer Tr\u00e5dfri-Produkte best\u00e4tigt.<\/p>\n<p><a href=\"https:\/\/images.iphone-ticker.de\/wp-content\/uploads\/2018\/09\/ikea-tradfri-rolladen-1.jpg\"><img decoding=\"async\" class=\"aligncenter size-full wp-image-131031\" src=\"https:\/\/images.iphone-ticker.de\/wp-content\/uploads\/2018\/09\/ikea-tradfri-rolladen-1.jpg\" alt=\"Ikea Tradfri Rolladen\" width=\"500\" srcset=\"https:\/\/images.iphone-ticker.de\/wp-content\/uploads\/2018\/09\/ikea-tradfri-rolladen-1.jpg 1000w, https:\/\/images.iphone-ticker.de\/wp-content\/uploads\/2018\/09\/ikea-tradfri-rolladen-1-150x150.jpg 150w\" sizes=\"(max-width: 1000px) 100vw, 1000px\" \/><\/a><\/p>\n<h6><a href=\"https:\/\/www.tek.no\/artikler\/445676\">tek.no zeig IKEA Fyrtur und Kadrilj<\/a><\/h6>\n<p>Unter den Produktbezeichnungen Fyrtur und Kadrilj soll die Tr\u00e5dfri-Familie bereits im Februar um zwei ferngesteuerte Rolll\u00e4den erweitert werden.<\/p>\n<p>Wie die schaltbaren Steckdosen, die sich in Holland bereits kaufen lassen, hierzulande jedoch erst im Oktober in den Markt starten werden, sollen sich die Rolll\u00e4den \u00fcber die offizielle <a rel=\"noindex, nofollow\" href=\"http:\/\/www.ifun.de\/app\/1195836071\">Tr\u00e5dfri-App<\/a> steuern lassen. Die HomeKit-Kompatibilit\u00e4t wurden von IKEA ebenfalls best\u00e4tigt. Preise wurden noch nicht kommuniziert.<\/p>\n<!-- WP-Appbox (Version: 4.5.13 \/\/ Store: appstore \/\/ ID: 1195836071) -->\t<!-- app-link -->\n\t<div id=\"article-single-app-preview\">\n\t\t<div id=\"article-single-app-preview-header\">\n\t\t\t<span class=\"title\">Laden im App Store<\/span>\n\t\t<\/div>\n\t\t<div id=\"article-single-app-preview-content\">\n\t\t\t<div id=\"article-single-app-preview-img\"><img loading=\"lazy\" decoding=\"async\" src=\"\/\/www.iphone-ticker.de\/wp-content\/cache\/wp-appbox\/20bf356ad41d9cb4ae063e7a6001cd95\/ai-d50c87e6a8ead93fe14af261e504936b\" alt=\"IKEA Home smart 1\"  height=\"72\" width=\"72\" class=\"asl-icon-img\" \/><\/div>\n\t\t\t<div id=\"article-single-app-preview-desc\">\n\t\t\t\t<span class=\"name\">IKEA Home smart 1<\/span><br \/>\n\t\t\t\t<span class=\"seller\">Entwickler: <a target=\"_blank\" rel=\"nofollow\" href=\"https:\/\/apps.apple.com\/de\/developer\/inter-ikea-systems-b-v\/id339722471\">Inter IKEA Systems B.V.<\/a><\/span>\n\t\t\t<\/div>\n\t\t\t<a target=\"_blank\" rel=\"nofollow\" href=\"https:\/\/apps.apple.com\/de\/app\/ikea-home-smart-1\/id1195836071\"><div id=\"article-single-app-preview-download\">Preis: Kostenlos<br \/>\n\t\t\t<span class=\"size\">Laden<\/span><\/div><\/a>\n\t\t<\/div>\n\t\t<!-- <div id=\"article-single-app-preview-footer\"><\/div>\t-->\n\t<\/div>\n\t<!-- app-link\/ende --><!-- \/WP-Appbox -->\n<h2>Die IKEA-Neuigkeiten der letzten Tage<\/h2>\n<ul>\n<li><a title=\"IKEA Tr\u00e5dfri: Preissenkung und App mit Hardware-Updates\" href=\"https:\/\/www.iphone-ticker.de\/ikea-trdfri-preissenkung-und-app-mit-hardware-updates-131002\/\">IKEA Tr\u00e5dfri: Preissenkung und App mit Hardware-Updates<\/a><\/li>\n<li><a title=\"IKEA Tr\u00e5dfri: Rolladensteuerung und Fernbedienung im Anmarsch\" href=\"https:\/\/www.iphone-ticker.de\/ikea-trdfri-rolladensteuerung-und-fernbedienung-im-anmarsch-130932\/\">IKEA Tr\u00e5dfri: Rolladensteuerung und Fernbedienung im Anmarsch<\/a><\/li>\n<li><a title=\"IKEA Tr\u00e5dfri: HomeKit-Steckdose soll im Oktober starten\" href=\"https:\/\/www.ifun.de\/ikea-trdfri-homekit-steckdose-soll-im-oktober-starten-126215\/\">IKEA Tr\u00e5dfri: HomeKit-Steckdose soll im Oktober starten<\/a><\/li>\n<li><a title=\"Light Finder: Mac-App verbindet HUE-Bridge und IKEA-Lampen\" href=\"https:\/\/www.ifun.de\/light-finder-mac-app-verbindet-hue-bridge-und-ikea-lampen-126352\/\">Light Finder: Mac-App verbindet HUE-Bridge und IKEA-Lampen<\/a><\/li>\n<li><a title=\"IKEA: Internes Warensystem zeigt Tr\u00e5dfri-Steckdose\" href=\"https:\/\/www.iphone-ticker.de\/ikea-internes-warensystem-zeigt-trdfri-steckdose-129494\/\">IKEA: Internes Warensystem zeigt Tr\u00e5dfri-Steckdose<\/a><\/li>\n<\/ul>\n","protected":false},"excerpt":{"rendered":"<a href=\"https:\/\/www.iphone-ticker.de\/ikea-fyrtur-und-kadrilj-homekit-rolllaeden-kommen-2019-131028\/\"><img width=\"150\" height=\"150\" src=\"https:\/\/images.iphone-ticker.de\/wp-content\/uploads\/2018\/09\/ikea-tradfri-rolladen-1-150x150.jpg\" class=\"alignright tfe wp-post-image\" alt=\"Ikea Tradfri Rolladen\" decoding=\"async\" loading=\"lazy\" srcset=\"https:\/\/images.iphone-ticker.de\/wp-content\/uploads\/2018\/09\/ikea-tradfri-rolladen-1-150x150.jpg 150w, https:\/\/images.iphone-ticker.de\/wp-content\/uploads\/2018\/09\/ikea-tradfri-rolladen-1-300x300.jpg 300w, https:\/\/images.iphone-ticker.de\/wp-content\/uploads\/2018\/09\/ikea-tradfri-rolladen-1.jpg 1000w\" sizes=\"auto, (max-width: 150px) 100vw, 150px\" \/><\/a><p>Gute Nachrichten: Nach den ersten Online-Sichtungen vom vergangenen Freitag hat das schwedische M\u00f6belhaus IKEA jetzt auf Medien-Nachfragen aus Norwegen und Schweden reagiert und den bevorstehenden Marktstart zwei neuer Tr\u00e5dfri-Produkte best\u00e4tigt. tek.no zeig IKEA Fyrtur und Kadrilj Unter den Produktbezeichnungen Fyrtur und Kadrilj soll die Tr\u00e5dfri-Familie bereits im Februar um zwei ferngesteuerte Rolll\u00e4den erweitert werden. Wie [&hellip;]<\/p>\n","protected":false},"author":1,"featured_media":131031,"comment_status":"open","ping_status":"closed","sticky":false,"template":"","format":"standard","meta":{"footnotes":""},"categories":[24],"tags":[2821,341,4078,5239],"class_list":["post-131028","post","type-post","status-publish","format-standard","has-post-thumbnail","hentry","category-zubehor","tag-homekit","tag-ikea","tag-tradfri","tag-zubehoer"],"aioseo_notices":[],"subheadline":["Neue Tr\u00e5dfri-Produkte best\u00e4tigt"],"featured_image":["https:\/\/images.iphone-ticker.de\/wp-content\/uploads\/2018\/09\/ikea.jpg"],"rest_api_enabler":{"subheadline":"Neue Tr\u00e5dfri-Produkte best\u00e4tigt","featured_image":"https:\/\/images.iphone-ticker.de\/wp-content\/uploads\/2018\/09\/ikea.jpg"},"_links":{"self":[{"href":"https:\/\/www.iphone-ticker.de\/apiv2\/wp\/v2\/posts\/131028","targetHints":{"allow":["GET"]}}],"collection":[{"href":"https:\/\/www.iphone-ticker.de\/apiv2\/wp\/v2\/posts"}],"about":[{"href":"https:\/\/www.iphone-ticker.de\/apiv2\/wp\/v2\/types\/post"}],"author":[{"embeddable":true,"href":"https:\/\/www.iphone-ticker.de\/apiv2\/wp\/v2\/users\/1"}],"replies":[{"embeddable":true,"href":"https:\/\/www.iphone-ticker.de\/apiv2\/wp\/v2\/comments?post=131028"}],"version-history":[{"count":2,"href":"https:\/\/www.iphone-ticker.de\/apiv2\/wp\/v2\/posts\/131028\/revisions"}],"predecessor-version":[{"id":131032,"href":"https:\/\/www.iphone-ticker.de\/apiv2\/wp\/v2\/posts\/131028\/revisions\/131032"}],"wp:featuredmedia":[{"embeddable":true,"href":"https:\/\/www.iphone-ticker.de\/apiv2\/wp\/v2\/media\/131031"}],"wp:attachment":[{"href":"https:\/\/www.iphone-ticker.de\/apiv2\/wp\/v2\/media?parent=131028"}],"wp:term":[{"taxonomy":"category","embeddable":true,"href":"https:\/\/www.iphone-ticker.de\/apiv2\/wp\/v2\/categories?post=131028"},{"taxonomy":"post_tag","embeddable":true,"href":"https:\/\/www.iphone-ticker.de\/apiv2\/wp\/v2\/tags?post=131028"}],"curies":[{"name":"wp","href":"https:\/\/api.w.org\/{rel}","templated":true}]}}