{"id":130904,"date":"2018-09-06T19:11:04","date_gmt":"2018-09-06T17:11:04","guid":{"rendered":"https:\/\/www.iphone-ticker.de\/?p=130904"},"modified":"2018-09-06T19:11:12","modified_gmt":"2018-09-06T17:11:12","slug":"iphone-2018-vorbestellungen-wohl-ab-14-september","status":"publish","type":"post","link":"https:\/\/www.iphone-ticker.de\/iphone-2018-vorbestellungen-wohl-ab-14-september-130904\/","title":{"rendered":"iPhone 2018: Vorbestellungen wohl ab 14. September"},"content":{"rendered":"<p>F\u00fcr viele Termin-Prognosen rund um das iPhone ben\u00f6tigt man inzwischen keine Insider-Informationen mehr, sondern lediglich ein gutes Ged\u00e4chtnis und einen Termin-Kalender, in dem die Daten der vergangenen Jahre verzeichnet sind. <\/p>\n<p><a href=\"https:\/\/images.iphone-ticker.de\/wp-content\/uploads\/2018\/09\/preorder.jpg\"><img decoding=\"async\" src=\"https:\/\/images.iphone-ticker.de\/wp-content\/uploads\/2018\/09\/preorder.jpg\" alt=\"Preorder\" width=\"500\" class=\"aligncenter size-large wp-image-130907\" srcset=\"https:\/\/images.iphone-ticker.de\/wp-content\/uploads\/2018\/09\/preorder.jpg 1000w, https:\/\/images.iphone-ticker.de\/wp-content\/uploads\/2018\/09\/preorder-300x169.jpg 300w\" sizes=\"(max-width: 1000px) 100vw, 1000px\" \/><\/a><\/p>\n<p>Apple h\u00e4lt sich inzwischen an fest etablierte Abst\u00e4nde, Abl\u00e4ufe und Abfolgen. <\/p>\n<p>Dies haben nicht nur <a href=\"https:\/\/www.iphone-ticker.de\/termin-spekulationen-welcher-september-tag-bringt-das-neue-iphone-129484\/\">die Termin-Spekulationen<\/a> im Vorfeld der diesj\u00e4hrigen iPhone-Veranstaltung gezeigt &#8211; hier konnte Apples Keynote-Datum durch ein simples Ausschlussverfahren ermittelt werden &#8211; auch der Tag, an dem Apple die <a href=\"https:\/\/www.iphone-ticker.de\/iphone-2018-apple-stellt-die-neuen-modelle-am-12-september-vor-130543\/\">offizielle Einladung ausgab<\/a>, lies sich vorab errechnen. <\/p>\n<h2>Vorbestellen ab 14. September, Verkaufsstart am 21. September<\/h2>\n<p>Gleiches gilt auch f\u00fcr die Verkaufs-Abfolge: Am 12. September wird Apple die neuen Ger\u00e4te vorstellen und dann, <a href=\"https:\/\/www.iphone-ticker.de\/so-seid-ihr-vorbereitet-iphone-7-vorbestellungen-ab-901-uhr-101509\/\">wie in jedem Jahr<\/a>, den Start der Vorbestellungen auf den folgenden Freitag setzen. Offizieller Verkaufs- und Auslieferungsstart ist dann der darauffolgende Freitag, sieben Tage sp\u00e4ter. <\/p>\n<p>Dass uns eben jene Termine inzwischen auch aus Reihen der hiesigen Netzbetreiber gesteckt wurden, ist da nur noch eine Randnotiz. <\/p>\n","protected":false},"excerpt":{"rendered":"<a href=\"https:\/\/www.iphone-ticker.de\/iphone-2018-vorbestellungen-wohl-ab-14-september-130904\/\"><img width=\"150\" height=\"150\" src=\"https:\/\/images.iphone-ticker.de\/wp-content\/uploads\/2018\/09\/preorder-150x150.jpg\" class=\"alignright tfe wp-post-image\" alt=\"Preorder\" decoding=\"async\" loading=\"lazy\" \/><\/a><p>F\u00fcr viele Termin-Prognosen rund um das iPhone ben\u00f6tigt man inzwischen keine Insider-Informationen mehr, sondern lediglich ein gutes Ged\u00e4chtnis und einen Termin-Kalender, in dem die Daten der vergangenen Jahre verzeichnet sind. Apple h\u00e4lt sich inzwischen an fest etablierte Abst\u00e4nde, Abl\u00e4ufe und Abfolgen. Dies haben nicht nur die Termin-Spekulationen im Vorfeld der diesj\u00e4hrigen iPhone-Veranstaltung gezeigt &#8211; hier [&hellip;]<\/p>\n","protected":false},"author":1,"featured_media":130907,"comment_status":"open","ping_status":"closed","sticky":false,"template":"","format":"standard","meta":{"footnotes":""},"categories":[749],"tags":[3912,344],"class_list":["post-130904","post","type-post","status-publish","format-standard","has-post-thumbnail","hentry","category-iphone-2","tag-apple","tag-iphone"],"aioseo_notices":[],"subheadline":["Auslieferung am 21. September"],"featured_image":["https:\/\/images.iphone-ticker.de\/wp-content\/uploads\/2018\/09\/highlight.jpg"],"rest_api_enabler":{"subheadline":"Auslieferung am 21. September","featured_image":"https:\/\/images.iphone-ticker.de\/wp-content\/uploads\/2018\/09\/highlight.jpg"},"_links":{"self":[{"href":"https:\/\/www.iphone-ticker.de\/apiv2\/wp\/v2\/posts\/130904","targetHints":{"allow":["GET"]}}],"collection":[{"href":"https:\/\/www.iphone-ticker.de\/apiv2\/wp\/v2\/posts"}],"about":[{"href":"https:\/\/www.iphone-ticker.de\/apiv2\/wp\/v2\/types\/post"}],"author":[{"embeddable":true,"href":"https:\/\/www.iphone-ticker.de\/apiv2\/wp\/v2\/users\/1"}],"replies":[{"embeddable":true,"href":"https:\/\/www.iphone-ticker.de\/apiv2\/wp\/v2\/comments?post=130904"}],"version-history":[{"count":2,"href":"https:\/\/www.iphone-ticker.de\/apiv2\/wp\/v2\/posts\/130904\/revisions"}],"predecessor-version":[{"id":130908,"href":"https:\/\/www.iphone-ticker.de\/apiv2\/wp\/v2\/posts\/130904\/revisions\/130908"}],"wp:featuredmedia":[{"embeddable":true,"href":"https:\/\/www.iphone-ticker.de\/apiv2\/wp\/v2\/media\/130907"}],"wp:attachment":[{"href":"https:\/\/www.iphone-ticker.de\/apiv2\/wp\/v2\/media?parent=130904"}],"wp:term":[{"taxonomy":"category","embeddable":true,"href":"https:\/\/www.iphone-ticker.de\/apiv2\/wp\/v2\/categories?post=130904"},{"taxonomy":"post_tag","embeddable":true,"href":"https:\/\/www.iphone-ticker.de\/apiv2\/wp\/v2\/tags?post=130904"}],"curies":[{"name":"wp","href":"https:\/\/api.w.org\/{rel}","templated":true}]}}