{"id":130751,"date":"2018-09-04T14:06:31","date_gmt":"2018-09-04T12:06:31","guid":{"rendered":"https:\/\/www.iphone-ticker.de\/?p=130751"},"modified":"2018-09-04T14:06:54","modified_gmt":"2018-09-04T12:06:54","slug":"swr-videobeitrag-smartphones-als-umweltkiller","status":"publish","type":"post","link":"https:\/\/www.iphone-ticker.de\/swr-videobeitrag-smartphones-als-umweltkiller-130751\/","title":{"rendered":"SWR-Videobeitrag: Smartphones als Umweltkiller"},"content":{"rendered":"<p>Die <a href=\"https:\/\/swrmediathek.de\/player.htm?show=db1c2e00-ac48-11e8-b070-005056a12b4c\">Landesschau Rheinland-Pfalz<\/a> hat sich unter der \u00dcberschrift &#8222;Smartphones als Umweltkiller&#8220; einem Thema gewidmet, das die Smartphone-Industrie seit dem Start des ersten iPhones begleitet und immer wieder angesprochen werden muss, um Ver\u00e4nderungen zu provozieren: Den negativen Umwelteinfl\u00fcssen, die die Produktion von schon bislang \u00fcber 7 Milliarden Smartphone-Modellen nach sich zieht.<\/p>\n<p>Der 5-Minuten-Beitrag verzichtet auf die Vorstellung \u00fcberraschender oder neuer Erkenntnisse, geht daf\u00fcr aber auf mehrere Argumente ein, die f\u00fcr die l\u00e4ngere Nutzung der ressourcenhungrigen Alltagsbegleiter und f\u00fcr ihre Reparatur im Schadensfall sprechen.<\/p>\n<p>Ein Video, das einen \u00e4hnlichen Zweck erf\u00fcllt, wie <a href=\"https:\/\/www.reddit.com\/r\/vegan\/comments\/9cll1a\/the_sheer_scale_of_worldwide_animal_agriculture\/\">dieser 40-Sekunden-Clip<\/a> zur Massentierhaltung: Nur wer die negativen Folgen seines Konsumverhaltens kennt, wird sich einen Kopf \u00fcber deren langfristige Vermeidung machen.<\/p>\n<blockquote><p>Laut einer Studie sind in der Bundesrepublik mehr Smartphones in Umlauf, als es Bundesb\u00fcrger gibt. Wir sagen, welchen Preis wir f\u00fcr Lifestyle und Kommunikation zahlen.<\/p><\/blockquote>\n<p><video poster=\"https:\/\/img.ardmediathek.de\/standard\/00\/55\/57\/18\/02\/-1774185891\/1x1\/1280?mandant=ard\" preload=\"auto\" controls=\"controls\" width=\"700\" height=\"390\"><source src=\"http:\/\/avdlswr-a.akamaihd.net\/swr\/swr-fernsehen\/landesschau-rp\/gut-zu-wissen\/2018\/08\/1050054.sm.mp4\" \/><\/video><\/p>\n<h2>Zum Nachlesen:<\/h2>\n<ul>\n<li><a title=\"R\u00fccknahmepflicht von Elektroaltger\u00e4ten: Deutsche Umwelthilfe kritisiert Apple\" href=\"https:\/\/www.ifun.de\/ruecknahmepflicht-von-elektroaltgeraeten-deutsche-umwelthilfe-kritisiert-apple-124952\/\">R\u00fccknahmepflicht von Elektroaltger\u00e4ten: Deutsche Umwelthilfe kritisiert Apple<\/a><\/li>\n<li><a title=\"Greenpeace: Apple soll Produkte reparaturf\u00e4hig und erweiterbar gestalten\" href=\"https:\/\/www.ifun.de\/greenpeace-apple-soll-produkte-reparaturfaehig-und-erweiterbar-gestalten-121396\/\">Greenpeace: Apple soll Produkte reparaturf\u00e4hig und erweiterbar gestalten<\/a><\/li>\n<li><a title=\"Greenpeace Guide to Greener Electronics: Dickes Lob f\u00fcr Apple\" href=\"https:\/\/www.ifun.de\/greenpeace-guide-to-greener-electronics-dickes-lob-fuer-apple-114148\/\">Greenpeace Guide to Greener Electronics: Dickes Lob f\u00fcr Apple<\/a><\/li>\n<li><a title=\"Greenpeace-Ranking: Spitzenplatz f\u00fcr Apple\" href=\"https:\/\/www.ifun.de\/greenpeace-ranking-spitzenplatz-fuer-apple-102523\/\">Greenpeace-Ranking: Spitzenplatz f\u00fcr Apple<\/a><\/li>\n<\/ul>\n","protected":false},"excerpt":{"rendered":"<p>Die Landesschau Rheinland-Pfalz hat sich unter der \u00dcberschrift &#8222;Smartphones als Umweltkiller&#8220; einem Thema gewidmet, das die Smartphone-Industrie seit dem Start des ersten iPhones begleitet und immer wieder angesprochen werden muss, um Ver\u00e4nderungen zu provozieren: Den negativen Umwelteinfl\u00fcssen, die die Produktion von schon bislang \u00fcber 7 Milliarden Smartphone-Modellen nach sich zieht. Der 5-Minuten-Beitrag verzichtet auf die [&hellip;]<\/p>\n","protected":false},"author":1,"featured_media":0,"comment_status":"open","ping_status":"closed","sticky":false,"template":"","format":"standard","meta":{"footnotes":""},"categories":[489],"tags":[32,4235,1131,508,8],"class_list":["post-130751","post","type-post","status-publish","format-standard","hentry","category-videos","tag-kritik","tag-muell","tag-smartphone","tag-umwelt","tag-video"],"aioseo_notices":[],"subheadline":["Schon \u00fcber 7 Milliarden Ger\u00e4te"],"featured_image":["https:\/\/images.iphone-ticker.de\/wp-content\/uploads\/2017\/06\/greenpeace-recycling-initiative-1.jpg"],"rest_api_enabler":{"subheadline":"Schon \u00fcber 7 Milliarden Ger\u00e4te","featured_image":"https:\/\/images.iphone-ticker.de\/wp-content\/uploads\/2017\/06\/greenpeace-recycling-initiative-1.jpg"},"_links":{"self":[{"href":"https:\/\/www.iphone-ticker.de\/apiv2\/wp\/v2\/posts\/130751","targetHints":{"allow":["GET"]}}],"collection":[{"href":"https:\/\/www.iphone-ticker.de\/apiv2\/wp\/v2\/posts"}],"about":[{"href":"https:\/\/www.iphone-ticker.de\/apiv2\/wp\/v2\/types\/post"}],"author":[{"embeddable":true,"href":"https:\/\/www.iphone-ticker.de\/apiv2\/wp\/v2\/users\/1"}],"replies":[{"embeddable":true,"href":"https:\/\/www.iphone-ticker.de\/apiv2\/wp\/v2\/comments?post=130751"}],"version-history":[{"count":2,"href":"https:\/\/www.iphone-ticker.de\/apiv2\/wp\/v2\/posts\/130751\/revisions"}],"predecessor-version":[{"id":130753,"href":"https:\/\/www.iphone-ticker.de\/apiv2\/wp\/v2\/posts\/130751\/revisions\/130753"}],"wp:attachment":[{"href":"https:\/\/www.iphone-ticker.de\/apiv2\/wp\/v2\/media?parent=130751"}],"wp:term":[{"taxonomy":"category","embeddable":true,"href":"https:\/\/www.iphone-ticker.de\/apiv2\/wp\/v2\/categories?post=130751"},{"taxonomy":"post_tag","embeddable":true,"href":"https:\/\/www.iphone-ticker.de\/apiv2\/wp\/v2\/tags?post=130751"}],"curies":[{"name":"wp","href":"https:\/\/api.w.org\/{rel}","templated":true}]}}