{"id":130464,"date":"2018-08-28T14:49:53","date_gmt":"2018-08-28T12:49:53","guid":{"rendered":"https:\/\/www.iphone-ticker.de\/?p=130464"},"modified":"2018-08-28T15:29:56","modified_gmt":"2018-08-28T13:29:56","slug":"anker-aktion-robuste-lightning-kabel-bis-zu-3m-lang-im-angebot","status":"publish","type":"post","link":"https:\/\/www.iphone-ticker.de\/anker-aktion-robuste-lightning-kabel-bis-zu-3m-lang-im-angebot-130464\/","title":{"rendered":"Anker-Aktion: Robuste Lightning-Kabel bis zu 3m lang im Angebot"},"content":{"rendered":"<p>Anker hat auf Amazon gerade eine Sonderaktion f\u00fcr seine mit Nylon ummantelten <a href=\"https:\/\/amzn.to\/2wm5pZo\">Lightning-Kabel Powerline+<\/a> laufen. Mit dem Rabattcode AKPLPLTN gibt es an der Kasse jeweils 25 Prozent Preisnachlass.<\/p>\n<p>Aber aufgepasst, denn nicht immer ist eine solche Sonderaktion gleichbedeutend mit dem besten Preis. In den L\u00e4ngen 0,9 Meter und 1,8 Meter bekommt ihr das Kabel <a href=\"https:\/\/amzn.to\/2MSmKCH\">\u00fcber diesen Link<\/a> in Rot etwas g\u00fcnstiger f\u00fcr 7,99 Euro bzw. 8,99 Euro.<\/p>\n<p><a href=\"https:\/\/images.iphone-ticker.de\/wp-content\/uploads\/2018\/08\/anker-powerline-plus-kabel.jpg\"><img loading=\"lazy\" decoding=\"async\" src=\"https:\/\/images.iphone-ticker.de\/wp-content\/uploads\/2018\/08\/anker-powerline-plus-kabel.jpg\" alt=\"Anker Powerline Plus Kabel\" width=\"500\" height=\"428\" class=\"alignnone size-full wp-image-130467\" srcset=\"https:\/\/images.iphone-ticker.de\/wp-content\/uploads\/2018\/08\/anker-powerline-plus-kabel.jpg 500w, https:\/\/images.iphone-ticker.de\/wp-content\/uploads\/2018\/08\/anker-powerline-plus-kabel-300x257.jpg 300w\" sizes=\"auto, (max-width: 500px) 100vw, 500px\" \/><\/a><\/p>\n<p>Wer die <a href=\"https:\/\/amzn.to\/2wm5pZo\">3-Meter-Version des Kabels<\/a> will, findet mit den 10,49 Euro im Rahmen der Gutschein-Aktion aber in der Tat einen hervorragenden Preis. Bei mir findet das Kabel schon geraume Zeit hinter dem Sofa eingesteckt Verwendung und erlaubt es so, das iPad auch w\u00e4hrend des Ladens komfortabel zu verwenden.<\/p>\n<p>Anker zufolge ist das Kabel mit Nylonmantel und verst\u00e4rkten Belastungspunkten am Stecker sechs mal langlebiger als Konkurrenzprodukte. Wir k\u00f6nnen diese Aussage nicht \u00fcberpr\u00fcfen, das Preis-Leistungs-Verh\u00e4ltnis scheint zumindest im Zusammenhang mit derartigen Sonderaktionen jedenfalls sehr gut.<\/p>\n<script>\r\n  function open_amazon(link) {\r\n    if (navigator.userAgent.indexOf(\"Firefox\") != -1) {\r\n      window.open(link, '_blank');\r\n    } else {\r\n      var tag = document.createElement('a');\r\n      tag.setAttribute('href', link);\r\n      tag.innerHTML = \"amzn\";\r\n      tag.click();\r\n    }\r\n  }\r\n<\/script>\r\n    <div id=\"article-single-amazon-preview\" onclick=\"return open_amazon('https:\/\/www.amazon.de\/dp\/B0177Q07ES?tag=musicweb02&linkCode=ogi&th=1&psc=1');\">\n  <div id=\"article-single-amazon-preview-header\">\n    <span class=\"title\">Produkthinweis<\/span>\n      <\/div>\n  <div id=\"article-single-amazon-preview-content\">\n    <div id=\"article-single-amazon-preview-img\" style=\"background: url('https:\/\/m.media-amazon.com\/images\/I\/51bIpfu+XsL.jpg') center center no-repeat; background-size: cover;\"><\/div>\n    <div id=\"article-single-amazon-preview-desc\">\n      <span class=\"bezeichnung\"><a href=\"https:\/\/www.amazon.de\/dp\/B0177Q07ES?tag=musicweb02&linkCode=ogi&th=1&psc=1\" style=\"text-decoration: none; border-bottom: 0px; box-shadow: none;\">Anker Powerline+ 3m Lightning Kabel iPhone iPad Ladekabel [doppelt mit Nylon umflochten] f\u00fcr iPhone XS\/XS Max\/XR\/X...<\/a><\/span>\n      <span class=\"preis--aktuell\">Aktionspreis<\/span>\n      <span class=\"preis--alt\"><\/span>\n    <\/div>\n  <\/div>\n<\/div>\n","protected":false},"excerpt":{"rendered":"<a href=\"https:\/\/www.iphone-ticker.de\/anker-aktion-robuste-lightning-kabel-bis-zu-3m-lang-im-angebot-130464\/\"><img width=\"150\" height=\"150\" src=\"https:\/\/images.iphone-ticker.de\/wp-content\/uploads\/2018\/08\/anker-powerline-plus-kabel-150x150.jpg\" class=\"alignright tfe wp-post-image\" alt=\"Anker Powerline Plus Kabel\" decoding=\"async\" loading=\"lazy\" \/><\/a><p>Anker hat auf Amazon gerade eine Sonderaktion f\u00fcr seine mit Nylon ummantelten Lightning-Kabel Powerline+ laufen. Mit dem Rabattcode AKPLPLTN gibt es an der Kasse jeweils 25 Prozent Preisnachlass. Aber aufgepasst, denn nicht immer ist eine solche Sonderaktion gleichbedeutend mit dem besten Preis. In den L\u00e4ngen 0,9 Meter und 1,8 Meter bekommt ihr das Kabel \u00fcber [&hellip;]<\/p>\n","protected":false},"author":2,"featured_media":130467,"comment_status":"open","ping_status":"closed","sticky":false,"template":"","format":"standard","meta":{"footnotes":""},"categories":[24],"tags":[2357,258,1653],"class_list":["post-130464","post","type-post","status-publish","format-standard","has-post-thumbnail","hentry","category-zubehor","tag-anker","tag-kabel","tag-lightning"],"aioseo_notices":[],"subheadline":["Powerline+ mit Nylonmantel"],"featured_image":["https:\/\/images.iphone-ticker.de\/wp-content\/uploads\/2018\/08\/anker-powerline-plus-header.jpg"],"rest_api_enabler":{"subheadline":"Powerline+ mit Nylonmantel","featured_image":"https:\/\/images.iphone-ticker.de\/wp-content\/uploads\/2018\/08\/anker-powerline-plus-header.jpg"},"_links":{"self":[{"href":"https:\/\/www.iphone-ticker.de\/apiv2\/wp\/v2\/posts\/130464","targetHints":{"allow":["GET"]}}],"collection":[{"href":"https:\/\/www.iphone-ticker.de\/apiv2\/wp\/v2\/posts"}],"about":[{"href":"https:\/\/www.iphone-ticker.de\/apiv2\/wp\/v2\/types\/post"}],"author":[{"embeddable":true,"href":"https:\/\/www.iphone-ticker.de\/apiv2\/wp\/v2\/users\/2"}],"replies":[{"embeddable":true,"href":"https:\/\/www.iphone-ticker.de\/apiv2\/wp\/v2\/comments?post=130464"}],"version-history":[{"count":5,"href":"https:\/\/www.iphone-ticker.de\/apiv2\/wp\/v2\/posts\/130464\/revisions"}],"predecessor-version":[{"id":130471,"href":"https:\/\/www.iphone-ticker.de\/apiv2\/wp\/v2\/posts\/130464\/revisions\/130471"}],"wp:featuredmedia":[{"embeddable":true,"href":"https:\/\/www.iphone-ticker.de\/apiv2\/wp\/v2\/media\/130467"}],"wp:attachment":[{"href":"https:\/\/www.iphone-ticker.de\/apiv2\/wp\/v2\/media?parent=130464"}],"wp:term":[{"taxonomy":"category","embeddable":true,"href":"https:\/\/www.iphone-ticker.de\/apiv2\/wp\/v2\/categories?post=130464"},{"taxonomy":"post_tag","embeddable":true,"href":"https:\/\/www.iphone-ticker.de\/apiv2\/wp\/v2\/tags?post=130464"}],"curies":[{"name":"wp","href":"https:\/\/api.w.org\/{rel}","templated":true}]}}