{"id":130157,"date":"2018-08-21T10:43:45","date_gmt":"2018-08-21T08:43:45","guid":{"rendered":"https:\/\/www.iphone-ticker.de\/?p=130157"},"modified":"2018-08-21T10:43:45","modified_gmt":"2018-08-21T08:43:45","slug":"o2-kunden-von-bundesweiter-stoerung-betroffen","status":"publish","type":"post","link":"https:\/\/www.iphone-ticker.de\/o2-kunden-von-bundesweiter-stoerung-betroffen-130157\/","title":{"rendered":"O2-Kunden von bundesweiter St\u00f6rung betroffen"},"content":{"rendered":"<p><a href=\"https:\/\/www.o2online.de\">O2<\/a>-Mobilfunkkunden sind seit dem fr\u00fchen Morgen von einer offenbar deutschlandweiten St\u00f6rung betroffen. Wenngleich der Provider mittlerweile mitteilt, dass das Problem behoben wurde, rei\u00dfen die St\u00f6rungsmeldungen derzeit noch nicht ab.<\/p>\n<p><a href=\"https:\/\/images.iphone-ticker.de\/wp-content\/uploads\/2016\/11\/o2.jpg\"><img loading=\"lazy\" decoding=\"async\" src=\"https:\/\/images.iphone-ticker.de\/wp-content\/uploads\/2016\/11\/o2.jpg\" alt=\"O2\" width=\"500\" height=\"343\" class=\"alignnone size-full wp-image-105060\" srcset=\"https:\/\/images.iphone-ticker.de\/wp-content\/uploads\/2016\/11\/o2.jpg 500w, https:\/\/images.iphone-ticker.de\/wp-content\/uploads\/2016\/11\/o2-300x206.jpg 300w\" sizes=\"auto, (max-width: 500px) 100vw, 500px\" \/><\/a><\/p>\n<p>Durch die St\u00f6rung wurden offenbar deutschlandweit das Mobilfunknetz und die mobile Datennutzung beeintr\u00e4chtigt. <\/p>\n<blockquote>\n<p>Heute Morgen zwischen f\u00fcnf und sieben Uhr kam es im Netz von O2 zu Einschr\u00e4nkungen in der mobilen Telefonie und der Datennutzung. Dies betraf jedoch nicht alle Kunden. Inzwischen konnten unsere Techniker die Beeintr\u00e4chtigung erfolgreich beheben, so dass die mobile Telefonie vollst\u00e4ndig und wie gewohnt m\u00f6glich ist. F\u00fcr die entstandenen Unannehmlichkeiten m\u00f6chten wir uns an dieser Stelle ausdr\u00fccklich bei unseren Kunden entschuldigen.<\/p>\n<\/blockquote>\n<p>Betroffenen Nutzern empfiehlt der Provider, ihr Mobiltelefon neu zu starten. Dies scheint derzeit jedoch noch nicht bei allen Nutzern zum gew\u00fcnschten Erfolg zu f\u00fchren. Auch die von O2 bereitgestellte <a href=\"https:\/\/www.o2online.de\/service\/netz-verfuegbarkeit\/netzstoerung\/\">Webseite zur St\u00f6rungspr\u00fcfung<\/a> spuckt derzeit bei der Standortabfrage in gro\u00dfer Zahl St\u00f6rungsmeldungen aus.<\/p>\n<p><a href=\"https:\/\/images.iphone-ticker.de\/wp-content\/uploads\/2018\/08\/o2-netzstoerung.gif\"><img loading=\"lazy\" decoding=\"async\" src=\"https:\/\/images.iphone-ticker.de\/wp-content\/uploads\/2018\/08\/o2-netzstoerung.gif\" alt=\"O2 Netzstoerung\" width=\"700\" height=\"89\" class=\"alignnone size-full wp-image-130158\" \/><\/a><\/p>\n","protected":false},"excerpt":{"rendered":"<a href=\"https:\/\/www.iphone-ticker.de\/o2-kunden-von-bundesweiter-stoerung-betroffen-130157\/\"><img width=\"150\" height=\"89\" src=\"https:\/\/images.iphone-ticker.de\/wp-content\/uploads\/2018\/08\/o2-netzstoerung-150x89.gif\" class=\"alignright tfe wp-post-image\" alt=\"O2 Netzstoerung\" decoding=\"async\" loading=\"lazy\" \/><\/a><p>O2-Mobilfunkkunden sind seit dem fr\u00fchen Morgen von einer offenbar deutschlandweiten St\u00f6rung betroffen. Wenngleich der Provider mittlerweile mitteilt, dass das Problem behoben wurde, rei\u00dfen die St\u00f6rungsmeldungen derzeit noch nicht ab. Durch die St\u00f6rung wurden offenbar deutschlandweit das Mobilfunknetz und die mobile Datennutzung beeintr\u00e4chtigt. Heute Morgen zwischen f\u00fcnf und sieben Uhr kam es im Netz von O2 [&hellip;]<\/p>\n","protected":false},"author":2,"featured_media":130158,"comment_status":"open","ping_status":"closed","sticky":false,"template":"","format":"standard","meta":{"footnotes":""},"categories":[1],"tags":[129,2086],"class_list":["post-130157","post","type-post","status-publish","format-standard","has-post-thumbnail","hentry","category-news","tag-o2","tag-stoerung"],"aioseo_notices":[],"aioseo_head":"\n\t\t<!-- All in One SEO Pro 5.0.1 - aioseo.com -->\n\t<meta name=\"description\" content=\"O2-Mobilfunkkunden sind seit dem fr\u00fchen Morgen von einer offenbar deutschlandweiten St\u00f6rung betroffen. Wenngleich der Provider mittlerweile mitteilt, dass das Problem behoben wurde, rei\u00dfen die St\u00f6rungsmeldungen derzeit noch nicht ab. Durch die St\u00f6rung wurden offenbar deutschlandweit das Mobilfunknetz und die mobile Datennutzung beeintr\u00e4chtigt. Heute Morgen zwischen f\u00fcnf und sieben Uhr kam es im Netz von O2\" \/>\n\t<meta name=\"robots\" content=\"max-image-preview:large\" \/>\n\t<meta name=\"author\" content=\"chris\"\/>\n\t<meta name=\"google-site-verification\" content=\"bRuV4_wqNuoQLypC9HVKibZ0X7EtNyELtju97qgyflM\" \/>\n\t<link rel=\"canonical\" href=\"https:\/\/www.iphone-ticker.de\/o2-kunden-von-bundesweiter-stoerung-betroffen-130157\/\" \/>\n\t<meta name=\"generator\" content=\"All in One SEO Pro (AIOSEO) 5.0.1\" \/>\n\t\t<meta property=\"og:locale\" content=\"de_DE\" \/>\n\t\t<meta property=\"og:site_name\" content=\"iphone-ticker.de | Alles zum iPhone. Seit 2007.\" \/>\n\t\t<meta property=\"og:type\" content=\"article\" \/>\n\t\t<meta property=\"og:title\" content=\"O2-Kunden von bundesweiter St\u00f6rung betroffen | iphone-ticker.de\" \/>\n\t\t<meta property=\"og:description\" content=\"O2-Mobilfunkkunden sind seit dem fr\u00fchen Morgen von einer offenbar deutschlandweiten St\u00f6rung betroffen. Wenngleich der Provider mittlerweile mitteilt, dass das Problem behoben wurde, rei\u00dfen die St\u00f6rungsmeldungen derzeit noch nicht ab. Durch die St\u00f6rung wurden offenbar deutschlandweit das Mobilfunknetz und die mobile Datennutzung beeintr\u00e4chtigt. Heute Morgen zwischen f\u00fcnf und sieben Uhr kam es im Netz von O2\" \/>\n\t\t<meta property=\"og:url\" content=\"https:\/\/www.iphone-ticker.de\/o2-kunden-von-bundesweiter-stoerung-betroffen-130157\/\" \/>\n\t\t<meta property=\"article:published_time\" content=\"2018-08-21T08:43:45+00:00\" \/>\n\t\t<meta property=\"article:modified_time\" content=\"2018-08-21T08:43:45+00:00\" \/>\n\t\t<meta property=\"article:publisher\" content=\"https:\/\/facebook.com\/ifun.de\" \/>\n\t\t<meta name=\"twitter:card\" content=\"summary_large_image\" \/>\n\t\t<meta name=\"twitter:site\" content=\"@iphoneticker\" \/>\n\t\t<meta name=\"twitter:title\" content=\"O2-Kunden von bundesweiter St\u00f6rung betroffen | iphone-ticker.de\" \/>\n\t\t<meta name=\"twitter:description\" content=\"O2-Mobilfunkkunden sind seit dem fr\u00fchen Morgen von einer offenbar deutschlandweiten St\u00f6rung betroffen. Wenngleich der Provider mittlerweile mitteilt, dass das Problem behoben wurde, rei\u00dfen die St\u00f6rungsmeldungen derzeit noch nicht ab. Durch die St\u00f6rung wurden offenbar deutschlandweit das Mobilfunknetz und die mobile Datennutzung beeintr\u00e4chtigt. Heute Morgen zwischen f\u00fcnf und sieben Uhr kam es im Netz von O2\" \/>\n\t\t<meta name=\"twitter:creator\" content=\"@iphoneticker\" \/>\n\t\t<script type=\"application\/ld+json\" class=\"aioseo-schema\">\n\t\t\t{\"@context\":\"https:\\\/\\\/schema.org\",\"@graph\":[{\"@type\":\"BreadcrumbList\",\"@id\":\"https:\\\/\\\/www.iphone-ticker.de\\\/o2-kunden-von-bundesweiter-stoerung-betroffen-130157\\\/#breadcrumblist\",\"itemListElement\":[{\"@type\":\"ListItem\",\"@id\":\"https:\\\/\\\/www.iphone-ticker.de#listItem\",\"position\":1,\"name\":\"Home\",\"item\":\"https:\\\/\\\/www.iphone-ticker.de\",\"nextItem\":{\"@type\":\"ListItem\",\"@id\":\"https:\\\/\\\/www.iphone-ticker.de\\\/category\\\/news\\\/#listItem\",\"name\":\"News\"}},{\"@type\":\"ListItem\",\"@id\":\"https:\\\/\\\/www.iphone-ticker.de\\\/category\\\/news\\\/#listItem\",\"position\":2,\"name\":\"News\",\"item\":\"https:\\\/\\\/www.iphone-ticker.de\\\/category\\\/news\\\/\",\"nextItem\":{\"@type\":\"ListItem\",\"@id\":\"https:\\\/\\\/www.iphone-ticker.de\\\/o2-kunden-von-bundesweiter-stoerung-betroffen-130157\\\/#listItem\",\"name\":\"O2-Kunden von bundesweiter St\\u00f6rung betroffen\"},\"previousItem\":{\"@type\":\"ListItem\",\"@id\":\"https:\\\/\\\/www.iphone-ticker.de#listItem\",\"name\":\"Home\"}},{\"@type\":\"ListItem\",\"@id\":\"https:\\\/\\\/www.iphone-ticker.de\\\/o2-kunden-von-bundesweiter-stoerung-betroffen-130157\\\/#listItem\",\"position\":3,\"name\":\"O2-Kunden von bundesweiter St\\u00f6rung betroffen\",\"previousItem\":{\"@type\":\"ListItem\",\"@id\":\"https:\\\/\\\/www.iphone-ticker.de\\\/category\\\/news\\\/#listItem\",\"name\":\"News\"}}]},{\"@type\":\"NewsArticle\",\"@id\":\"https:\\\/\\\/www.iphone-ticker.de\\\/o2-kunden-von-bundesweiter-stoerung-betroffen-130157\\\/#newsarticle\",\"name\":\"O2-Kunden von bundesweiter St\\u00f6rung betroffen | iphone-ticker.de\",\"headline\":\"O2-Kunden von bundesweiter St\\u00f6rung betroffen\",\"author\":{\"@id\":\"https:\\\/\\\/www.iphone-ticker.de\\\/author\\\/chris\\\/#author\"},\"publisher\":{\"@id\":\"https:\\\/\\\/www.iphone-ticker.de\\\/#organization\"},\"image\":{\"@type\":\"ImageObject\",\"url\":\"https:\\\/\\\/images.iphone-ticker.de\\\/wp-content\\\/uploads\\\/2018\\\/08\\\/o2-netzstoerung.gif\",\"width\":700,\"height\":89,\"caption\":\"O2 Netzstoerung\"},\"datePublished\":\"2018-08-21T10:43:45+02:00\",\"dateModified\":\"2018-08-21T10:43:45+02:00\",\"inLanguage\":\"de-DE\",\"commentCount\":22,\"mainEntityOfPage\":{\"@id\":\"https:\\\/\\\/www.iphone-ticker.de\\\/o2-kunden-von-bundesweiter-stoerung-betroffen-130157\\\/#webpage\"},\"isPartOf\":{\"@id\":\"https:\\\/\\\/www.iphone-ticker.de\\\/o2-kunden-von-bundesweiter-stoerung-betroffen-130157\\\/#webpage\"},\"articleSection\":\"News, O2, St\\u00f6rung\",\"dateline\":\"Ver\\u00f6ffentlicht am August 21, 2018.\"},{\"@type\":\"Organization\",\"@id\":\"https:\\\/\\\/www.iphone-ticker.de\\\/#organization\",\"name\":\"aketo GmbH\",\"description\":\"Die aketo GmbH versorgt das deutschsprachige Internet mit den f\\u00fchrenden Nachrichtenangeboten zu Apple, dem iPhone, dem iPad und Apples Lifestyle-Produkten. Konzepte, Redaktion, Recherchen und Archiv.\",\"url\":\"https:\\\/\\\/www.iphone-ticker.de\\\/\",\"email\":\"ifun.de@gmail.com\",\"telephone\":\"+493057707123\",\"foundingDate\":\"2007-01-01\",\"logo\":{\"@type\":\"ImageObject\",\"url\":\"https:\\\/\\\/images.iphone-ticker.de\\\/wp-content\\\/uploads\\\/2026\\\/02\\\/apple-touch-icon.png\",\"@id\":\"https:\\\/\\\/www.iphone-ticker.de\\\/o2-kunden-von-bundesweiter-stoerung-betroffen-130157\\\/#organizationLogo\",\"width\":1024,\"height\":1024,\"caption\":\"Apple Touch Icon\"},\"image\":{\"@id\":\"https:\\\/\\\/www.iphone-ticker.de\\\/o2-kunden-von-bundesweiter-stoerung-betroffen-130157\\\/#organizationLogo\"},\"sameAs\":[\"https:\\\/\\\/facebook.com\\\/ifun.de\",\"https:\\\/\\\/x.com\\\/iphoneticker\"]},{\"@type\":\"Person\",\"@id\":\"https:\\\/\\\/www.iphone-ticker.de\\\/author\\\/chris\\\/#author\",\"url\":\"https:\\\/\\\/www.iphone-ticker.de\\\/author\\\/chris\\\/\",\"name\":\"chris\"},{\"@type\":\"WebPage\",\"@id\":\"https:\\\/\\\/www.iphone-ticker.de\\\/o2-kunden-von-bundesweiter-stoerung-betroffen-130157\\\/#webpage\",\"url\":\"https:\\\/\\\/www.iphone-ticker.de\\\/o2-kunden-von-bundesweiter-stoerung-betroffen-130157\\\/\",\"name\":\"O2-Kunden von bundesweiter St\\u00f6rung betroffen | iphone-ticker.de\",\"description\":\"O2-Mobilfunkkunden sind seit dem fr\\u00fchen Morgen von einer offenbar deutschlandweiten St\\u00f6rung betroffen. Wenngleich der Provider mittlerweile mitteilt, dass das Problem behoben wurde, rei\\u00dfen die St\\u00f6rungsmeldungen derzeit noch nicht ab. Durch die St\\u00f6rung wurden offenbar deutschlandweit das Mobilfunknetz und die mobile Datennutzung beeintr\\u00e4chtigt. Heute Morgen zwischen f\\u00fcnf und sieben Uhr kam es im Netz von O2\",\"inLanguage\":\"de-DE\",\"isPartOf\":{\"@id\":\"https:\\\/\\\/www.iphone-ticker.de\\\/#website\"},\"breadcrumb\":{\"@id\":\"https:\\\/\\\/www.iphone-ticker.de\\\/o2-kunden-von-bundesweiter-stoerung-betroffen-130157\\\/#breadcrumblist\"},\"author\":{\"@id\":\"https:\\\/\\\/www.iphone-ticker.de\\\/author\\\/chris\\\/#author\"},\"creator\":{\"@id\":\"https:\\\/\\\/www.iphone-ticker.de\\\/author\\\/chris\\\/#author\"},\"image\":{\"@type\":\"ImageObject\",\"url\":\"https:\\\/\\\/images.iphone-ticker.de\\\/wp-content\\\/uploads\\\/2018\\\/08\\\/o2-netzstoerung.gif\",\"@id\":\"https:\\\/\\\/www.iphone-ticker.de\\\/o2-kunden-von-bundesweiter-stoerung-betroffen-130157\\\/#mainImage\",\"width\":700,\"height\":89,\"caption\":\"O2 Netzstoerung\"},\"primaryImageOfPage\":{\"@id\":\"https:\\\/\\\/www.iphone-ticker.de\\\/o2-kunden-von-bundesweiter-stoerung-betroffen-130157\\\/#mainImage\"},\"datePublished\":\"2018-08-21T10:43:45+02:00\",\"dateModified\":\"2018-08-21T10:43:45+02:00\"},{\"@type\":\"WebSite\",\"@id\":\"https:\\\/\\\/www.iphone-ticker.de\\\/#website\",\"url\":\"https:\\\/\\\/www.iphone-ticker.de\\\/\",\"name\":\"iphone-ticker.de\",\"description\":\"Alles zum iPhone. Seit 2007.\",\"inLanguage\":\"de-DE\",\"publisher\":{\"@id\":\"https:\\\/\\\/www.iphone-ticker.de\\\/#organization\"}}]}\n\t\t<\/script>\n\t\t<!-- All in One SEO Pro -->\r\n\t\t<title>O2-Kunden von bundesweiter St\u00f6rung betroffen | iphone-ticker.de<\/title>\n\n","aioseo_head_json":{"title":"O2-Kunden von bundesweiter St\u00f6rung betroffen | iphone-ticker.de","description":"O2-Mobilfunkkunden sind seit dem fr\u00fchen Morgen von einer offenbar deutschlandweiten St\u00f6rung betroffen. Wenngleich der Provider mittlerweile mitteilt, dass das Problem behoben wurde, rei\u00dfen die St\u00f6rungsmeldungen derzeit noch nicht ab. Durch die St\u00f6rung wurden offenbar deutschlandweit das Mobilfunknetz und die mobile Datennutzung beeintr\u00e4chtigt. Heute Morgen zwischen f\u00fcnf und sieben Uhr kam es im Netz von O2","canonical_url":"https:\/\/www.iphone-ticker.de\/o2-kunden-von-bundesweiter-stoerung-betroffen-130157\/","robots":"max-image-preview:large","keywords":"","webmasterTools":{"google-site-verification":"bRuV4_wqNuoQLypC9HVKibZ0X7EtNyELtju97qgyflM","miscellaneous":""},"schema":{"@context":"https:\/\/schema.org","@graph":[{"@type":"BreadcrumbList","@id":"https:\/\/www.iphone-ticker.de\/o2-kunden-von-bundesweiter-stoerung-betroffen-130157\/#breadcrumblist","itemListElement":[{"@type":"ListItem","@id":"https:\/\/www.iphone-ticker.de#listItem","position":1,"name":"Home","item":"https:\/\/www.iphone-ticker.de","nextItem":{"@type":"ListItem","@id":"https:\/\/www.iphone-ticker.de\/category\/news\/#listItem","name":"News"}},{"@type":"ListItem","@id":"https:\/\/www.iphone-ticker.de\/category\/news\/#listItem","position":2,"name":"News","item":"https:\/\/www.iphone-ticker.de\/category\/news\/","nextItem":{"@type":"ListItem","@id":"https:\/\/www.iphone-ticker.de\/o2-kunden-von-bundesweiter-stoerung-betroffen-130157\/#listItem","name":"O2-Kunden von bundesweiter St\u00f6rung betroffen"},"previousItem":{"@type":"ListItem","@id":"https:\/\/www.iphone-ticker.de#listItem","name":"Home"}},{"@type":"ListItem","@id":"https:\/\/www.iphone-ticker.de\/o2-kunden-von-bundesweiter-stoerung-betroffen-130157\/#listItem","position":3,"name":"O2-Kunden von bundesweiter St\u00f6rung betroffen","previousItem":{"@type":"ListItem","@id":"https:\/\/www.iphone-ticker.de\/category\/news\/#listItem","name":"News"}}]},{"@type":"NewsArticle","@id":"https:\/\/www.iphone-ticker.de\/o2-kunden-von-bundesweiter-stoerung-betroffen-130157\/#newsarticle","name":"O2-Kunden von bundesweiter St\u00f6rung betroffen | iphone-ticker.de","headline":"O2-Kunden von bundesweiter St\u00f6rung betroffen","author":{"@id":"https:\/\/www.iphone-ticker.de\/author\/chris\/#author"},"publisher":{"@id":"https:\/\/www.iphone-ticker.de\/#organization"},"image":{"@type":"ImageObject","url":"https:\/\/images.iphone-ticker.de\/wp-content\/uploads\/2018\/08\/o2-netzstoerung.gif","width":700,"height":89,"caption":"O2 Netzstoerung"},"datePublished":"2018-08-21T10:43:45+02:00","dateModified":"2018-08-21T10:43:45+02:00","inLanguage":"de-DE","commentCount":22,"mainEntityOfPage":{"@id":"https:\/\/www.iphone-ticker.de\/o2-kunden-von-bundesweiter-stoerung-betroffen-130157\/#webpage"},"isPartOf":{"@id":"https:\/\/www.iphone-ticker.de\/o2-kunden-von-bundesweiter-stoerung-betroffen-130157\/#webpage"},"articleSection":"News, O2, St\u00f6rung","dateline":"Ver\u00f6ffentlicht am August 21, 2018."},{"@type":"Organization","@id":"https:\/\/www.iphone-ticker.de\/#organization","name":"aketo GmbH","description":"Die aketo GmbH versorgt das deutschsprachige Internet mit den f\u00fchrenden Nachrichtenangeboten zu Apple, dem iPhone, dem iPad und Apples Lifestyle-Produkten. Konzepte, Redaktion, Recherchen und Archiv.","url":"https:\/\/www.iphone-ticker.de\/","email":"ifun.de@gmail.com","telephone":"+493057707123","foundingDate":"2007-01-01","logo":{"@type":"ImageObject","url":"https:\/\/images.iphone-ticker.de\/wp-content\/uploads\/2026\/02\/apple-touch-icon.png","@id":"https:\/\/www.iphone-ticker.de\/o2-kunden-von-bundesweiter-stoerung-betroffen-130157\/#organizationLogo","width":1024,"height":1024,"caption":"Apple Touch Icon"},"image":{"@id":"https:\/\/www.iphone-ticker.de\/o2-kunden-von-bundesweiter-stoerung-betroffen-130157\/#organizationLogo"},"sameAs":["https:\/\/facebook.com\/ifun.de","https:\/\/x.com\/iphoneticker"]},{"@type":"Person","@id":"https:\/\/www.iphone-ticker.de\/author\/chris\/#author","url":"https:\/\/www.iphone-ticker.de\/author\/chris\/","name":"chris"},{"@type":"WebPage","@id":"https:\/\/www.iphone-ticker.de\/o2-kunden-von-bundesweiter-stoerung-betroffen-130157\/#webpage","url":"https:\/\/www.iphone-ticker.de\/o2-kunden-von-bundesweiter-stoerung-betroffen-130157\/","name":"O2-Kunden von bundesweiter St\u00f6rung betroffen | iphone-ticker.de","description":"O2-Mobilfunkkunden sind seit dem fr\u00fchen Morgen von einer offenbar deutschlandweiten St\u00f6rung betroffen. Wenngleich der Provider mittlerweile mitteilt, dass das Problem behoben wurde, rei\u00dfen die St\u00f6rungsmeldungen derzeit noch nicht ab. Durch die St\u00f6rung wurden offenbar deutschlandweit das Mobilfunknetz und die mobile Datennutzung beeintr\u00e4chtigt. Heute Morgen zwischen f\u00fcnf und sieben Uhr kam es im Netz von O2","inLanguage":"de-DE","isPartOf":{"@id":"https:\/\/www.iphone-ticker.de\/#website"},"breadcrumb":{"@id":"https:\/\/www.iphone-ticker.de\/o2-kunden-von-bundesweiter-stoerung-betroffen-130157\/#breadcrumblist"},"author":{"@id":"https:\/\/www.iphone-ticker.de\/author\/chris\/#author"},"creator":{"@id":"https:\/\/www.iphone-ticker.de\/author\/chris\/#author"},"image":{"@type":"ImageObject","url":"https:\/\/images.iphone-ticker.de\/wp-content\/uploads\/2018\/08\/o2-netzstoerung.gif","@id":"https:\/\/www.iphone-ticker.de\/o2-kunden-von-bundesweiter-stoerung-betroffen-130157\/#mainImage","width":700,"height":89,"caption":"O2 Netzstoerung"},"primaryImageOfPage":{"@id":"https:\/\/www.iphone-ticker.de\/o2-kunden-von-bundesweiter-stoerung-betroffen-130157\/#mainImage"},"datePublished":"2018-08-21T10:43:45+02:00","dateModified":"2018-08-21T10:43:45+02:00"},{"@type":"WebSite","@id":"https:\/\/www.iphone-ticker.de\/#website","url":"https:\/\/www.iphone-ticker.de\/","name":"iphone-ticker.de","description":"Alles zum iPhone. Seit 2007.","inLanguage":"de-DE","publisher":{"@id":"https:\/\/www.iphone-ticker.de\/#organization"}}]},"og:locale":"de_DE","og:site_name":"iphone-ticker.de | Alles zum iPhone. Seit 2007.","og:type":"article","og:title":"O2-Kunden von bundesweiter St\u00f6rung betroffen | iphone-ticker.de","og:description":"O2-Mobilfunkkunden sind seit dem fr\u00fchen Morgen von einer offenbar deutschlandweiten St\u00f6rung betroffen. Wenngleich der Provider mittlerweile mitteilt, dass das Problem behoben wurde, rei\u00dfen die St\u00f6rungsmeldungen derzeit noch nicht ab. Durch die St\u00f6rung wurden offenbar deutschlandweit das Mobilfunknetz und die mobile Datennutzung beeintr\u00e4chtigt. Heute Morgen zwischen f\u00fcnf und sieben Uhr kam es im Netz von O2","og:url":"https:\/\/www.iphone-ticker.de\/o2-kunden-von-bundesweiter-stoerung-betroffen-130157\/","article:published_time":"2018-08-21T08:43:45+00:00","article:modified_time":"2018-08-21T08:43:45+00:00","article:publisher":"https:\/\/facebook.com\/ifun.de","twitter:card":"summary_large_image","twitter:site":"@iphoneticker","twitter:title":"O2-Kunden von bundesweiter St\u00f6rung betroffen | iphone-ticker.de","twitter:description":"O2-Mobilfunkkunden sind seit dem fr\u00fchen Morgen von einer offenbar deutschlandweiten St\u00f6rung betroffen. Wenngleich der Provider mittlerweile mitteilt, dass das Problem behoben wurde, rei\u00dfen die St\u00f6rungsmeldungen derzeit noch nicht ab. Durch die St\u00f6rung wurden offenbar deutschlandweit das Mobilfunknetz und die mobile Datennutzung beeintr\u00e4chtigt. Heute Morgen zwischen f\u00fcnf und sieben Uhr kam es im Netz von O2","twitter:creator":"@iphoneticker"},"aioseo_meta_data":{"post_id":"130157","title":null,"description":null,"keywords":null,"keyphrases":null,"primary_term":null,"canonical_url":null,"og_title":null,"og_description":null,"og_object_type":"default","og_image_type":"default","og_image_url":null,"og_image_width":null,"og_image_height":null,"og_image_custom_url":null,"og_image_custom_fields":null,"og_video":null,"og_custom_url":null,"og_article_section":null,"og_article_tags":null,"twitter_use_og":false,"twitter_card":"default","twitter_image_type":"default","twitter_image_url":null,"twitter_image_custom_url":null,"twitter_image_custom_fields":null,"twitter_title":null,"twitter_description":null,"schema":{"blockGraphs":[],"customGraphs":[],"default":{"data":{"Article":[],"Course":[],"Dataset":[],"FAQPage":[],"Movie":[],"Person":[],"Product":[],"ProductReview":[],"Car":[],"Recipe":[],"Service":[],"SoftwareApplication":[],"WebPage":[]},"graphName":"NewsArticle","isEnabled":true},"graphs":[]},"schema_type":"default","schema_type_options":null,"pillar_content":false,"robots_default":true,"robots_noindex":false,"robots_noarchive":false,"robots_nosnippet":false,"robots_nofollow":false,"robots_noimageindex":false,"robots_noodp":false,"robots_notranslate":false,"robots_max_snippet":null,"robots_max_videopreview":null,"robots_max_imagepreview":"large","priority":null,"frequency":null,"local_seo":null,"seo_analyzer_scan_date":"2026-07-14 07:13:55","breadcrumb_settings":null,"limit_modified_date":false,"open_ai":null,"ai":null,"created":"2026-02-20 02:51:19","updated":"2026-07-14 07:13:55","focus_keyword":null,"additional_keywords":null,"truseo_locale":null},"aioseo_breadcrumb":"<div class=\"aioseo-breadcrumbs\"><span class=\"aioseo-breadcrumb\">\n\t<a href=\"https:\/\/www.iphone-ticker.de\" title=\"Home\">Home<\/a>\n<\/span><span class=\"aioseo-breadcrumb-separator\">\u00bb<\/span><span class=\"aioseo-breadcrumb\">\n\t<a href=\"https:\/\/www.iphone-ticker.de\/category\/news\/\" title=\"News\">News<\/a>\n<\/span><span class=\"aioseo-breadcrumb-separator\">\u00bb<\/span><span class=\"aioseo-breadcrumb\">\n\tO2-Kunden von bundesweiter St\u00f6rung betroffen\n<\/span><\/div>","aioseo_breadcrumb_json":[{"label":"Home","link":"https:\/\/www.iphone-ticker.de"},{"label":"News","link":"https:\/\/www.iphone-ticker.de\/category\/news\/"},{"label":"O2-Kunden von bundesweiter St\u00f6rung betroffen","link":"https:\/\/www.iphone-ticker.de\/o2-kunden-von-bundesweiter-stoerung-betroffen-130157\/"}],"subheadline":["Telefonie- und Datendienste betroffen"],"featured_image":["https:\/\/images.iphone-ticker.de\/wp-content\/uploads\/2017\/09\/o2-zentrale.jpg"],"rest_api_enabler":{"subheadline":"Telefonie- und Datendienste betroffen","featured_image":"https:\/\/images.iphone-ticker.de\/wp-content\/uploads\/2017\/09\/o2-zentrale.jpg"},"_links":{"self":[{"href":"https:\/\/www.iphone-ticker.de\/apiv2\/wp\/v2\/posts\/130157","targetHints":{"allow":["GET"]}}],"collection":[{"href":"https:\/\/www.iphone-ticker.de\/apiv2\/wp\/v2\/posts"}],"about":[{"href":"https:\/\/www.iphone-ticker.de\/apiv2\/wp\/v2\/types\/post"}],"author":[{"embeddable":true,"href":"https:\/\/www.iphone-ticker.de\/apiv2\/wp\/v2\/users\/2"}],"replies":[{"embeddable":true,"href":"https:\/\/www.iphone-ticker.de\/apiv2\/wp\/v2\/comments?post=130157"}],"version-history":[{"count":3,"href":"https:\/\/www.iphone-ticker.de\/apiv2\/wp\/v2\/posts\/130157\/revisions"}],"predecessor-version":[{"id":130161,"href":"https:\/\/www.iphone-ticker.de\/apiv2\/wp\/v2\/posts\/130157\/revisions\/130161"}],"wp:featuredmedia":[{"embeddable":true,"href":"https:\/\/www.iphone-ticker.de\/apiv2\/wp\/v2\/media\/130158"}],"wp:attachment":[{"href":"https:\/\/www.iphone-ticker.de\/apiv2\/wp\/v2\/media?parent=130157"}],"wp:term":[{"taxonomy":"category","embeddable":true,"href":"https:\/\/www.iphone-ticker.de\/apiv2\/wp\/v2\/categories?post=130157"},{"taxonomy":"post_tag","embeddable":true,"href":"https:\/\/www.iphone-ticker.de\/apiv2\/wp\/v2\/tags?post=130157"}],"curies":[{"name":"wp","href":"https:\/\/api.w.org\/{rel}","templated":true}]}}