{"id":129867,"date":"2018-08-14T07:51:18","date_gmt":"2018-08-14T05:51:18","guid":{"rendered":"https:\/\/www.iphone-ticker.de\/?p=129867"},"modified":"2018-08-14T07:51:55","modified_gmt":"2018-08-14T05:51:55","slug":"airpower-apples-ladematte-soll-ueber-22-spulen-verfuegen","status":"publish","type":"post","link":"https:\/\/www.iphone-ticker.de\/airpower-apples-ladematte-soll-ueber-22-spulen-verfuegen-129867\/","title":{"rendered":"AirPower: Apples Ladematte soll \u00fcber 22 Spulen verf\u00fcgen"},"content":{"rendered":"<p>Die chinesische Webseite Chongdiantou <a href=\"http:\/\/www.chongdiantou.com\/wp\/archives\/26814.html#\">will neue Informationen<\/a> zu Apples versp\u00e4teter Ladematte, der drahtlosen AirPower-Station zusammengetragen haben, die iPhone, Apple Watch und AirPods gleichzeitig laden und laut Apple noch im laufenden Jahr erscheinen soll. <\/p>\n<p><a href=\"https:\/\/images.iphone-ticker.de\/wp-content\/uploads\/2018\/04\/apple-airpower.jpg\"><img loading=\"lazy\" decoding=\"async\" src=\"https:\/\/images.iphone-ticker.de\/wp-content\/uploads\/2018\/04\/apple-airpower.jpg\" alt=\"Apple Airpower\" width=\"500\" height=\"279\" class=\"aligncenter size-full wp-image-124945\" srcset=\"https:\/\/images.iphone-ticker.de\/wp-content\/uploads\/2018\/04\/apple-airpower.jpg 500w, https:\/\/images.iphone-ticker.de\/wp-content\/uploads\/2018\/04\/apple-airpower-300x167.jpg 300w\" sizes=\"auto, (max-width: 500px) 100vw, 500px\" \/><\/a><\/p>\n<p>So wird die Matte (erwartungsgem\u00e4\u00df) mit allen iPhone-Modellen kompatibel sein, die Apple im Rahmen des diesj\u00e4hrigen Herbst-Events pr\u00e4sentieren wird und soll etwa $150 kosten. <\/p>\n<p>Um zu gew\u00e4hrleisten, dass die Ladematte alle Ger\u00e4te, egal wie aufgelegt, z\u00fcgig l\u00e4dt, soll Apple ganze 22 Spulen in ihrem Inneren Verbaut haben. Zum Vergleich: Auch speziell angepasste iPhone-Ladeger\u00e4te wie <a rel=\"noindex, nofollow\" href=\"http:\/\/www.ifun.de\/amzn\/B07CNV6BX2\">dieses 7,5W-Modell<\/a> von Choetech besitzen aktuell lediglich zwei Spulen. Die 22 AirPower-Spulen \u00fcberlappen nicht, sondern sind wie Kacheln nebeneinander angebracht und k\u00f6nnen pr\u00e4zise angesteuert werden. <\/p>\n<p>Ausschlaggebend f\u00fcr die lange Verz\u00f6gerung des Marktstarts soll die komplette \u00dcberarbeitung des Logik-Chips in der Matte gewesen sein. Initial wurde die AirPower-Matte vor \u00fcber 333 Tagen vorgestellt &#8211; <a href=\"https:\/\/www.ifun.de\/vor-bald-333-tagen-die-airpower-praesentation-im-video-125711\/\">ifun.de berichtete am Donnerstag<\/a>.<\/p>\n<h2>Die AirPower-Pr\u00e4sentation im Video<\/h2>\n<p><div class=\"responsive-video\"><iframe loading=\"lazy\" src=\"https:\/\/www.youtube-nocookie.com\/embed\/4yVXOdJo7TQ\" width=\"700\" height=\"371\" frameborder=\"0\" allowfullscreen=\"allowfullscreen\"><\/iframe><\/div><\/p>\n<h2>Zum Nachlesen:<\/h2>\n<ul>\n<li><a href=\"https:\/\/www.ifun.de\/?p=125711\">Vor bald 333 Tagen: Die AirPower-Pr\u00e4sentation im Video<\/a><\/li>\n<li><a title=\"AirPower: Vor mehr als 200 Tagen angek\u00fcndigt und nichts in Sicht\" href=\"https:\/\/www.iphone-ticker.de\/airpower-vor-ueber-200-tagen-angekuendigt-und-nichts-in-sicht-124943\/\">AirPower: Vor mehr als 200 Tagen angek\u00fcndigt und nichts in Sicht<\/a><\/li>\n<li><a title=\"Verkaufsstart verschoben: Apples AirPower-Matte wartet auf die AirPods 2\" href=\"https:\/\/www.iphone-ticker.de\/verkaufsstart-verschoben-apples-airpower-matte-wartet-auf-die-airpods-2-125384\/\">Verkaufsstart verschoben: Apples AirPower-Matte wartet auf die AirPods 2<\/a><\/li>\n<li><a title=\"AirPower: Apple k\u00e4mpft offensichtlich mit Produktionsproblemen\" href=\"https:\/\/www.iphone-ticker.de\/airpower-apple-kaempft-offensichtlich-mit-produktionsproblemen-127574\/\">AirPower: Apple k\u00e4mpft offensichtlich mit Produktionsproblemen<\/a><\/li>\n<\/ul>\n","protected":false},"excerpt":{"rendered":"<a href=\"https:\/\/www.iphone-ticker.de\/airpower-apples-ladematte-soll-ueber-22-spulen-verfuegen-129867\/\"><img decoding=\"async\" width=\"150\" src=\"https:\/\/images.iphone-ticker.de\/wp-content\/uploads\/2018\/04\/apple-airpower.jpg\" class=\"alignright wp-post-image tfe\" alt=\"Apple Airpower\" title=\"\" \/><\/a><p>Die chinesische Webseite Chongdiantou will neue Informationen zu Apples versp\u00e4teter Ladematte, der drahtlosen AirPower-Station zusammengetragen haben, die iPhone, Apple Watch und AirPods gleichzeitig laden und laut Apple noch im laufenden Jahr erscheinen soll. So wird die Matte (erwartungsgem\u00e4\u00df) mit allen iPhone-Modellen kompatibel sein, die Apple im Rahmen des diesj\u00e4hrigen Herbst-Events pr\u00e4sentieren wird und soll etwa [&hellip;]<\/p>\n","protected":false},"author":1,"featured_media":0,"comment_status":"open","ping_status":"closed","sticky":false,"template":"","format":"standard","meta":{"footnotes":""},"categories":[14],"tags":[4058,3912,2064,3910],"class_list":["post-129867","post","type-post","status-publish","format-standard","hentry","category-apple","tag-airpower","tag-apple","tag-geruechte","tag-rumors"],"aioseo_notices":[],"featured_image":["https:\/\/images.iphone-ticker.de\/wp-content\/uploads\/2017\/11\/apple-airpower-ladematte.jpg"],"subheadline":["Kostenpunkt: Wohl $150"],"rest_api_enabler":{"featured_image":"https:\/\/images.iphone-ticker.de\/wp-content\/uploads\/2017\/11\/apple-airpower-ladematte.jpg","subheadline":"Kostenpunkt: Wohl $150"},"_links":{"self":[{"href":"https:\/\/www.iphone-ticker.de\/apiv2\/wp\/v2\/posts\/129867","targetHints":{"allow":["GET"]}}],"collection":[{"href":"https:\/\/www.iphone-ticker.de\/apiv2\/wp\/v2\/posts"}],"about":[{"href":"https:\/\/www.iphone-ticker.de\/apiv2\/wp\/v2\/types\/post"}],"author":[{"embeddable":true,"href":"https:\/\/www.iphone-ticker.de\/apiv2\/wp\/v2\/users\/1"}],"replies":[{"embeddable":true,"href":"https:\/\/www.iphone-ticker.de\/apiv2\/wp\/v2\/comments?post=129867"}],"version-history":[{"count":2,"href":"https:\/\/www.iphone-ticker.de\/apiv2\/wp\/v2\/posts\/129867\/revisions"}],"predecessor-version":[{"id":129869,"href":"https:\/\/www.iphone-ticker.de\/apiv2\/wp\/v2\/posts\/129867\/revisions\/129869"}],"wp:attachment":[{"href":"https:\/\/www.iphone-ticker.de\/apiv2\/wp\/v2\/media?parent=129867"}],"wp:term":[{"taxonomy":"category","embeddable":true,"href":"https:\/\/www.iphone-ticker.de\/apiv2\/wp\/v2\/categories?post=129867"},{"taxonomy":"post_tag","embeddable":true,"href":"https:\/\/www.iphone-ticker.de\/apiv2\/wp\/v2\/tags?post=129867"}],"curies":[{"name":"wp","href":"https:\/\/api.w.org\/{rel}","templated":true}]}}