{"id":129852,"date":"2018-08-13T16:51:00","date_gmt":"2018-08-13T14:51:00","guid":{"rendered":"https:\/\/www.iphone-ticker.de\/?p=129852"},"modified":"2018-08-13T16:51:59","modified_gmt":"2018-08-13T14:51:59","slug":"belkins-schutzfolien-system-die-geschichte-des-goldesels-trueclear","status":"publish","type":"post","link":"https:\/\/www.iphone-ticker.de\/belkins-schutzfolien-system-die-geschichte-des-goldesels-trueclear-129852\/","title":{"rendered":"Belkins Schutzfolien-System: Die Geschichte des Goldesels &#8222;TrueClear&#8220;"},"content":{"rendered":"<p>Ein <a href=\"https:\/\/www.core77.com\/posts\/79184\/Inside-Belkin-Part-2-The-Industrial-Design-Process-of-the-TrueClear-Pro\">spannender Bericht<\/a>: Rain Noe hat sich in Ruhe und ganz ausf\u00fchrlich mit Belkins Oliver Seil unterhalten und den deutschen &#8222;Vice President of Design&#8220; \u00fcber den Designprozess des sogenannten TrueClear Pro ausgefragt.<\/p>\n<p><a href=\"https:\/\/images.iphone-ticker.de\/wp-content\/uploads\/2018\/08\/belkin.jpg\"><img decoding=\"async\" class=\"aligncenter size-large wp-image-129853\" src=\"https:\/\/images.iphone-ticker.de\/wp-content\/uploads\/2018\/08\/belkin-1024x772.jpg\" alt=\"Belkin\" width=\"500\" srcset=\"https:\/\/images.iphone-ticker.de\/wp-content\/uploads\/2018\/08\/belkin-1024x772.jpg 1024w, https:\/\/images.iphone-ticker.de\/wp-content\/uploads\/2018\/08\/belkin-300x226.jpg 300w, https:\/\/images.iphone-ticker.de\/wp-content\/uploads\/2018\/08\/belkin.jpg 1446w\" sizes=\"(max-width: 1024px) 100vw, 1024px\" \/><\/a><\/p>\n<h6><a href=\"https:\/\/www.core77.com\/gallery\/79197\/A-Slideshow-of-Belkins-Facilities-an-Industrial-Designers-Playground#image=31\">Belkins Produkt-Designer bei der Arbeit<\/a><\/h6>\n<p>Der TrueClear Pro ist eine Maschine, mit der Belkin das Aufbringen von Display-Schutzfolien weitgehend automatisiert hat und die dabei so problemlos funktioniert, dass Apple das System seit 2016 sogar <a href=\"https:\/\/www.iphone-ticker.de\/bildschirmschutz-belkin-invisiglass-ultra-fuer-iphone-x-wieder-erhaeltlich-122760\/\">in den eigenen Filialen<\/a> verwendet.<\/p>\n<p>W\u00e4hrend das Aufbringen von Schutzfolien \u00fcber Jahre hinweg fast nie ohne das Zur\u00fcckbleiben von mikroskopisch kleinen Fusseln oder Blasen abgeschlossen werden konnte, sorgte Belkins TrueClear Pro erstmals f\u00fcr vern\u00fcnftige Ergebnisse, die sich (in relativ kurzer Zeit) zuverl\u00e4ssig reproduzieren lie\u00dfen.<\/p>\n<p><a href=\"https:\/\/images.iphone-ticker.de\/wp-content\/uploads\/2018\/08\/belkingeraete.jpg\"><img loading=\"lazy\" decoding=\"async\" class=\"aligncenter size-large wp-image-129854\" src=\"https:\/\/images.iphone-ticker.de\/wp-content\/uploads\/2018\/08\/belkingeraete-1024x579.jpg\" alt=\"Belkingeraete\" width=\"1024\" height=\"579\" srcset=\"https:\/\/images.iphone-ticker.de\/wp-content\/uploads\/2018\/08\/belkingeraete-1024x579.jpg 1024w, https:\/\/images.iphone-ticker.de\/wp-content\/uploads\/2018\/08\/belkingeraete-300x170.jpg 300w, https:\/\/images.iphone-ticker.de\/wp-content\/uploads\/2018\/08\/belkingeraete.jpg 1454w\" sizes=\"auto, (max-width: 1024px) 100vw, 1024px\" \/><\/a><\/p>\n<h6><a href=\"https:\/\/www.core77.com\/gallery\/79209\/Inside-Belkin-Part-3-A-Slideshow-of-the-Prototypes-for-the-TrueClear-Pro#image=4\">Die unterschiedlichen Ger\u00e4te-Generationen<\/a><\/h6>\n<p>Neben zwei <a href=\"https:\/\/www.core77.com\/gallery\/79197\/A-Slideshow-of-Belkins-Facilities-an-Industrial-Designers-Playground\">hervorragenden<\/a> <a href=\"https:\/\/www.core77.com\/gallery\/79209\/Inside-Belkin-Part-3-A-Slideshow-of-the-Prototypes-for-the-TrueClear-Pro\">Bilder-Galerien<\/a> aus den Katakomben der bei Belkin besch\u00e4ftigten Industriedesigner, geht die auf core77.com ver\u00f6ffentlichte Story nicht nur auf die Entstehungsgeschichte des TrueClear Pro ein, sondern fragt auch nach Motivation und Umsatzzahlen.<\/p>\n<p>Letztgenannte verschweigt der Artikel zwar, die eingefahrenen Ums\u00e4tze m\u00fcssen jedoch gigantisch sein: Seit Einf\u00fchrung der Maschine sind die Schutzfolien-Verk\u00e4ufe Belkins um den Faktor 8 angewachsen.<\/p>\n<blockquote><p><b>Core77 fragt<\/b>: Das Belkin-Ger\u00e4t, das ich im Apple Store sah, wurde entwickelt, um ein Problem zu l\u00f6sen. Was ist das f\u00fcr ein Problem? Und: Wie bist du darauf aufmerksam geworden?<\/p>\n<p><b>Oliver Seil antwortet<\/b>: Ein Mitglied unseres europ\u00e4ischen Teams hatte brachte es auf den Punkt: Smartphones bekommen gr\u00f6\u00dfere Bildschirme, und die Leute machen sich sorgen, diese zu zerbrechen. Sie wollen Schutzfolien &#8211; aber weil diese so schwer zu applizieren sind, verkauft der Einzelhandel nur wenige &#8211; vor allem wollen sie vom Kunden nicht darum gebeten werden, diese selbst aufzukleben. Die Angestellten haben keine Lust darauf &#8211; der Vorgang kostet Zeit, ist stressig und normalerweise nicht erfolgreich. Darin lag eine gro\u00dfe Chance. K\u00f6nnten wir das Problem l\u00f6sen w\u00fcrden wir deutlich mehr Schutzfolien verkaufen k\u00f6nnen &#8211; die Verk\u00e4ufer im Einzelhandel h\u00e4tten wieder Lust die Produkte zu verkaufen.<\/p><\/blockquote>\n<p><div class=\"responsive-video\"><iframe loading=\"lazy\" src=\"https:\/\/www.youtube-nocookie.com\/embed\/RKB39uDnh-I\" width=\"700\" height=\"371\" frameborder=\"0\" allowfullscreen=\"allowfullscreen\"><\/iframe><\/div><\/p>\n<h2>Zum Nachlesen:<\/h2>\n<ul>\n<li><a title=\"Neue Apple-Dienstleistung: Store-Mitarbeiter \u201emontieren\u201c Bildschirmschutzfolie\" href=\"https:\/\/www.iphone-ticker.de\/neue-apple-dienstleistung-store-mitarbeiter-montieren-bildschirmschutzfolie-92453\/\">Neue Apple-Dienstleistung: Store-Mitarbeiter \u201emontieren\u201c Bildschirmschutzfolie<\/a><\/li>\n<li><a title=\"ScreenCare+ auch in Deutschland: Belkins Schutzfolien-System im Video\" href=\"https:\/\/www.iphone-ticker.de\/screencare-belkins-schutzfolien-system-im-video-92612\/\">ScreenCare+ auch in Deutschland: Belkins Schutzfolien-System im Video<\/a><\/li>\n<li><a title=\"Apple nimmt Belkin InvisiGlass Ultra Displayschutzfolie f\u00fcr iPhone X aus dem Programm\" href=\"https:\/\/www.iphone-ticker.de\/apple-nimmt-belkin-invisiglass-ultra-displayschutzfolie-fuer-iphone-x-aus-dem-programm-120683\/\">Apple nimmt Belkin InvisiGlass Ultra Displayschutzfolie f\u00fcr iPhone X aus dem Programm<\/a><\/li>\n<li><a title=\"Bildschirmschutz Belkin InvisiGlass Ultra f\u00fcr iPhone X wieder erh\u00e4ltlich\" href=\"https:\/\/www.iphone-ticker.de\/bildschirmschutz-belkin-invisiglass-ultra-fuer-iphone-x-wieder-erhaeltlich-122760\/\">Bildschirmschutz Belkin InvisiGlass Ultra f\u00fcr iPhone X wieder erh\u00e4ltlich<\/a><\/li>\n<\/ul>\n","protected":false},"excerpt":{"rendered":"<a href=\"https:\/\/www.iphone-ticker.de\/belkins-schutzfolien-system-die-geschichte-des-goldesels-trueclear-129852\/\"><img width=\"150\" height=\"150\" src=\"https:\/\/images.iphone-ticker.de\/wp-content\/uploads\/2018\/08\/belkingeraete-150x150.jpg\" class=\"alignright tfe wp-post-image\" alt=\"Belkingeraete\" decoding=\"async\" loading=\"lazy\" \/><\/a><p>Ein spannender Bericht: Rain Noe hat sich in Ruhe und ganz ausf\u00fchrlich mit Belkins Oliver Seil unterhalten und den deutschen &#8222;Vice President of Design&#8220; \u00fcber den Designprozess des sogenannten TrueClear Pro ausgefragt. Belkins Produkt-Designer bei der Arbeit Der TrueClear Pro ist eine Maschine, mit der Belkin das Aufbringen von Display-Schutzfolien weitgehend automatisiert hat und die [&hellip;]<\/p>\n","protected":false},"author":1,"featured_media":129854,"comment_status":"open","ping_status":"closed","sticky":false,"template":"","format":"standard","meta":{"footnotes":""},"categories":[24],"tags":[3912,28,216,348,5239],"class_list":["post-129852","post","type-post","status-publish","format-standard","has-post-thumbnail","hentry","category-zubehor","tag-apple","tag-belkin","tag-interview","tag-schutzfolie","tag-zubehoer"],"aioseo_notices":[],"subheadline":["Interview-Empfehlung"],"featured_image":["https:\/\/images.iphone-ticker.de\/wp-content\/uploads\/2016\/02\/belkin-trueclear-header.jpg"],"rest_api_enabler":{"subheadline":"Interview-Empfehlung","featured_image":"https:\/\/images.iphone-ticker.de\/wp-content\/uploads\/2016\/02\/belkin-trueclear-header.jpg"},"_links":{"self":[{"href":"https:\/\/www.iphone-ticker.de\/apiv2\/wp\/v2\/posts\/129852","targetHints":{"allow":["GET"]}}],"collection":[{"href":"https:\/\/www.iphone-ticker.de\/apiv2\/wp\/v2\/posts"}],"about":[{"href":"https:\/\/www.iphone-ticker.de\/apiv2\/wp\/v2\/types\/post"}],"author":[{"embeddable":true,"href":"https:\/\/www.iphone-ticker.de\/apiv2\/wp\/v2\/users\/1"}],"replies":[{"embeddable":true,"href":"https:\/\/www.iphone-ticker.de\/apiv2\/wp\/v2\/comments?post=129852"}],"version-history":[{"count":3,"href":"https:\/\/www.iphone-ticker.de\/apiv2\/wp\/v2\/posts\/129852\/revisions"}],"predecessor-version":[{"id":129857,"href":"https:\/\/www.iphone-ticker.de\/apiv2\/wp\/v2\/posts\/129852\/revisions\/129857"}],"wp:featuredmedia":[{"embeddable":true,"href":"https:\/\/www.iphone-ticker.de\/apiv2\/wp\/v2\/media\/129854"}],"wp:attachment":[{"href":"https:\/\/www.iphone-ticker.de\/apiv2\/wp\/v2\/media?parent=129852"}],"wp:term":[{"taxonomy":"category","embeddable":true,"href":"https:\/\/www.iphone-ticker.de\/apiv2\/wp\/v2\/categories?post=129852"},{"taxonomy":"post_tag","embeddable":true,"href":"https:\/\/www.iphone-ticker.de\/apiv2\/wp\/v2\/tags?post=129852"}],"curies":[{"name":"wp","href":"https:\/\/api.w.org\/{rel}","templated":true}]}}