{"id":128655,"date":"2018-07-17T15:49:14","date_gmt":"2018-07-17T13:49:14","guid":{"rendered":"https:\/\/www.iphone-ticker.de\/?p=128655"},"modified":"2018-07-17T15:49:14","modified_gmt":"2018-07-17T13:49:14","slug":"die-2018er-iphones-fotos-der-frontpanels-und-erste-huellen-im-video","status":"publish","type":"post","link":"https:\/\/www.iphone-ticker.de\/die-2018er-iphones-fotos-der-frontpanels-und-erste-huellen-im-video-128655\/","title":{"rendered":"Die 2018er-iPhones: Fotos der Frontpanels und erste H\u00fcllen im Video"},"content":{"rendered":"<p>Wenn es so kommt wie <a href=\"https:\/\/www.iphone-ticker.de\/bericht-apple-plant-super-iphone-als-tablet-ersatz-126542\/\">erwartet<\/a>, wird Apple auch in diesem Herbst drei neue iPhone-Modelle vorstellen, alle drei mit vollfl\u00e4chigem Bildschirm und eines davon in \u00dcbergr\u00f6\u00dfe.<\/p>\n<p>Die Nachfolge von iPhone 8 und iPhone 8 Plus soll ein Ger\u00e4t mit 6 oder 6,1 Zoll gro\u00dfem, g\u00fcnstigerem LCD-Bildschirm antreten. Erg\u00e4nzend sei neben einem mit dem iPhone X (5,8\u201c) quasi identisch gro\u00dfen neuen OLED-Modell zus\u00e4tzlich noch ein \u201eSuper-iPhone\u201c mit 6,4 oder 6,5 Zoll Bildschirmgr\u00f6\u00dfe geplant. Zum Vergleich: Der Abstand zum kleinen iPad mini mit 7,9 Zoll gro\u00dfem Bildschirm schrumpft damit nochmal merklich, Apples bisherige Plus-Modelle verf\u00fcgen \u00fcber einen 5,5 Zoll gro\u00dfen Bildschirm.<\/p>\n<p><a href=\"https:\/\/images.iphone-ticker.de\/wp-content\/uploads\/2018\/07\/iphone-2018-front-panel.jpg\"><img loading=\"lazy\" decoding=\"async\" src=\"https:\/\/images.iphone-ticker.de\/wp-content\/uploads\/2018\/07\/iphone-2018-front-panel.jpg\" alt=\"Iphone 2018 Front Panel\" width=\"700\" height=\"991\" class=\"alignnone size-full wp-image-128657\" srcset=\"https:\/\/images.iphone-ticker.de\/wp-content\/uploads\/2018\/07\/iphone-2018-front-panel.jpg 700w, https:\/\/images.iphone-ticker.de\/wp-content\/uploads\/2018\/07\/iphone-2018-front-panel-212x300.jpg 212w\" sizes=\"auto, (max-width: 700px) 100vw, 700px\" \/><\/a><\/p>\n<p>Die Hinweise darauf, dass sich das iPhone-Programm tats\u00e4chlich in diese Richtung entwickelt, nehmen jedenfalls stetig zu. Der f\u00fcr seine zuverl\u00e4ssigen Quellen bekannte Twitter-Nutzer <a href=\"https:\/\/twitter.com\/VenyaGeskin1\/status\/1019123637939556352\">Ben Geskin<\/a> hat nun Fotos ver\u00f6ffentlicht (oben), die angeblich erstmals die Front-Panels der kommenden iPhone-Modelle zeigen. Bemerkenswert ist hier der etwas dickere Rahmen beim \u201eg\u00fcnstigen\u201c Modell mit 6,1 Zoll Bildschirmgr\u00f6\u00dfe.<\/p>\n<p>Der deutsche Apple-H\u00e4ndler <a href=\"http:\/\/www.arktis.de\/?sPartner=777\" title=\"Arktis.de\">Arktis.de<\/a> schickt uns derweil ein Video von den ersten H\u00fcllen f\u00fcr die kommenden iPhone-Modelle. Wie schon in den vergangenen Jahren sind unabh\u00e4ngige Zubeh\u00f6rhersteller schon mit Schutzh\u00fcllen zur Stelle, bevor Apple die neuen iPhones \u00fcberhaupt vorgestellt hat. Auch hier lag die Trefferquote bislang aber durchweg im oberen Bereich und so werden die Wetten auf die gezeigten Geh\u00e4useformen mehr und mehr zur sicheren Bank.<\/p>\n<p><div class=\"responsive-video\"><iframe loading=\"lazy\" width=\"700\" height=\"315\" src=\"https:\/\/www.youtube-nocookie.com\/embed\/rfGbrEPIQQs\" frameborder=\"0\" allow=\"autoplay; encrypted-media\" allowfullscreen><\/iframe><\/div><\/p>\n","protected":false},"excerpt":{"rendered":"<a href=\"https:\/\/www.iphone-ticker.de\/die-2018er-iphones-fotos-der-frontpanels-und-erste-huellen-im-video-128655\/\"><img width=\"150\" height=\"150\" src=\"https:\/\/images.iphone-ticker.de\/wp-content\/uploads\/2018\/07\/iphone-2018-huellen-150x150.jpg\" class=\"alignright tfe wp-post-image\" alt=\"Iphone 2018 Huellen\" decoding=\"async\" loading=\"lazy\" \/><\/a><p>Wenn es so kommt wie erwartet, wird Apple auch in diesem Herbst drei neue iPhone-Modelle vorstellen, alle drei mit vollfl\u00e4chigem Bildschirm und eines davon in \u00dcbergr\u00f6\u00dfe. Die Nachfolge von iPhone 8 und iPhone 8 Plus soll ein Ger\u00e4t mit 6 oder 6,1 Zoll gro\u00dfem, g\u00fcnstigerem LCD-Bildschirm antreten. Erg\u00e4nzend sei neben einem mit dem iPhone X [&hellip;]<\/p>\n","protected":false},"author":2,"featured_media":128658,"comment_status":"open","ping_status":"closed","sticky":false,"template":"","format":"standard","meta":{"footnotes":""},"categories":[749],"tags":[4157],"class_list":["post-128655","post","type-post","status-publish","format-standard","has-post-thumbnail","hentry","category-iphone-2","tag-iphone-2018"],"aioseo_notices":[],"subheadline":["Weitere Hinweise auf 3 neue Modelle"],"featured_image":["https:\/\/images.iphone-ticker.de\/wp-content\/uploads\/2018\/07\/iphone-2018-huellen.jpg"],"rest_api_enabler":{"subheadline":"Weitere Hinweise auf 3 neue Modelle","featured_image":"https:\/\/images.iphone-ticker.de\/wp-content\/uploads\/2018\/07\/iphone-2018-huellen.jpg"},"_links":{"self":[{"href":"https:\/\/www.iphone-ticker.de\/apiv2\/wp\/v2\/posts\/128655","targetHints":{"allow":["GET"]}}],"collection":[{"href":"https:\/\/www.iphone-ticker.de\/apiv2\/wp\/v2\/posts"}],"about":[{"href":"https:\/\/www.iphone-ticker.de\/apiv2\/wp\/v2\/types\/post"}],"author":[{"embeddable":true,"href":"https:\/\/www.iphone-ticker.de\/apiv2\/wp\/v2\/users\/2"}],"replies":[{"embeddable":true,"href":"https:\/\/www.iphone-ticker.de\/apiv2\/wp\/v2\/comments?post=128655"}],"version-history":[{"count":3,"href":"https:\/\/www.iphone-ticker.de\/apiv2\/wp\/v2\/posts\/128655\/revisions"}],"predecessor-version":[{"id":128660,"href":"https:\/\/www.iphone-ticker.de\/apiv2\/wp\/v2\/posts\/128655\/revisions\/128660"}],"wp:featuredmedia":[{"embeddable":true,"href":"https:\/\/www.iphone-ticker.de\/apiv2\/wp\/v2\/media\/128658"}],"wp:attachment":[{"href":"https:\/\/www.iphone-ticker.de\/apiv2\/wp\/v2\/media?parent=128655"}],"wp:term":[{"taxonomy":"category","embeddable":true,"href":"https:\/\/www.iphone-ticker.de\/apiv2\/wp\/v2\/categories?post=128655"},{"taxonomy":"post_tag","embeddable":true,"href":"https:\/\/www.iphone-ticker.de\/apiv2\/wp\/v2\/tags?post=128655"}],"curies":[{"name":"wp","href":"https:\/\/api.w.org\/{rel}","templated":true}]}}