{"id":127574,"date":"2018-06-19T20:43:39","date_gmt":"2018-06-19T18:43:39","guid":{"rendered":"https:\/\/www.iphone-ticker.de\/?p=127574"},"modified":"2018-06-21T15:09:13","modified_gmt":"2018-06-21T13:09:13","slug":"airpower-apple-kaempft-offensichtlich-mit-produktionsproblemen","status":"publish","type":"post","link":"https:\/\/www.iphone-ticker.de\/airpower-apple-kaempft-offensichtlich-mit-produktionsproblemen-127574\/","title":{"rendered":"AirPower: Apple k\u00e4mpft offensichtlich mit Produktionsproblemen"},"content":{"rendered":"<p>Mittlerweile ist es 280 Tage her, seit Apple die drahtlose Ladematte <a href=\"https:\/\/www.iphone-ticker.de\/apple-stellt-das-iphone-x-vor-116535#AirPower\" title=\"AirPower\">AirPower<\/a> angek\u00fcndigt hat und es bestehen wohl kaum Zweifel daran, dass unvorhergesehene und massive Produktionsprobleme f\u00fcr die Verz\u00f6gerung verantwortlich sind. Apple hat sich bei der Ank\u00fcndigung zwar auf keinen konkreten Zeitraum festgelegt, doch gibt es keine schl\u00fcssige Erkl\u00e4rung daf\u00fcr, warum Tim Cook interessierten Kunden bereis im September 2017 den Mund w\u00e4ssrig machen sollte, wenn die Markteinf\u00fchrung erst Monate oder gar ein Jahr sp\u00e4ter geplant ist.<\/p>\n<p><a href=\"https:\/\/images.iphone-ticker.de\/wp-content\/uploads\/2018\/06\/airpower-fake.jpg\"><img loading=\"lazy\" decoding=\"async\" src=\"https:\/\/images.iphone-ticker.de\/wp-content\/uploads\/2018\/06\/airpower-fake.jpg\" alt=\"Airpower Fake\" width=\"500\" height=\"327\" class=\"alignnone size-full wp-image-127578\" srcset=\"https:\/\/images.iphone-ticker.de\/wp-content\/uploads\/2018\/06\/airpower-fake.jpg 500w, https:\/\/images.iphone-ticker.de\/wp-content\/uploads\/2018\/06\/airpower-fake-300x196.jpg 300w\" sizes=\"auto, (max-width: 500px) 100vw, 500px\" \/><\/a><\/p>\n<p>Um das Ganze in Relation zu setzen: Das erste iPhone wurde knapp sechs Monate vor seinem Verkaufsstart angek\u00fcndigt und die Apple Watch wurde uns rund sieben Monate vorab pr\u00e4sentiert. Auf AirPower warten wir nun schon mehr als neun Monate, dabei handelt es sich hier lediglich um eine Qi-Ladematte.<\/p>\n<p>Der Fairness halber muss man jedoch anmerken, dass Apple hier nicht einfach ein weiteres Ladepad mit integrierter Standardspule bauen will, sondern durchaus h\u00f6here Anspr\u00fcche hat. AirPower soll es erm\u00f6glichen, dass bis zu drei Ger\u00e4te frei positioniert darauf abgelegt werden k\u00f6nnen und geladen werden, darunter auch die Apple Watch.<\/p>\n<p>Gerade mit Blick auf die Apple-Uhr darf man das Produkt mit Spannung erwarten. Abh\u00e4ngig vom verwendeten Armband ist die Apple Watch n\u00e4mlich nicht unbedingt geneigt dazu, flach und satt auf einer Oberfl\u00e4che aufzuliegen. Der mit der Uhr mitgelieferte Ladepuck umschifft diese Klippe durch seine erh\u00f6hte Position und einen integrierten Magnet.<\/p>\n<h2>Apple hat Qi-Experten eingekauft<\/h2>\n<p>Die fachliche Kompetenz sollte Apple mittlerweile ja im Haus haben. Im Oktober vergangenen Jahres hat der iPhone-Hersteller den Qi-Spezialisten PowerbyProxi <a href=\"https:\/\/www.iphone-ticker.de\/airpower-apple-holt-qi-spezialisten-an-bord-118186\/\" title=\"AirPower: Apple holt Qi-Spezialisten an Bord\">\u00fcbernommen<\/a>. Wir wollen nicht hoffen, dass mit der Entwicklung von AirPower im Anschluss an diesen Firmenkauf wieder bei Null begonnen wurde. Wobei dies nicht unbedingt die schlechteste Wahl w\u00e4re, falls die mittlerweile verst\u00e4rkt auftretenden <a href=\"https:\/\/www.reddit.com\/r\/apple\/comments\/8olmpu\/theres_still_no_sign_of_apples_airpower_charging\/e05oc7f\/\">Ger\u00fcchte<\/a> zutreffen, dass Apple hier Probleme mit \u00dcberhitzung hat. Die starke W\u00e4rmeentwicklung beim gleichzeitigen Laden mehrerer Ger\u00e4te k\u00f6nne im schlimmsten Fall deren Akku besch\u00e4digen und Apple wolle nicht in eine Situation kommen, wie sie Samsung mit den brennenden Akkus des Galaxy Note 7 hinter sich hat.<\/p>\n<p>Unsere Bilder zeigen \u00fcbrigens einen China-Fake des Apple-Ladeger\u00e4ts, der zwar auch mehrere Ger\u00e4te gleichzeitig laden kann, allerdings auf getrennte Spulen setzt. Die Ger\u00e4te m\u00fcssen also exakt platziert werden, f\u00fcr die Apple Watch ist zudem eine kleine Kuhle mit Magnet integriert.<img loading=\"lazy\" decoding=\"async\" src=\"http:\/\/vg01.met.vgwort.de\/na\/81ee6026debe475ea89010ab2fb598cf\" width=\"1\" height=\"1\" class=\"tracking\"><\/p>\n","protected":false},"excerpt":{"rendered":"<a href=\"https:\/\/www.iphone-ticker.de\/airpower-apple-kaempft-offensichtlich-mit-produktionsproblemen-127574\/\"><img width=\"150\" height=\"150\" src=\"https:\/\/images.iphone-ticker.de\/wp-content\/uploads\/2018\/06\/airpower-apple-watch-header-150x150.jpg\" class=\"alignright tfe wp-post-image\" alt=\"Airpower Apple Watch Header\" decoding=\"async\" loading=\"lazy\" \/><\/a><p>Mittlerweile ist es 280 Tage her, seit Apple die drahtlose Ladematte AirPower angek\u00fcndigt hat und es bestehen wohl kaum Zweifel daran, dass unvorhergesehene und massive Produktionsprobleme f\u00fcr die Verz\u00f6gerung verantwortlich sind. Apple hat sich bei der Ank\u00fcndigung zwar auf keinen konkreten Zeitraum festgelegt, doch gibt es keine schl\u00fcssige Erkl\u00e4rung daf\u00fcr, warum Tim Cook interessierten Kunden [&hellip;]<\/p>\n","protected":false},"author":2,"featured_media":127580,"comment_status":"open","ping_status":"closed","sticky":false,"template":"","format":"standard","meta":{"footnotes":""},"categories":[1,1975],"tags":[4058,3912,45],"class_list":["post-127574","post","type-post","status-publish","format-standard","has-post-thumbnail","hentry","category-news","category-feature","tag-airpower","tag-apple","tag-ladegerat"],"aioseo_notices":[],"subheadline":["\u00dcberhitzen die Ger\u00e4te?"],"featured_image":["https:\/\/images.iphone-ticker.de\/wp-content\/uploads\/2018\/06\/airpower-apple-watch-header.jpg"],"rest_api_enabler":{"subheadline":"\u00dcberhitzen die Ger\u00e4te?","featured_image":"https:\/\/images.iphone-ticker.de\/wp-content\/uploads\/2018\/06\/airpower-apple-watch-header.jpg"},"_links":{"self":[{"href":"https:\/\/www.iphone-ticker.de\/apiv2\/wp\/v2\/posts\/127574","targetHints":{"allow":["GET"]}}],"collection":[{"href":"https:\/\/www.iphone-ticker.de\/apiv2\/wp\/v2\/posts"}],"about":[{"href":"https:\/\/www.iphone-ticker.de\/apiv2\/wp\/v2\/types\/post"}],"author":[{"embeddable":true,"href":"https:\/\/www.iphone-ticker.de\/apiv2\/wp\/v2\/users\/2"}],"replies":[{"embeddable":true,"href":"https:\/\/www.iphone-ticker.de\/apiv2\/wp\/v2\/comments?post=127574"}],"version-history":[{"count":8,"href":"https:\/\/www.iphone-ticker.de\/apiv2\/wp\/v2\/posts\/127574\/revisions"}],"predecessor-version":[{"id":127585,"href":"https:\/\/www.iphone-ticker.de\/apiv2\/wp\/v2\/posts\/127574\/revisions\/127585"}],"wp:featuredmedia":[{"embeddable":true,"href":"https:\/\/www.iphone-ticker.de\/apiv2\/wp\/v2\/media\/127580"}],"wp:attachment":[{"href":"https:\/\/www.iphone-ticker.de\/apiv2\/wp\/v2\/media?parent=127574"}],"wp:term":[{"taxonomy":"category","embeddable":true,"href":"https:\/\/www.iphone-ticker.de\/apiv2\/wp\/v2\/categories?post=127574"},{"taxonomy":"post_tag","embeddable":true,"href":"https:\/\/www.iphone-ticker.de\/apiv2\/wp\/v2\/tags?post=127574"}],"curies":[{"name":"wp","href":"https:\/\/api.w.org\/{rel}","templated":true}]}}