{"id":127149,"date":"2018-06-10T13:36:11","date_gmt":"2018-06-10T11:36:11","guid":{"rendered":"https:\/\/www.iphone-ticker.de\/?p=127149"},"modified":"2018-06-11T11:15:03","modified_gmt":"2018-06-11T09:15:03","slug":"apple-watch-series-3-lte-kuenftig-auch-bei-vodafone-erhaeltlich","status":"publish","type":"post","link":"https:\/\/www.iphone-ticker.de\/apple-watch-series-3-lte-kuenftig-auch-bei-vodafone-erhaeltlich-127149\/","title":{"rendered":"Apple Watch Series 3 LTE k\u00fcnftig auch bei Vodafone erh\u00e4ltlich"},"content":{"rendered":"<p><a href=\"http:\/\/partners.webmasterplan.com\/click.asp?ref=274936&amp;site=2906&amp;type=text&amp;tnb=394\">Vodafone<\/a> ist nach der Telekom nun offiziell zweiter Anbieter der <a href=\"http:\/\/ifun.de\/applestore\/http:\/\/www.apple.com\/de\/shop\/buy-watch\/apple-watch\" title=\"Apple Watch 3 LTE\">Apple Watch Series 3<\/a> mit LTE-Funktion in Deutschland. Apple hat die Erg\u00e4nzung bereits im <a href=\"https:\/\/www.apple.com\/de\/watch\/cellular\/\">Anbieterverzeichnis<\/a> nachgetragen, die <a href=\"http:\/\/www.vodafone.de\/apple-watch-series-3\" title=\"Vodafone\">Produktseite bei Vodafone<\/a> ist aktuell noch nicht freigeschaltet.<\/p>\n<p>Die Erweiterung des Vertriebsweges kommt nicht v\u00f6llig \u00fcberraschend. Vodafone hat bereits zu Jahresbeginn <a href=\"https:\/\/www.iphone-ticker.de\/vodafone-esim-fuer-die-apple-watch-tests-laufen-aktuell-123267\/\">best\u00e4tigt<\/a>, dass entsprechende Vorbereitungen laufen und in Stellungnahmen in Kundenforum stets auf den Sommer <a href=\"https:\/\/forum.vodafone.de\/t5\/Apple\/Apple-Watch-Series-3-Wifi-amp-Cellular-mit-Vodafone\/m-p\/1663281#M53323\">verwiesen<\/a>. Begleitend dazu wurde uns mitgeteilt, dass die f\u00fcr die Apple Watch ben\u00f6tigte eSIM voraussichtlich ab Mitte Juni verf\u00fcgbar sei. Wir gehen davon aus, dass Vodafone in den n\u00e4chsten Tagen detaillierte Informationen nachliefert. <\/p>\n<p><a href=\"https:\/\/images.iphone-ticker.de\/wp-content\/uploads\/2018\/06\/apple-watch-series-3-lte-vodafone-1.jpg\"><img loading=\"lazy\" decoding=\"async\" src=\"https:\/\/images.iphone-ticker.de\/wp-content\/uploads\/2018\/06\/apple-watch-series-3-lte-vodafone-1.jpg\" alt=\"Apple Watch Series 3 Lte Vodafone\" width=\"700\" height=\"338\" class=\"alignnone size-full wp-image-127153\" srcset=\"https:\/\/images.iphone-ticker.de\/wp-content\/uploads\/2018\/06\/apple-watch-series-3-lte-vodafone-1.jpg 700w, https:\/\/images.iphone-ticker.de\/wp-content\/uploads\/2018\/06\/apple-watch-series-3-lte-vodafone-1-300x145.jpg 300w\" sizes=\"auto, (max-width: 700px) 100vw, 700px\" \/><\/a><\/p>\n<p>Die Apple Watch Series 3 wurde im September vergangenen Jahres vorgestellt und ist erstmals mit einem eigenen LTE-Modul ausgestattet. Die f\u00fcr den Betrieb ben\u00f6tigte digitale SIM-Karte <a href=\"https:\/\/www.iphone-ticker.de\/apple-watch-series-3-so-funktioniert-die-esim-116577\/\" title=\"Apple Watch Series 3: So funktioniert die eSIM\">eSIM<\/a> wurde f\u00fcr die Apple Watch zun\u00e4chst nur von der Telekom angeboten.<\/p>\n<blockquote>\n<p>Mit der Apple&nbsp;Watch Series&nbsp;3 mit Mobilfunk kannst du telefonieren, Nach\u00adrichten&nbsp;senden und Musik streamen \u2013 alles ohne dein Telefon.<\/p>\n<\/blockquote>\n<p><h8>Danke Tim<\/h8><\/p>\n","protected":false},"excerpt":{"rendered":"<a href=\"https:\/\/www.iphone-ticker.de\/apple-watch-series-3-lte-kuenftig-auch-bei-vodafone-erhaeltlich-127149\/\"><img width=\"150\" height=\"150\" src=\"https:\/\/images.iphone-ticker.de\/wp-content\/uploads\/2018\/06\/apple-watch-series-3-lte-vodafone-1-150x150.jpg\" class=\"alignright tfe wp-post-image\" alt=\"Apple Watch Series 3 Lte Vodafone\" decoding=\"async\" loading=\"lazy\" \/><\/a><p>Vodafone ist nach der Telekom nun offiziell zweiter Anbieter der Apple Watch Series 3 mit LTE-Funktion in Deutschland. Apple hat die Erg\u00e4nzung bereits im Anbieterverzeichnis nachgetragen, die Produktseite bei Vodafone ist aktuell noch nicht freigeschaltet. Die Erweiterung des Vertriebsweges kommt nicht v\u00f6llig \u00fcberraschend. Vodafone hat bereits zu Jahresbeginn best\u00e4tigt, dass entsprechende Vorbereitungen laufen und in [&hellip;]<\/p>\n","protected":false},"author":2,"featured_media":127153,"comment_status":"open","ping_status":"closed","sticky":false,"template":"","format":"standard","meta":{"footnotes":""},"categories":[1,1975],"tags":[2759,900,38],"class_list":["post-127149","post","type-post","status-publish","format-standard","has-post-thumbnail","hentry","category-news","category-feature","tag-apple-watch","tag-lte","tag-vodafone"],"aioseo_notices":[],"subheadline":["eSIM in K\u00fcrze verf\u00fcgbar"],"featured_image":["https:\/\/images.iphone-ticker.de\/wp-content\/uploads\/2017\/09\/apple-watch-cellular-header.jpg"],"rest_api_enabler":{"subheadline":"eSIM in K\u00fcrze verf\u00fcgbar","featured_image":"https:\/\/images.iphone-ticker.de\/wp-content\/uploads\/2017\/09\/apple-watch-cellular-header.jpg"},"_links":{"self":[{"href":"https:\/\/www.iphone-ticker.de\/apiv2\/wp\/v2\/posts\/127149","targetHints":{"allow":["GET"]}}],"collection":[{"href":"https:\/\/www.iphone-ticker.de\/apiv2\/wp\/v2\/posts"}],"about":[{"href":"https:\/\/www.iphone-ticker.de\/apiv2\/wp\/v2\/types\/post"}],"author":[{"embeddable":true,"href":"https:\/\/www.iphone-ticker.de\/apiv2\/wp\/v2\/users\/2"}],"replies":[{"embeddable":true,"href":"https:\/\/www.iphone-ticker.de\/apiv2\/wp\/v2\/comments?post=127149"}],"version-history":[{"count":5,"href":"https:\/\/www.iphone-ticker.de\/apiv2\/wp\/v2\/posts\/127149\/revisions"}],"predecessor-version":[{"id":127156,"href":"https:\/\/www.iphone-ticker.de\/apiv2\/wp\/v2\/posts\/127149\/revisions\/127156"}],"wp:featuredmedia":[{"embeddable":true,"href":"https:\/\/www.iphone-ticker.de\/apiv2\/wp\/v2\/media\/127153"}],"wp:attachment":[{"href":"https:\/\/www.iphone-ticker.de\/apiv2\/wp\/v2\/media?parent=127149"}],"wp:term":[{"taxonomy":"category","embeddable":true,"href":"https:\/\/www.iphone-ticker.de\/apiv2\/wp\/v2\/categories?post=127149"},{"taxonomy":"post_tag","embeddable":true,"href":"https:\/\/www.iphone-ticker.de\/apiv2\/wp\/v2\/tags?post=127149"}],"curies":[{"name":"wp","href":"https:\/\/api.w.org\/{rel}","templated":true}]}}