{"id":127114,"date":"2018-06-08T11:51:47","date_gmt":"2018-06-08T09:51:47","guid":{"rendered":"https:\/\/www.iphone-ticker.de\/?p=127114"},"modified":"2018-06-08T11:51:47","modified_gmt":"2018-06-08T09:51:47","slug":"facebook-fehler-fuehrte-zu-falschen-privatsphaere-einstellungen","status":"publish","type":"post","link":"https:\/\/www.iphone-ticker.de\/facebook-fehler-fuehrte-zu-falschen-privatsphaere-einstellungen-127114\/","title":{"rendered":"Facebook-Fehler f\u00fchrte zu falschen Privatsph\u00e4re-Einstellungen"},"content":{"rendered":"<p>Unregelm\u00e4\u00dfigkeiten im Bereich Datenschutz z\u00e4hlen zu den Dingen, die <a href=\"https:\/\/www.facebook.com\">Facebook<\/a> im Moment am wenigsten brauchen kann. Dementsprechend schwer d\u00fcrfte es dem f\u00fcr diesen Bereich verantwortlichen Manager Erin Egan gefallen sein, eine Fehlfunktion im Zusammenhang mit den Privatsph\u00e4re-Einstellungen f\u00fcr neu ver\u00f6ffentlichte Beitr\u00e4ge <a href=\"https:\/\/newsroom.fb.com\/news\/2018\/06\/audience-selector-error\/\">einzugestehen<\/a>.<\/p>\n<p><a href=\"https:\/\/images.iphone-ticker.de\/wp-content\/uploads\/2018\/06\/facebook-wer-kann-einen-beitrag-sehen.jpg\"><img loading=\"lazy\" decoding=\"async\" src=\"https:\/\/images.iphone-ticker.de\/wp-content\/uploads\/2018\/06\/facebook-wer-kann-einen-beitrag-sehen.jpg\" alt=\"Facebook Wer Kann Einen Beitrag Sehen\" width=\"500\" height=\"339\" class=\"alignnone size-full wp-image-127116\" srcset=\"https:\/\/images.iphone-ticker.de\/wp-content\/uploads\/2018\/06\/facebook-wer-kann-einen-beitrag-sehen.jpg 500w, https:\/\/images.iphone-ticker.de\/wp-content\/uploads\/2018\/06\/facebook-wer-kann-einen-beitrag-sehen-300x203.jpg 300w\" sizes=\"auto, (max-width: 500px) 100vw, 500px\" \/><\/a><\/p>\n<p>F\u00fcr einen begrenzten Zeitraum wurden n\u00e4mlich bei rund 14 Millionen Facebook-Nutzern alle neue Beitr\u00e4ge zun\u00e4chst als \u201e\u00d6ffentlich\u201c markiert. Die Voreinstellung lie\u00df sich zwar vor der Freigabe des Eintrags noch \u00e4ndern, wer sich allerdings darauf verlassen hat, dass Facebook hier wie gewohnt die zuletzt gew\u00e4hlte Einstellung \u00fcbernommen hat, wurde unter Umst\u00e4nden kalt erwischt.<\/p>\n<p>Als Komfort-Feature schl\u00e4gt Facebook beim Verfassen eines neuen Beitrags hier stets die zuletzt genutzte Option vor. Ein Automatismus, der bei etlichen Nutzern dazu gef\u00fchrt hat, dieser Einstellung keine gesonderte Beachtung mehr zu schenken. Vielleicht nehmt ihr diese Meldung zum Anlass, diesen Bereich k\u00fcnftig wieder verst\u00e4rkt ins Auge zu fassen.<\/p>\n<p>Facebook erkl\u00e4rt den Fehler mit einer technischen Umstellung und verspricht, alle betroffenen Nutzer direkt \u00fcber das Problem zu informieren. Das Problem selbst sei umgehend wieder behoben worden.<\/p>\n<p><a href=\"https:\/\/images.iphone-ticker.de\/wp-content\/uploads\/2018\/06\/facebook-datenschutz-panne.jpg\"><img loading=\"lazy\" decoding=\"async\" src=\"https:\/\/images.iphone-ticker.de\/wp-content\/uploads\/2018\/06\/facebook-datenschutz-panne.jpg\" alt=\"Facebook Datenschutz Panne\" width=\"700\" height=\"525\" class=\"alignnone size-full wp-image-127115\" srcset=\"https:\/\/images.iphone-ticker.de\/wp-content\/uploads\/2018\/06\/facebook-datenschutz-panne.jpg 700w, https:\/\/images.iphone-ticker.de\/wp-content\/uploads\/2018\/06\/facebook-datenschutz-panne-300x225.jpg 300w\" sizes=\"auto, (max-width: 700px) 100vw, 700px\" \/><\/a><\/p>\n","protected":false},"excerpt":{"rendered":"<a href=\"https:\/\/www.iphone-ticker.de\/facebook-fehler-fuehrte-zu-falschen-privatsphaere-einstellungen-127114\/\"><img width=\"150\" height=\"150\" src=\"https:\/\/images.iphone-ticker.de\/wp-content\/uploads\/2018\/06\/facebook-datenschutz-panne-150x150.jpg\" class=\"alignright tfe wp-post-image\" alt=\"Facebook Datenschutz Panne\" decoding=\"async\" loading=\"lazy\" \/><\/a><p>Unregelm\u00e4\u00dfigkeiten im Bereich Datenschutz z\u00e4hlen zu den Dingen, die Facebook im Moment am wenigsten brauchen kann. Dementsprechend schwer d\u00fcrfte es dem f\u00fcr diesen Bereich verantwortlichen Manager Erin Egan gefallen sein, eine Fehlfunktion im Zusammenhang mit den Privatsph\u00e4re-Einstellungen f\u00fcr neu ver\u00f6ffentlichte Beitr\u00e4ge einzugestehen. F\u00fcr einen begrenzten Zeitraum wurden n\u00e4mlich bei rund 14 Millionen Facebook-Nutzern alle neue [&hellip;]<\/p>\n","protected":false},"author":2,"featured_media":127115,"comment_status":"open","ping_status":"closed","sticky":false,"template":"","format":"standard","meta":{"footnotes":""},"categories":[1],"tags":[],"class_list":["post-127114","post","type-post","status-publish","format-standard","has-post-thumbnail","hentry","category-news"],"aioseo_notices":[],"subheadline":["\"\u00d6ffentlich\" als Standard-Vorschlag"],"featured_image":["https:\/\/images.iphone-ticker.de\/wp-content\/uploads\/2017\/03\/facebook-stories-header.jpg"],"rest_api_enabler":{"subheadline":"\"\u00d6ffentlich\" als Standard-Vorschlag","featured_image":"https:\/\/images.iphone-ticker.de\/wp-content\/uploads\/2017\/03\/facebook-stories-header.jpg"},"_links":{"self":[{"href":"https:\/\/www.iphone-ticker.de\/apiv2\/wp\/v2\/posts\/127114","targetHints":{"allow":["GET"]}}],"collection":[{"href":"https:\/\/www.iphone-ticker.de\/apiv2\/wp\/v2\/posts"}],"about":[{"href":"https:\/\/www.iphone-ticker.de\/apiv2\/wp\/v2\/types\/post"}],"author":[{"embeddable":true,"href":"https:\/\/www.iphone-ticker.de\/apiv2\/wp\/v2\/users\/2"}],"replies":[{"embeddable":true,"href":"https:\/\/www.iphone-ticker.de\/apiv2\/wp\/v2\/comments?post=127114"}],"version-history":[{"count":1,"href":"https:\/\/www.iphone-ticker.de\/apiv2\/wp\/v2\/posts\/127114\/revisions"}],"predecessor-version":[{"id":127117,"href":"https:\/\/www.iphone-ticker.de\/apiv2\/wp\/v2\/posts\/127114\/revisions\/127117"}],"wp:featuredmedia":[{"embeddable":true,"href":"https:\/\/www.iphone-ticker.de\/apiv2\/wp\/v2\/media\/127115"}],"wp:attachment":[{"href":"https:\/\/www.iphone-ticker.de\/apiv2\/wp\/v2\/media?parent=127114"}],"wp:term":[{"taxonomy":"category","embeddable":true,"href":"https:\/\/www.iphone-ticker.de\/apiv2\/wp\/v2\/categories?post=127114"},{"taxonomy":"post_tag","embeddable":true,"href":"https:\/\/www.iphone-ticker.de\/apiv2\/wp\/v2\/tags?post=127114"}],"curies":[{"name":"wp","href":"https:\/\/api.w.org\/{rel}","templated":true}]}}