{"id":126915,"date":"2018-06-05T09:37:52","date_gmt":"2018-06-05T07:37:52","guid":{"rendered":"https:\/\/www.iphone-ticker.de\/?p=126915"},"modified":"2018-06-05T09:38:01","modified_gmt":"2018-06-05T07:38:01","slug":"watchos-5-mit-walkie-talkie-angekuendigt-im-september-2014","status":"publish","type":"post","link":"https:\/\/www.iphone-ticker.de\/watchos-5-mit-walkie-talkie-angekuendigt-im-september-2014-126915\/","title":{"rendered":"watchOS 5 mit Walkie-Talkie: Angek\u00fcndigt im September 2014"},"content":{"rendered":"<p>Selbst in Apples offizieller <a href=\"https:\/\/www.apple.com\/newsroom\/2018\/06\/watchos-5-adds-powerful-activity-and-communications-features-to-apple-watch\/\">Pressemitteilung zu watchOS 5<\/a> nimmt der gestern angek\u00fcndigte Walkie-Talkie einen prominenten Platz ein. <\/p>\n<p><a href=\"https:\/\/images.iphone-ticker.de\/wp-content\/uploads\/2018\/06\/walk.jpg\"><img loading=\"lazy\" decoding=\"async\" src=\"https:\/\/images.iphone-ticker.de\/wp-content\/uploads\/2018\/06\/walk.jpg\" alt=\"Walk\" width=\"500\" height=\"400\" class=\"aligncenter size-full wp-image-126917\" srcset=\"https:\/\/images.iphone-ticker.de\/wp-content\/uploads\/2018\/06\/walk.jpg 500w, https:\/\/images.iphone-ticker.de\/wp-content\/uploads\/2018\/06\/walk-300x240.jpg 300w\" sizes=\"auto, (max-width: 500px) 100vw, 500px\" \/><\/a><\/p>\n<h6>Apple Watch: Die Walkie-Talkie-Ank\u00fcndigung von 2014<\/h6>\n<p>Bereits in der \u00dcberschrift macht Apple auf die &#8222;leistungsstarke Kommunikationsfunktion&#8220; aufmerksam und erinnert uns damit an die Vorstellung der Apple Watch auf Apples September-Event 2014. <\/p>\n<p>Schon damals <a href=\"https:\/\/www.iphone-ticker.de\/apple-watch-wo-bleibt-eigentlich-der-walkie-talkie-89729\/\">versprach Apple<\/a> die baldige Verf\u00fcgbarkeit eines Walkie-Talkie, zeigt im eigenen Online-Portal eine Vorschaugrafik und notierte<\/p>\n<blockquote><p>&#8222;Walkie-Talkie. Es muss nicht immer ein Anruf sein. Mit dem eingebauten Lautsprecher und Mikro kannst du auch spontane Botschaften und Soundschnipsel verschicken.&#8220;<\/p><\/blockquote>\n<p>Geliefert wurde bislang bekanntlich nicht. Jetzt, vier Jahre sp\u00e4ter, soll watchOS 5 die Walkie-Talkie-Funktion nun nachr\u00fcsten. Diesmal schreibt Apple: <\/p>\n<blockquote><p>watchOS 5 f\u00fchrt Walkie-Talkie ein, eine v\u00f6llig neue Art der Kommunikation mit der Stimme und nur einem Fingertipp. Die neue Uhr-zu-Uhr Verbindung ist eine lustige und einfache Art mit Freunden und Familie schnell pers\u00f6nlich in Kontakt zu treten und kann zwischen allen kompatiblen Apple Watch-Nutzern weltweit \u00fcber Wi-Fi oder Mobilfunkverbindung aktiviert werden. Walkie-Talkie ist nicht in China, Pakistan und Vereinigte Arabische Emirate verf\u00fcgbar.<\/p><\/blockquote>\n<p><div class=\"responsive-video\"><iframe loading=\"lazy\" width=\"700\" height=\"371\" src=\"https:\/\/www.youtube-nocookie.com\/embed\/KvFEpjXQaeE\" frameborder=\"0\" allowfullscreen><\/iframe><\/div><\/p>\n","protected":false},"excerpt":{"rendered":"<a href=\"https:\/\/www.iphone-ticker.de\/watchos-5-mit-walkie-talkie-angekuendigt-im-september-2014-126915\/\"><img width=\"150\" height=\"150\" src=\"https:\/\/images.iphone-ticker.de\/wp-content\/uploads\/2018\/06\/walkie-talkie-1-150x150.jpg\" class=\"alignright tfe wp-post-image\" alt=\"Walkie Talkie\" decoding=\"async\" loading=\"lazy\" \/><\/a><p>Selbst in Apples offizieller Pressemitteilung zu watchOS 5 nimmt der gestern angek\u00fcndigte Walkie-Talkie einen prominenten Platz ein. Apple Watch: Die Walkie-Talkie-Ank\u00fcndigung von 2014 Bereits in der \u00dcberschrift macht Apple auf die &#8222;leistungsstarke Kommunikationsfunktion&#8220; aufmerksam und erinnert uns damit an die Vorstellung der Apple Watch auf Apples September-Event 2014. Schon damals versprach Apple die baldige Verf\u00fcgbarkeit [&hellip;]<\/p>\n","protected":false},"author":1,"featured_media":126918,"comment_status":"open","ping_status":"closed","sticky":false,"template":"","format":"standard","meta":{"footnotes":""},"categories":[1],"tags":[2759,4363,3218],"class_list":["post-126915","post","type-post","status-publish","format-standard","has-post-thumbnail","hentry","category-news","tag-apple-watch","tag-wachtos-5","tag-walkie-talkie"],"aioseo_notices":[],"subheadline":["Nicht f\u00fcr China und Pakistan"],"featured_image":["https:\/\/images.iphone-ticker.de\/wp-content\/uploads\/2018\/06\/walkie-talkie-1.jpg"],"rest_api_enabler":{"subheadline":"Nicht f\u00fcr China und Pakistan","featured_image":"https:\/\/images.iphone-ticker.de\/wp-content\/uploads\/2018\/06\/walkie-talkie-1.jpg"},"_links":{"self":[{"href":"https:\/\/www.iphone-ticker.de\/apiv2\/wp\/v2\/posts\/126915","targetHints":{"allow":["GET"]}}],"collection":[{"href":"https:\/\/www.iphone-ticker.de\/apiv2\/wp\/v2\/posts"}],"about":[{"href":"https:\/\/www.iphone-ticker.de\/apiv2\/wp\/v2\/types\/post"}],"author":[{"embeddable":true,"href":"https:\/\/www.iphone-ticker.de\/apiv2\/wp\/v2\/users\/1"}],"replies":[{"embeddable":true,"href":"https:\/\/www.iphone-ticker.de\/apiv2\/wp\/v2\/comments?post=126915"}],"version-history":[{"count":2,"href":"https:\/\/www.iphone-ticker.de\/apiv2\/wp\/v2\/posts\/126915\/revisions"}],"predecessor-version":[{"id":126919,"href":"https:\/\/www.iphone-ticker.de\/apiv2\/wp\/v2\/posts\/126915\/revisions\/126919"}],"wp:featuredmedia":[{"embeddable":true,"href":"https:\/\/www.iphone-ticker.de\/apiv2\/wp\/v2\/media\/126918"}],"wp:attachment":[{"href":"https:\/\/www.iphone-ticker.de\/apiv2\/wp\/v2\/media?parent=126915"}],"wp:term":[{"taxonomy":"category","embeddable":true,"href":"https:\/\/www.iphone-ticker.de\/apiv2\/wp\/v2\/categories?post=126915"},{"taxonomy":"post_tag","embeddable":true,"href":"https:\/\/www.iphone-ticker.de\/apiv2\/wp\/v2\/tags?post=126915"}],"curies":[{"name":"wp","href":"https:\/\/api.w.org\/{rel}","templated":true}]}}