{"id":126604,"date":"2018-05-29T18:17:36","date_gmt":"2018-05-29T16:17:36","guid":{"rendered":"https:\/\/www.iphone-ticker.de\/?p=126604"},"modified":"2018-05-29T18:30:31","modified_gmt":"2018-05-29T16:30:31","slug":"homepod-details-verkaufspreis-bei-349-euro-kalender-funktion-kommt-spaeter","status":"publish","type":"post","link":"https:\/\/www.iphone-ticker.de\/homepod-details-verkaufspreis-bei-349-euro-kalender-funktion-kommt-spaeter-126604\/","title":{"rendered":"Weitere HomePod-Details: Verkaufspreis bei 349 Euro, Kalender-Funktion kommt sp\u00e4ter"},"content":{"rendered":"<p>Dass sich der HomePod in 20 Tagen auch in Deutschland kaufen l\u00e4sst und iOS 11.4 noch heute Abend ver\u00f6ffentlicht werden soll, kann inzwischen nicht nur <a href=\"https:\/\/www.ifun.de\/ios-11-4-kommt-heute-der-homepod-in-20-tagen-122740\/\">hier<\/a> sondern auch <a href=\"https:\/\/www.apple.com\/de\/newsroom\/2018\/05\/ios-11-4-brings-stereo-pairs-and-multi-room-audio-with-airplay-2\/\">direkt bei Apple<\/a> nachgelesen werden. <\/p>\n<p><a href=\"https:\/\/images.iphone-ticker.de\/wp-content\/uploads\/2018\/05\/homepod-small.jpg\"><img decoding=\"async\" src=\"https:\/\/images.iphone-ticker.de\/wp-content\/uploads\/2018\/05\/homepod-small.jpg\" alt=\"Homepod Small\" width=\"500\" class=\"aligncenter size-full wp-image-126605\" srcset=\"https:\/\/images.iphone-ticker.de\/wp-content\/uploads\/2018\/05\/homepod-small.jpg 1000w, https:\/\/images.iphone-ticker.de\/wp-content\/uploads\/2018\/05\/homepod-small-150x150.jpg 150w, https:\/\/images.iphone-ticker.de\/wp-content\/uploads\/2018\/05\/homepod-small-300x300.jpg 300w\" sizes=\"(max-width: 1000px) 100vw, 1000px\" \/><\/a><\/p>\n<p>So hat der Konzern jetzt auch eine offizielle Pressemitteilung zu den beiden wichtigen Terminen ausgegeben in der Cupertino auf weitere Details eingeht. <\/p>\n<h2>Verkaufspreis 349 Euro<\/h2>\n<p>Zu seinem deutschen Marktstart am 18. Juni soll der HomePod f\u00fcr 349 Euro angeboten werden. Apple legt damit einen eher untypischen 1:1-Umrechnungskurs an. Andere Peripherie-Produkte des Unternehmens, etwa das aktuelle Magic Keyboard mit Ziffernblock, werden hierzulande mit einem deutlich Aufschlag (149 Euro statt $129) verkauft. <\/p>\n<h2>Kalender-Funktion kommt sp\u00e4ter<\/h2>\n<p>Mit der heutigen Ausgabe von iOS 11.4 wird Apple die HomePods amerikanischer Nutzer erstmals auch mit dem iCloud-Kalender verkn\u00fcpfen. Deutsche Anwender k\u00f6nnen die Funktion zum Verkaufsstart jedoch noch nicht nutzen. Laut Cupertino soll das Feature erst sp\u00e4ter im Jahr zur Verf\u00fcgung stehen: <\/p>\n<blockquote><p>Wenn pers\u00f6nliche Anfragen auf dem HomePod aktiviert sind, kann Siri Nachrichten senden, Erinnerungen und Notizen hinzuf\u00fcgen und Kalendereintr\u00e4ge pr\u00fcfen. Unterst\u00fctzung von Kalenderfunktionen wird noch in diesem Jahr in Deutschland, Frankreich und Kanada verf\u00fcgbar sein.<\/p><\/blockquote>\n<h2>AirPlay 2 f\u00fcr Drittanbieter<\/h2>\n<p>In der Pressemitteilung geht Apple noch mal spezifisch auf die AirPlay 2-Unterst\u00fctzung von Drittanbietern ein. Ein Punkt, der Hoffnung auf den baldigen Rollout entsprechender Firmware-Aktualisierungen macht. Unter anderem hatte <a href=\"https:\/\/www.ifun.de\/airplay-2-nur-drei-sonos-geraete-bieten-unterstuetzung-121565\/\">Sonos angek\u00fcndigt<\/a> seine Multiroom-Lautsprecher mit einem AirPLay-Update zu versehen. <\/p>\n<blockquote><p>Genau wie iPhone und iPad kann HomePod mit anderen AirPlay 2-f\u00e4higen Lautsprechern kommunizieren, sobald diese verf\u00fcgbar sind, so dass Siri die Musikwiedergabe \u00fcber Lautsprecher von Bang &#038; Olufsen, Bluesound, Bose, Bowers &#038; Wilkins, Denon, Libratone, Marantz, Marshall, Naim, Pioneer oder Sonos steuern kann. <\/p><\/blockquote>\n","protected":false},"excerpt":{"rendered":"<a href=\"https:\/\/www.iphone-ticker.de\/homepod-details-verkaufspreis-bei-349-euro-kalender-funktion-kommt-spaeter-126604\/\"><img width=\"150\" height=\"150\" src=\"https:\/\/images.iphone-ticker.de\/wp-content\/uploads\/2018\/05\/homepod-familie-150x150.jpg\" class=\"alignright tfe wp-post-image\" alt=\"Homepod Familie\" decoding=\"async\" loading=\"lazy\" \/><\/a><p>Dass sich der HomePod in 20 Tagen auch in Deutschland kaufen l\u00e4sst und iOS 11.4 noch heute Abend ver\u00f6ffentlicht werden soll, kann inzwischen nicht nur hier sondern auch direkt bei Apple nachgelesen werden. So hat der Konzern jetzt auch eine offizielle Pressemitteilung zu den beiden wichtigen Terminen ausgegeben in der Cupertino auf weitere Details eingeht. [&hellip;]<\/p>\n","protected":false},"author":1,"featured_media":126606,"comment_status":"open","ping_status":"closed","sticky":false,"template":"","format":"standard","meta":{"footnotes":""},"categories":[1],"tags":[3912,48,3927,713,49],"class_list":["post-126604","post","type-post","status-publish","format-standard","has-post-thumbnail","hentry","category-news","tag-apple","tag-geld","tag-homepod","tag-sonos","tag-zahlen"],"aioseo_notices":[],"featured_image":["https:\/\/images.iphone-ticker.de\/wp-content\/uploads\/2018\/05\/homepod-familie.jpg"],"subheadline":["AirPlay 2 f\u00fcr Drittanbieter"],"rest_api_enabler":{"featured_image":"https:\/\/images.iphone-ticker.de\/wp-content\/uploads\/2018\/05\/homepod-familie.jpg","subheadline":"AirPlay 2 f\u00fcr Drittanbieter"},"_links":{"self":[{"href":"https:\/\/www.iphone-ticker.de\/apiv2\/wp\/v2\/posts\/126604","targetHints":{"allow":["GET"]}}],"collection":[{"href":"https:\/\/www.iphone-ticker.de\/apiv2\/wp\/v2\/posts"}],"about":[{"href":"https:\/\/www.iphone-ticker.de\/apiv2\/wp\/v2\/types\/post"}],"author":[{"embeddable":true,"href":"https:\/\/www.iphone-ticker.de\/apiv2\/wp\/v2\/users\/1"}],"replies":[{"embeddable":true,"href":"https:\/\/www.iphone-ticker.de\/apiv2\/wp\/v2\/comments?post=126604"}],"version-history":[{"count":2,"href":"https:\/\/www.iphone-ticker.de\/apiv2\/wp\/v2\/posts\/126604\/revisions"}],"predecessor-version":[{"id":126608,"href":"https:\/\/www.iphone-ticker.de\/apiv2\/wp\/v2\/posts\/126604\/revisions\/126608"}],"wp:featuredmedia":[{"embeddable":true,"href":"https:\/\/www.iphone-ticker.de\/apiv2\/wp\/v2\/media\/126606"}],"wp:attachment":[{"href":"https:\/\/www.iphone-ticker.de\/apiv2\/wp\/v2\/media?parent=126604"}],"wp:term":[{"taxonomy":"category","embeddable":true,"href":"https:\/\/www.iphone-ticker.de\/apiv2\/wp\/v2\/categories?post=126604"},{"taxonomy":"post_tag","embeddable":true,"href":"https:\/\/www.iphone-ticker.de\/apiv2\/wp\/v2\/tags?post=126604"}],"curies":[{"name":"wp","href":"https:\/\/api.w.org\/{rel}","templated":true}]}}