{"id":126450,"date":"2018-05-25T08:47:33","date_gmt":"2018-05-25T06:47:33","guid":{"rendered":"https:\/\/www.iphone-ticker.de\/?p=126450"},"modified":"2018-05-25T08:59:05","modified_gmt":"2018-05-25T06:59:05","slug":"icloud-speicherplaene-kuenftig-kostenloser-probemonat","status":"publish","type":"post","link":"https:\/\/www.iphone-ticker.de\/icloud-speicherplaene-kuenftig-kostenloser-probemonat-126450\/","title":{"rendered":"iCloud-Speicherpl\u00e4ne: K\u00fcnftig kostenloser Probemonat"},"content":{"rendered":"<p>Apple wird offenbar k\u00fcnftig kostenlose Probemonate f\u00fcr Cloud-Speicher-Upgrades anbieten. Bei der Auswahl eines gr\u00f6\u00dferen <a href=\"https:\/\/support.apple.com\/de-de\/HT201238\">iCloud-Speicherplans<\/a> wird der erste Monat k\u00fcnftig nicht berechnet. Dies legt ein von der amerikanischen Webseite <a href=\"https:\/\/appleinsider.com\/articles\/18\/05\/24\/apple-promotes-free-month-of-upgraded-icloud-storage-to-non-paying-users\">AppleInsider<\/a> ver\u00f6ffentlichter Screenshot nahe. Wir konnten die \u00c4nderung mit einem deutschen Apple-Konto bislang nicht nachvollziehen.<\/p>\n<p><a href=\"https:\/\/images.iphone-ticker.de\/wp-content\/uploads\/2018\/05\/apple-speicher.jpg\"><img loading=\"lazy\" decoding=\"async\" src=\"https:\/\/images.iphone-ticker.de\/wp-content\/uploads\/2018\/05\/apple-speicher.jpg\" alt=\"Apple Speicher\" width=\"500\" height=\"340\" class=\"alignnone size-full wp-image-126451\" srcset=\"https:\/\/images.iphone-ticker.de\/wp-content\/uploads\/2018\/05\/apple-speicher.jpg 500w, https:\/\/images.iphone-ticker.de\/wp-content\/uploads\/2018\/05\/apple-speicher-300x204.jpg 300w\" sizes=\"auto, (max-width: 500px) 100vw, 500px\" \/><\/a><\/p>\n<h6>Bild: AppleInsider<\/h6>\n<p>Apples kostenlose 5 GB iCloud-Speicherplatz pro Nutzer sind knapp bemessen, insbesondere wenn man mehrere Apple-Ger\u00e4te sein eigen nennt. Somit ist das Upgrade auf die Angebote mit 50 GB oder 200 GB f\u00fcr viele Nutzer unumg\u00e4nglich. Erfreulicherweise lassen sich gr\u00f6\u00dfere Speicherpl\u00e4ne ja nun auch <a href=\"https:\/\/www.iphone-ticker.de\/icloud-speicher-mit-anderen-familienmitgliedern-teilen-121597\/\" title=\"iCloud-Speicher mit anderen Familienmitgliedern teilen\">mit anderen Familienmitgliedern teilen<\/a>.<\/p>\n<p>Bislang wird bei der Auswahl eines gr\u00f6\u00dferen Speicherplans die neue Monatsgeb\u00fchr ja sofort f\u00e4llig. Die nun in den USA aufgetauchte \u00c4nderung legt allerdings nahe, dass Apple hier k\u00fcnftig einen Probemonat \u201espendiert\u201c, und der Abo-Preis erst nach dieser \u00dcbergangsfrist f\u00e4llig wird.<\/p>\n<p>M\u00f6glicherweise deutet dies ja auch auf grunds\u00e4tzliche \u00c4nderungen im Zusammenhang mit dem iCloud-Speicherangebot hin. So w\u00e4re beispielsweise ein Angebot, das sich an der Zahl der pro Nutzer angemeldeten Ger\u00e4te ausrichtet, eine kundenfreundliche Geste. F\u00fcr eine entsprechende Ank\u00fcndigung w\u00e4re die in zehn Tagen beginnende Entwicklerkonferenz WWDC 2018 ein geeigneter Rahmen.<\/p>\n<h3>Passend zum Thema:<\/h3>\n<ul>\n<li><a href=\"https:\/\/www.ifun.de\/icloud-speicherplatz-die-kostenlosen-5-gb-sind-ein-witz-118142\/\" title=\"iCloud-Speicherplatz: Die kostenlosen 5 GB sind ein Witz\">iCloud-Speicherplatz: Die kostenlosen 5 GB sind ein Witz<\/a><\/li>\n<\/ul>\n","protected":false},"excerpt":{"rendered":"<a href=\"https:\/\/www.iphone-ticker.de\/icloud-speicherplaene-kuenftig-kostenloser-probemonat-126450\/\"><img width=\"150\" height=\"150\" src=\"https:\/\/images.iphone-ticker.de\/wp-content\/uploads\/2018\/05\/apple-speicher-150x150.jpg\" class=\"alignright tfe wp-post-image\" alt=\"Apple Speicher\" decoding=\"async\" loading=\"lazy\" \/><\/a><p>Apple wird offenbar k\u00fcnftig kostenlose Probemonate f\u00fcr Cloud-Speicher-Upgrades anbieten. Bei der Auswahl eines gr\u00f6\u00dferen iCloud-Speicherplans wird der erste Monat k\u00fcnftig nicht berechnet. Dies legt ein von der amerikanischen Webseite AppleInsider ver\u00f6ffentlichter Screenshot nahe. Wir konnten die \u00c4nderung mit einem deutschen Apple-Konto bislang nicht nachvollziehen. Bild: AppleInsider Apples kostenlose 5 GB iCloud-Speicherplatz pro Nutzer sind knapp [&hellip;]<\/p>\n","protected":false},"author":2,"featured_media":126451,"comment_status":"open","ping_status":"closed","sticky":false,"template":"","format":"standard","meta":{"footnotes":""},"categories":[1],"tags":[3912,846,497],"class_list":["post-126450","post","type-post","status-publish","format-standard","has-post-thumbnail","hentry","category-news","tag-apple","tag-icloud","tag-speicher"],"aioseo_notices":[],"subheadline":["Apple will Upgrade erleichtern"],"featured_image":["https:\/\/images.ifun.de\/wp-content\/uploads\/2018\/01\/icloud-header.jpg"],"rest_api_enabler":{"subheadline":"Apple will Upgrade erleichtern","featured_image":"https:\/\/images.ifun.de\/wp-content\/uploads\/2018\/01\/icloud-header.jpg"},"_links":{"self":[{"href":"https:\/\/www.iphone-ticker.de\/apiv2\/wp\/v2\/posts\/126450","targetHints":{"allow":["GET"]}}],"collection":[{"href":"https:\/\/www.iphone-ticker.de\/apiv2\/wp\/v2\/posts"}],"about":[{"href":"https:\/\/www.iphone-ticker.de\/apiv2\/wp\/v2\/types\/post"}],"author":[{"embeddable":true,"href":"https:\/\/www.iphone-ticker.de\/apiv2\/wp\/v2\/users\/2"}],"replies":[{"embeddable":true,"href":"https:\/\/www.iphone-ticker.de\/apiv2\/wp\/v2\/comments?post=126450"}],"version-history":[{"count":2,"href":"https:\/\/www.iphone-ticker.de\/apiv2\/wp\/v2\/posts\/126450\/revisions"}],"predecessor-version":[{"id":126453,"href":"https:\/\/www.iphone-ticker.de\/apiv2\/wp\/v2\/posts\/126450\/revisions\/126453"}],"wp:featuredmedia":[{"embeddable":true,"href":"https:\/\/www.iphone-ticker.de\/apiv2\/wp\/v2\/media\/126451"}],"wp:attachment":[{"href":"https:\/\/www.iphone-ticker.de\/apiv2\/wp\/v2\/media?parent=126450"}],"wp:term":[{"taxonomy":"category","embeddable":true,"href":"https:\/\/www.iphone-ticker.de\/apiv2\/wp\/v2\/categories?post=126450"},{"taxonomy":"post_tag","embeddable":true,"href":"https:\/\/www.iphone-ticker.de\/apiv2\/wp\/v2\/tags?post=126450"}],"curies":[{"name":"wp","href":"https:\/\/api.w.org\/{rel}","templated":true}]}}