{"id":125879,"date":"2018-05-09T17:27:18","date_gmt":"2018-05-09T15:27:18","guid":{"rendered":"https:\/\/www.iphone-ticker.de\/?p=125879"},"modified":"2018-05-09T17:27:18","modified_gmt":"2018-05-09T15:27:18","slug":"face-id-und-sonnenbrille-ein-ausflug-in-die-einstellungen-kann-helfen","status":"publish","type":"post","link":"https:\/\/www.iphone-ticker.de\/face-id-und-sonnenbrille-ein-ausflug-in-die-einstellungen-kann-helfen-125879\/","title":{"rendered":"Face ID und Sonnenbrille: Ein Ausflug in die Einstellungen kann helfen"},"content":{"rendered":"<p>Ein Tipp f\u00fcr f\u00fcr Besitzer eines iPhone X, die beim Tragen einer Sonnenbrille Probleme mit der Gesichtserkennung haben: Habt ihr die Aufmerksamkeitspr\u00fcfung abgestellt?<\/p>\n<p><a href=\"https:\/\/images.iphone-ticker.de\/wp-content\/uploads\/2018\/05\/face-id-aufmerksamkeitspruefung.jpg\"><img loading=\"lazy\" decoding=\"async\" src=\"https:\/\/images.iphone-ticker.de\/wp-content\/uploads\/2018\/05\/face-id-aufmerksamkeitspruefung.jpg\" alt=\"Face Id Aufmerksamkeitspruefung\" width=\"500\" height=\"468\" class=\"alignnone size-full wp-image-125886\" srcset=\"https:\/\/images.iphone-ticker.de\/wp-content\/uploads\/2018\/05\/face-id-aufmerksamkeitspruefung.jpg 500w, https:\/\/images.iphone-ticker.de\/wp-content\/uploads\/2018\/05\/face-id-aufmerksamkeitspruefung-300x281.jpg 300w\" sizes=\"auto, (max-width: 500px) 100vw, 500px\" \/><\/a><\/p>\n<p>Wenngleich Face ID nicht mit allen Sonnenbrillen klar kommt &#8211; Apple hat diese Einschr\u00e4nkung von Beginn an kommuniziert &#8211; nomalerweise klappt es mit einem gro\u00dfen Teil der dieser Tage auf den Nasen der iPhone-Besitzer sitzenden Modelle. Was viele Nutzer aber vergessen oder gar nicht wissen: Die sogenannte Aufmerksamkeitspr\u00fcfung wird durch die Sonnenbrille unter Umst\u00e4nden verhindert und dementsprechend kann sich das iPhone nicht entsperen.<\/p>\n<p>Sehr dunkle oder verspiegelte Gl\u00e4ser k\u00f6nnen zur Folge haben, dass Face ID nicht erkennt, ob die Augen ge\u00f6ffnet sind und auf das iPhone blicken. Beides ist allerdings Voraussetzung daf\u00fcr, dass Face ID das iPhone entsperrt &#8211; zumindest solange die Funktion nicht deaktiviert wird.<\/p>\n<p>Den entsprechenden Schalter findet ihr in den Einstellungen \u201eFace ID &amp; Code\u201c. Nehmt allerdings zur Kenntnis, dass ihr mit dem Deaktivieren dieser Funktion auch die Sicherheit von Face ID entsprechend reduziert.<\/p>\n<p><h8>Danke benklein<\/h8><\/p>\n","protected":false},"excerpt":{"rendered":"<a href=\"https:\/\/www.iphone-ticker.de\/face-id-und-sonnenbrille-ein-ausflug-in-die-einstellungen-kann-helfen-125879\/\"><img width=\"150\" height=\"150\" src=\"https:\/\/images.iphone-ticker.de\/wp-content\/uploads\/2018\/05\/face-id-aufmerksamkeitspruefung-150x150.jpg\" class=\"alignright tfe wp-post-image\" alt=\"Face Id Aufmerksamkeitspruefung\" decoding=\"async\" loading=\"lazy\" \/><\/a><p>Ein Tipp f\u00fcr f\u00fcr Besitzer eines iPhone X, die beim Tragen einer Sonnenbrille Probleme mit der Gesichtserkennung haben: Habt ihr die Aufmerksamkeitspr\u00fcfung abgestellt? Wenngleich Face ID nicht mit allen Sonnenbrillen klar kommt &#8211; Apple hat diese Einschr\u00e4nkung von Beginn an kommuniziert &#8211; nomalerweise klappt es mit einem gro\u00dfen Teil der dieser Tage auf den Nasen [&hellip;]<\/p>\n","protected":false},"author":2,"featured_media":125886,"comment_status":"open","ping_status":"closed","sticky":false,"template":"","format":"standard","meta":{"footnotes":""},"categories":[749],"tags":[4057,1139,4337],"class_list":["post-125879","post","type-post","status-publish","format-standard","has-post-thumbnail","hentry","category-iphone-2","tag-face-id","tag-gesichtserkennung","tag-sonnenbrille"],"aioseo_notices":[],"subheadline":["Gesichtserkennung beim iPhone X"],"featured_image":["https:\/\/images.iphone-ticker.de\/wp-content\/uploads\/2018\/05\/sonnenbrille.jpg"],"rest_api_enabler":{"subheadline":"Gesichtserkennung beim iPhone X","featured_image":"https:\/\/images.iphone-ticker.de\/wp-content\/uploads\/2018\/05\/sonnenbrille.jpg"},"_links":{"self":[{"href":"https:\/\/www.iphone-ticker.de\/apiv2\/wp\/v2\/posts\/125879","targetHints":{"allow":["GET"]}}],"collection":[{"href":"https:\/\/www.iphone-ticker.de\/apiv2\/wp\/v2\/posts"}],"about":[{"href":"https:\/\/www.iphone-ticker.de\/apiv2\/wp\/v2\/types\/post"}],"author":[{"embeddable":true,"href":"https:\/\/www.iphone-ticker.de\/apiv2\/wp\/v2\/users\/2"}],"replies":[{"embeddable":true,"href":"https:\/\/www.iphone-ticker.de\/apiv2\/wp\/v2\/comments?post=125879"}],"version-history":[{"count":6,"href":"https:\/\/www.iphone-ticker.de\/apiv2\/wp\/v2\/posts\/125879\/revisions"}],"predecessor-version":[{"id":125887,"href":"https:\/\/www.iphone-ticker.de\/apiv2\/wp\/v2\/posts\/125879\/revisions\/125887"}],"wp:featuredmedia":[{"embeddable":true,"href":"https:\/\/www.iphone-ticker.de\/apiv2\/wp\/v2\/media\/125886"}],"wp:attachment":[{"href":"https:\/\/www.iphone-ticker.de\/apiv2\/wp\/v2\/media?parent=125879"}],"wp:term":[{"taxonomy":"category","embeddable":true,"href":"https:\/\/www.iphone-ticker.de\/apiv2\/wp\/v2\/categories?post=125879"},{"taxonomy":"post_tag","embeddable":true,"href":"https:\/\/www.iphone-ticker.de\/apiv2\/wp\/v2\/tags?post=125879"}],"curies":[{"name":"wp","href":"https:\/\/api.w.org\/{rel}","templated":true}]}}