{"id":125420,"date":"2018-04-26T14:15:12","date_gmt":"2018-04-26T12:15:12","guid":{"rendered":"https:\/\/www.iphone-ticker.de\/?p=125420"},"modified":"2018-04-30T08:42:02","modified_gmt":"2018-04-30T06:42:02","slug":"iphone-se-2-gleicher-formfaktor-aber-drahtlos-laden","status":"publish","type":"post","link":"https:\/\/www.iphone-ticker.de\/iphone-se-2-gleicher-formfaktor-aber-drahtlos-laden-125420\/","title":{"rendered":"iPhone SE 2: Gleicher Formfaktor aber drahtlos laden?"},"content":{"rendered":"<p>Das tschechische Apple-Blog <a href=\"https:\/\/www.letemsvetemapplem.eu\/2018\/04\/26\/objevily-se-prvni-realne-zabery-chystaneho-iphonu-se-2\/#scrollto1000\">LSA<\/a> hat eine Reihe von Fotos ver\u00f6ffentlicht, auf denen angeblich die kommende zweite Generation des iPhone SE zu sehen ist. Die Bilder waren urspr\u00fcnglich auf dem chinesischen Twitter-Pendant Weibo zu sehen und es besteht zumindest die Chance, dass die Aufnahmen tats\u00e4chlich einen Prototyp oder ein aus einem der f\u00fcr Apple t\u00e4tigen Produktionsbetriebe stammendes Ger\u00e4t zeigen.<\/p>\n<p><a href=\"https:\/\/images.iphone-ticker.de\/wp-content\/uploads\/2018\/04\/iphone-se-2-oder-so.jpg\"><img loading=\"lazy\" decoding=\"async\" src=\"https:\/\/images.iphone-ticker.de\/wp-content\/uploads\/2018\/04\/iphone-se-2-oder-so.jpg\" alt=\"Iphone Se 2 Oder So\" width=\"500\" height=\"415\" class=\"alignnone size-full wp-image-125422\" srcset=\"https:\/\/images.iphone-ticker.de\/wp-content\/uploads\/2018\/04\/iphone-se-2-oder-so.jpg 500w, https:\/\/images.iphone-ticker.de\/wp-content\/uploads\/2018\/04\/iphone-se-2-oder-so-300x249.jpg 300w\" sizes=\"auto, (max-width: 500px) 100vw, 500px\" \/><\/a><\/p>\n<p>Das \u00c4u\u00dfere des Ger\u00e4ts bliebe wenn dem so w\u00e4re weitgehend unver\u00e4ndert, mit einer gl\u00e4sernen R\u00fcckseite ausgestattet k\u00f6nnte das neue iPhone SE allerdings ebenso wie die zuletzt vorgestellten iPhone-Modelle mit einer drahtlosen Ladefunktion ausgestattet sein.<\/p>\n<p>Interessanterweise verzichtet Apple, sofern die Aufnahmen authentisch sind, nicht auf den Ohrh\u00f6reranschluss. Mit Blick auf die Platzierung als preislich attraktives Einsteigerger\u00e4t sicherlich nicht die schlechteste Entscheidung.<\/p>\n<p>Ebenfalls erhalten bleiben w\u00fcrde uns bei diesem Design die mit der R\u00fcckseite b\u00fcndig abschlie\u00dfende Kamera. Damit bliebe das Ger\u00e4t auch der beste Freund der in iOS integrierten Wasserwaage.<\/p>\n<p><div class=\"responsive-video\"><iframe loading=\"lazy\" width=\"700\" height=\"371\" src=\"https:\/\/www.youtube-nocookie.com\/embed\/_BH2G0oNyhk\" frameborder=\"0\" allowfullscreen><\/iframe><\/div><\/p>\n","protected":false},"excerpt":{"rendered":"<a href=\"https:\/\/www.iphone-ticker.de\/iphone-se-2-gleicher-formfaktor-aber-drahtlos-laden-125420\/\"><img width=\"150\" height=\"150\" src=\"https:\/\/images.iphone-ticker.de\/wp-content\/uploads\/2018\/04\/iphone-se-2-vielleicht-150x150.jpg\" class=\"alignright tfe wp-post-image\" alt=\"Iphone Se 2 Vielleicht\" decoding=\"async\" loading=\"lazy\" \/><\/a><p>Das tschechische Apple-Blog LSA hat eine Reihe von Fotos ver\u00f6ffentlicht, auf denen angeblich die kommende zweite Generation des iPhone SE zu sehen ist. Die Bilder waren urspr\u00fcnglich auf dem chinesischen Twitter-Pendant Weibo zu sehen und es besteht zumindest die Chance, dass die Aufnahmen tats\u00e4chlich einen Prototyp oder ein aus einem der f\u00fcr Apple t\u00e4tigen Produktionsbetriebe [&hellip;]<\/p>\n","protected":false},"author":2,"featured_media":125424,"comment_status":"open","ping_status":"closed","sticky":false,"template":"","format":"standard","meta":{"footnotes":""},"categories":[749],"tags":[4318],"class_list":["post-125420","post","type-post","status-publish","format-standard","has-post-thumbnail","hentry","category-iphone-2","tag-iphone-se-2"],"aioseo_notices":[],"subheadline":["Neues Video aufgetaucht"],"featured_image":["https:\/\/images.iphone-ticker.de\/wp-content\/uploads\/2018\/04\/iphone-se-2-vielleicht.jpg"],"rest_api_enabler":{"subheadline":"Neues Video aufgetaucht","featured_image":"https:\/\/images.iphone-ticker.de\/wp-content\/uploads\/2018\/04\/iphone-se-2-vielleicht.jpg"},"_links":{"self":[{"href":"https:\/\/www.iphone-ticker.de\/apiv2\/wp\/v2\/posts\/125420","targetHints":{"allow":["GET"]}}],"collection":[{"href":"https:\/\/www.iphone-ticker.de\/apiv2\/wp\/v2\/posts"}],"about":[{"href":"https:\/\/www.iphone-ticker.de\/apiv2\/wp\/v2\/types\/post"}],"author":[{"embeddable":true,"href":"https:\/\/www.iphone-ticker.de\/apiv2\/wp\/v2\/users\/2"}],"replies":[{"embeddable":true,"href":"https:\/\/www.iphone-ticker.de\/apiv2\/wp\/v2\/comments?post=125420"}],"version-history":[{"count":5,"href":"https:\/\/www.iphone-ticker.de\/apiv2\/wp\/v2\/posts\/125420\/revisions"}],"predecessor-version":[{"id":125515,"href":"https:\/\/www.iphone-ticker.de\/apiv2\/wp\/v2\/posts\/125420\/revisions\/125515"}],"wp:featuredmedia":[{"embeddable":true,"href":"https:\/\/www.iphone-ticker.de\/apiv2\/wp\/v2\/media\/125424"}],"wp:attachment":[{"href":"https:\/\/www.iphone-ticker.de\/apiv2\/wp\/v2\/media?parent=125420"}],"wp:term":[{"taxonomy":"category","embeddable":true,"href":"https:\/\/www.iphone-ticker.de\/apiv2\/wp\/v2\/categories?post=125420"},{"taxonomy":"post_tag","embeddable":true,"href":"https:\/\/www.iphone-ticker.de\/apiv2\/wp\/v2\/tags?post=125420"}],"curies":[{"name":"wp","href":"https:\/\/api.w.org\/{rel}","templated":true}]}}